{"id":88724,"date":"2026-03-15T17:33:27","date_gmt":"2026-03-15T16:33:27","guid":{"rendered":"https:\/\/charleroi-pourlapalestine.be\/?p=88724"},"modified":"2026-03-15T17:33:27","modified_gmt":"2026-03-15T16:33:27","slug":"comment-les-regimes-arabes-ont-mise-sur-letat-genocidaire-disrael-et-ont-perdu","status":"publish","type":"post","link":"https:\/\/charleroi-pourlapalestine.be\/index.php\/2026\/03\/15\/comment-les-regimes-arabes-ont-mise-sur-letat-genocidaire-disrael-et-ont-perdu\/","title":{"rendered":"Comment les r\u00e9gimes arabes ont mis\u00e9 sur l&rsquo;\u00c9tat g\u00e9nocidaire d&rsquo;Isra\u00ebl et ont perdu"},"content":{"rendered":"<p>Les r\u00e9gimes arabes ont calcul\u00e9 erron\u00e9ment qu&rsquo;ils pourraient b\u00e9n\u00e9ficier de la prosp\u00e9rit\u00e9 et de la tranquillit\u00e9 par le biais d&rsquo;une alliance avec Tel-Aviv et Washington dans le m\u00eame temps que seuls les Palestiniens et tous ceux qui les soutiennent en ont pay\u00e9 le prix de leur sang et via un g\u00e9nocide.<\/p>\n<p>&nbsp;<\/p>\n<div id=\"attachment_88725\" style=\"width: 710px\" class=\"wp-caption aligncenter\"><img loading=\"lazy\" decoding=\"async\" aria-describedby=\"caption-attachment-88725\" class=\"wp-image-88725 size-large\" src=\"https:\/\/charleroi-pourlapalestine.be\/wp-content\/uploads\/2026\/03\/Bahrein-700x461.png\" alt=\"Comment les r\u00e9gimes arabes ont mis\u00e9 sur l'\u00c9tat g\u00e9nocidaire d'Isra\u00ebl et ont perdu. Photo : De la fum\u00e9e s'\u00e9l\u00e8ve apr\u00e8s que l'Iran a lanc\u00e9 un missile visant le quartier g\u00e9n\u00e9ral de la Cinqui\u00e8me Flotte de la marine de guerre am\u00e9ricaine \u00e0 Manama, Bahre\u00efn, le 28 f\u00e9vrier. (Photo : Anadolu Images)\" width=\"700\" height=\"461\" srcset=\"https:\/\/charleroi-pourlapalestine.be\/wp-content\/uploads\/2026\/03\/Bahrein-700x461.png 700w, https:\/\/charleroi-pourlapalestine.be\/wp-content\/uploads\/2026\/03\/Bahrein-350x231.png 350w, https:\/\/charleroi-pourlapalestine.be\/wp-content\/uploads\/2026\/03\/Bahrein-768x506.png 768w, https:\/\/charleroi-pourlapalestine.be\/wp-content\/uploads\/2026\/03\/Bahrein.png 1027w\" sizes=\"auto, (max-width: 700px) 100vw, 700px\" \/><p id=\"caption-attachment-88725\" class=\"wp-caption-text\"><strong>De la fum\u00e9e s&rsquo;\u00e9l\u00e8ve apr\u00e8s que l&rsquo;Iran a lanc\u00e9 un missile visant le quartier g\u00e9n\u00e9ral de la Cinqui\u00e8me Flotte de la marine de guerre am\u00e9ricaine \u00e0 Manama, Bahre\u00efn, le 28 f\u00e9vrier.<\/strong> (Photo : Anadolu Images)<\/p><\/div>\n<p>&nbsp;<\/p>\n<p>Ali Abunimah, 13 mars 2026<\/p>\n<p>&nbsp;<\/p>\n<p>Depuis que les \u00c9tats-Unis et Isra\u00ebl ont lanc\u00e9 leur guerre contre l&rsquo;Iran, le 28 f\u00e9vrier, le peuple iranien subit une agression d\u00e9vastatrice.<\/p>\n<p>Les agresseurs bombardent des<a href=\"https:\/\/www.aljazeera.com\/video\/newsfeed\/2026\/3\/2\/baby-and-patients-evacuated-as-israel-attacks-tehran-hospital\" target=\"_blank\" rel=\"noopener\"> h\u00f4pitaux<\/a>, des \u00e9coles et d&rsquo;autres<a href=\"https:\/\/www.thenation.com\/article\/society\/azadi-stadium-iran-us-israel-destruction\/\" target=\"_blank\" rel=\"noopener\"> infrastructures civiles<\/a> dans l&rsquo;espoir de briser sa d\u00e9termination.<\/p>\n<p>Ils ont endommag\u00e9 des sites culturels historiques de <a href=\"https:\/\/www.artnews.com\/art-news\/news\/golestan-palace-tehran-damaged-us-israel-bombing-1234775457\/\" target=\"_blank\" rel=\"noopener\">T\u00e9h\u00e9ran<\/a> \u00e0<a href=\"https:\/\/www.theguardian.com\/world\/2026\/mar\/12\/dismay-as-ancient-heritage-sites-across-iran-damaged-in-us-israel-bombing\" target=\"_blank\" rel=\"noopener\"> Ispahan<\/a>, alors que leurs frappes sur les d\u00e9p\u00f4ts de p\u00e9trole ont rempli le ciel de fum\u00e9es toxiques.<\/p>\n<p>Plus de 1 300 personnes ont \u00e9t\u00e9 tu\u00e9es et plus de 15 000 bless\u00e9es.<\/p>\n<p>Malgr\u00e9 ce tribut, <a href=\"https:\/\/x.com\/PressTV\/status\/2032410179652710632?ref_src=twsrc%5Etfw%7Ctwcamp%5Etweetembed%7Ctwterm%5E2032410179652710632%7Ctwgr%5Ed05a858d33ca934226aefe1db1b99eb16562ca5d%7Ctwcon%5Es1_&amp;ref_url=https%3A%2F%2Felectronicintifada.net%2Fblogs%2Fali-abunimah%2Fhow-arab-regimes-bet-genocidal-israel-and-lost\" target=\"_blank\" rel=\"noopener\">le peuple iranien et ses dirigeants<\/a> se sont pr\u00e9sent\u00e9s en masse aux d\u00e9fil\u00e9s de <a href=\"https:\/\/charleroi-pourlapalestine.be\/index.php\/2026\/03\/13\/journee-internationale-dal-qods-2026-appel-a-laction-pour-al-qods-la-palestine-le-liban-liran-et-lhumanite\/\"><strong>la Journ\u00e9e annuelle d&rsquo;Al-Qods<\/strong><\/a> afin de d\u00e9fier l&rsquo;agression.<\/p>\n<blockquote class=\"twitter-tweet\" data-width=\"500\" data-dnt=\"true\">\n<p lang=\"en\" dir=\"ltr\">Iran&#39;s President Pezeshkian attends International Quds rallies in Tehran, takes selfies with people attending the event. <\/p>\n<p>Follow: <a href=\"https:\/\/t.co\/mLGcUTS2ei\">https:\/\/t.co\/mLGcUTS2ei<\/a> <a href=\"https:\/\/t.co\/CET2mQFAli\">pic.twitter.com\/CET2mQFAli<\/a><\/p>\n<p>&mdash; Press TV \ud83d\udd3b (@PressTV) <a href=\"https:\/\/twitter.com\/PressTV\/status\/2032408429457752433?ref_src=twsrc%5Etfw\">March 13, 2026<\/a><\/p><\/blockquote>\n<p><script async src=\"https:\/\/platform.twitter.com\/widgets.js\" charset=\"utf-8\"><\/script><\/p>\n<p>&nbsp;<\/p>\n<p>L&rsquo;Iran, de son c\u00f4t\u00e9, continue de riposter avec des <a href=\"https:\/\/www.youtube.com\/watch?v=Fd7Zg63rsNU\" target=\"_blank\" rel=\"noopener\">effets d\u00e9vastateurs<\/a> contre des cibles isra\u00e9liennes et les bases am\u00e9ricaines dans la r\u00e9gion.<\/p>\n<p>Au moment o\u00f9 la guerre bat son plein, il est utile de se poser une question plus profonde : Quelle politique pourrait en fait assurer la s\u00e9curit\u00e9 aux pays et peuples de la r\u00e9gion ?<\/p>\n<p>Comme je l&rsquo;ai expliqu\u00e9 dans <a href=\"https:\/\/www.youtube.com\/watch?v=eWMUf9W7HMg\" target=\"_blank\" rel=\"noopener\">un extrait<\/a> du livestream de <em>The Electronic Intifada<\/em>, le 12 mars, deux visions totalement diff\u00e9rentes s&rsquo;opposent actuellement. D&rsquo;un c\u00f4t\u00e9, il y a les \u00c9tats arabes qui ont li\u00e9 leur sort aux \u00c9tats-Unis et \u00e0 Isra\u00ebl.<\/p>\n<p>De l&rsquo;autre, il y a l&rsquo;Iran, qui pr\u00e9tend qu&rsquo;inviter Isra\u00ebl et les \u00c9tats-Unis dans la r\u00e9gion est pr\u00e9cis\u00e9ment ce qui produit l&rsquo;instabilit\u00e9 et la guerre.<\/p>\n<p>Je commentais \u00e9galement l&rsquo;adoption le 12 mars d&rsquo;une <a href=\"https:\/\/press.un.org\/en\/2026\/sc16315.doc.htm\" target=\"_blank\" rel=\"noopener\">r\u00e9solution<\/a> du Conseil de s\u00e9curit\u00e9 de l&rsquo;ONU qui condamne les frappes de repr\u00e9sailles de l&rsquo;Iran sans mentionner l&rsquo;agression am\u00e9ricano-isra\u00e9lienne en cours ni l&rsquo;assassinat du dirigeant iranien, l&rsquo;ayatollah Ali Khamenei.<\/p>\n<p>Vous pouvez visionner la totalit\u00e9 de ce passage dans la vid\u00e9o ci-dessous.<\/p>\n<p>&nbsp;<\/p>\n<h3>Fier de prot\u00e9ger Isra\u00ebl<\/h3>\n<p>On a pu se faire un aper\u00e7u r\u00e9v\u00e9lateur des calculs des r\u00e9gimes arabes en juillet 2024, lors d&rsquo;une <a href=\"https:\/\/www.youtube.com\/watch?v=iefsUww3YUU\" target=\"_blank\" rel=\"noopener\">conversation<\/a> qui a eu lieu au Forum d&rsquo;Aspen sur la s\u00e9curit\u00e9 entre le journaliste du<em> Washington Post<\/em>, David Ignatius, et Nasser bin Hamad Al Khalifa, le conseiller de Bahre\u00efn en mati\u00e8re de s\u00e9curit\u00e9 nationale, et qui \u00e9galement pr\u00e9sident de la soci\u00e9t\u00e9 nationale de l&rsquo;\u00e9nergie et le fils du monarque local.<\/p>\n<p><strong>Bahre\u00efn<\/strong> accueille le quartier g\u00e9n\u00e9ral de la Cinqui\u00e8me Flotte am\u00e9ricaine et il fait partie des \u00c9tats arabes qui ont <a href=\"https:\/\/electronicintifada.net\/blogs\/tamara-nassar\/bahrainis-decry-betrayal-king-does-deal-israel\" target=\"_blank\" rel=\"noopener\">normalis\u00e9<\/a> leurs relations avec Isra\u00ebl au cours du premier mandat du pr\u00e9sident am\u00e9ricain Donald Trump dans le cadre des fameux <a href=\"https:\/\/electronicintifada.net\/tags\/abraham-accords\" target=\"_blank\" rel=\"noopener\">accords d&rsquo;Abraham<\/a>.<\/p>\n<p>Prenant la parole environ neuf mois apr\u00e8s le d\u00e9but du g\u00e9nocide d&rsquo;Isra\u00ebl \u00e0 Gaza, Al Khalifa a d\u00e9crit les accords comme<\/p>\n<blockquote><p>\u00ab l&rsquo;une des \u00e9tapes les plus importantes que nous ayons franchies \u00bb<\/p><\/blockquote>\n<p>et il a encens\u00e9 l&rsquo;accord qui permettait \u00e0 Bahre\u00efn de resserrer ses liens avec Isra\u00ebl.<\/p>\n<p>Ce qui ressort \u00e9galement, c&rsquo;est la fa\u00e7on dont Bahre\u00efn a approch\u00e9 l&rsquo;Iran \u00e0 la m\u00eame \u00e9poque. Al Khalifa a reconnu que Bahre\u00efn avait<em> \u00ab coup\u00e9 les relations \u00bb<\/em> et n&rsquo;avait <em>\u00ab aucun contact \u00bb<\/em> avec l&rsquo;Iran, tout en insistant pourtant sur le fait que la diplomatie n\u00e9cessite l&rsquo;ouverture de canaux.<\/p>\n<p>Ceci refl\u00e8te la politique d&rsquo;une grande partie du Golfe : approfondir des alliances avec Isra\u00ebl et Washington et l&rsquo;hostilit\u00e9 envers l&rsquo;Iran \u2013 la base m\u00eame des accords d&rsquo;Abraham.<\/p>\n<p>Pourtant, il existe un fait fondamental : Jamais l&rsquo;Iran n&rsquo;a attaqu\u00e9 le moindre de ses voisins arabes. <a href=\"https:\/\/electronicintifada.net\/blogs\/ali-abunimah\/enormous-crime-against-iran\" target=\"_blank\" rel=\"noopener\">C&rsquo;est l&rsquo;inverse qui est vrai<\/a> : Ces m\u00eames r\u00e9gimes arabes ont soutenu l&rsquo;invasion irakienne de l&rsquo;Iran, soutenue par les EU, en 1980, peu apr\u00e8s la r\u00e9volution iranienne contre la monarchie soutenue par les EU, ce qui s&rsquo;est traduit par huit ann\u00e9es de guerre d\u00e9vastatrice.<\/p>\n<p>Depuis lors, les \u00c9tats du Golfe et les autres r\u00e9gimes arabes ont redoubl\u00e9 leurs mises sur leur pari en faveur de Washington et Isra\u00ebl.<\/p>\n<p>Al Khalifa mettait fi\u00e8rement en exergue un accord de 2023 entre Bahre\u00efn et les \u00c9tats-Unis, accord appel\u00e9 <a href=\"https:\/\/bh.usembassy.gov\/u-s-bahrain-comprehensive-security-integration-and-prosperity-agreement\/\" target=\"_blank\" rel=\"noopener\"><em>Comprehensive Security Integration and Prosperity Agreement<\/em><\/a>, ou CSIPA (Accord global de s\u00e9curit\u00e9, d&rsquo;int\u00e9gration et de prosp\u00e9rit\u00e9). Le trait\u00e9 inclut la coop\u00e9ration d\u00e9fensive, le partage des renseignements et l&rsquo;int\u00e9gration \u00e9conomique.<\/p>\n<p>Le prince bahreinien a mis l&rsquo;accent sur le fait que l&rsquo;accord propose \u00e0 Bahre\u00efn une alliance du style de l&rsquo;OTAN avec Washington.<\/p>\n<blockquote><p>\u00ab C&rsquo;est le plus loin que les \u00c9tats-Unis sont all\u00e9s dans les garanties de s\u00e9curit\u00e9 \u00e0 un \u00c9tat arabe \u00bb,<\/p><\/blockquote>\n<p>dit-il, en ajoutant<\/p>\n<blockquote><p>\u00abqu&rsquo; il y manque l&rsquo;article Cinq, mais il offre toutes les garanties \u00bb.<\/p><\/blockquote>\n<p>En th\u00e9orie, ce mod\u00e8le \u2013 dont Al Khalifa avait pr\u00e9dit qu&rsquo;il se r\u00e9pandrait dans la r\u00e9gion \u2013 promettait la s\u00e9curit\u00e9 moyennant la soumission aux \u00c9tats-Unis et Isra\u00ebl.<\/p>\n<p>Dans la pratique, il a signifi\u00e9 l&rsquo;int\u00e9gration des armes du Golfe aux syst\u00e8mes militaires dirig\u00e9s par les EU et l&rsquo;accueil des bases am\u00e9ricaines utilis\u00e9es pour d\u00e9fendre Isra\u00ebl et faciliter les attaques am\u00e9ricaines et isra\u00e9liennes contre les pays de la r\u00e9gion.<\/p>\n<p>Al Khalifa a expos\u00e9 tout cela clairement en commentant<a href=\"https:\/\/electronicintifada.net\/blogs\/nora-barrows-friedman\/day-191-roundtable-iran-retaliates\" target=\"_blank\" rel=\"noopener\"> les repr\u00e9sailles<\/a> par missiles et drones de l&rsquo;Iran, en avril 2024, contre Isra\u00ebl en raison du bombardement d&rsquo;une mission diplomatique iranienne au Liban.<\/p>\n<p>Il a d\u00e9clar\u00e9 que Bahre\u00efn avait rempli son <em>\u00ab devoir \u00bb<\/em> en aidant \u00e0 abattre les missiles et drones iraniens dirig\u00e9s sur Isra\u00ebl et il a ajout\u00e9 que Bahre\u00efn \u00e9tait fier de faire partie du r\u00e9seau de d\u00e9fense a\u00e9rienne int\u00e9gr\u00e9e organis\u00e9 par les EU et qui inclut Isra\u00ebl et plusieurs \u00c9tats arabes.<\/p>\n<p>&nbsp;<\/p>\n<h3>L&rsquo;absence de la <em>\u00ab montagne de feu \u00bb<\/em><\/h3>\n<p>Mais l&rsquo;actuelle agression am\u00e9ricano-isra\u00e9lienne contre l&rsquo;Iran r\u00e9v\u00e8le la contradiction fondamentale dans cette strat\u00e9gie. En s&rsquo;alignant si \u00e9troitement sur Washington et Tel-Aviv, les r\u00e9gimes arabes se sont mu\u00e9s eux-m\u00eames en bellig\u00e9rants \u2013 regardant s&rsquo;en aller en fum\u00e9e des d\u00e9cennies d&rsquo;image de marque de puissances douces qui les pr\u00e9sentaient comme des havres de la finance, de l&rsquo;immobilier haut de gamme, du voyage de luxe et du glamour des influenceurs.<\/p>\n<p>En effet, c&rsquo;est pr\u00e9cis\u00e9ment leur hostilit\u00e9 irrationnelle \u00e0 l&rsquo;\u00e9gard de l&rsquo;Iran et leur accueil des bases am\u00e9ricaines qui en font aujourd&rsquo;hui des cibles. La Cinqui\u00e8me Flotte qu&rsquo;Al-Khalifa d\u00e9crivait comme la<em> \u00ab montagne de feu \u00bb<\/em> prot\u00e9geant Behra\u00efn est tr\u00e8s \u00e9loign\u00e9e, incapable m\u00eame d&rsquo;entrer dans le golfe Persique, alors que la base \u00e0 Bahre\u00efn est<a href=\"https:\/\/www.military.com\/feature\/2026\/02\/28\/attack-us-navy-fifth-fleet-headquarters-bahrain.html\" target=\"_blank\" rel=\"noopener\"> pilonn\u00e9e<\/a> par l&rsquo;Iran.<\/p>\n<p>En d&rsquo;autres termes, le mod\u00e8le s\u00e9curitaire adopt\u00e9 par les \u00c9tats du Golfe a produit le contraire de ce qu&rsquo;il promettait.<\/p>\n<p>Dans un <a href=\"https:\/\/www.middleeasteye.net\/opinion\/who-threatens-arab-world-iran-or-us-and-israel\" target=\"_blank\" rel=\"noopener\">article r\u00e9cent<\/a> pour <em>Middle East Eye,<\/em><strong> Joseph Massad<\/strong>, professeur \u00e0 l&rsquo;Universit\u00e9 de Columbia, retrace l&rsquo;histoire de ce d\u00e9sastreux pari arabe sur la normalisation avec Isra\u00ebl en remontant \u00e0 une initiative saoudienne datant de 1981.<\/p>\n<p>Il affirme que cet alignement pro-isra\u00e9lien a \u00e9t\u00e9 accompagn\u00e9 d&rsquo;efforts en vue de<\/p>\n<blockquote><p>\u00ab convaincre les peuples arabes que c&rsquo;\u00e9tait l&rsquo;Iran, et non Isra\u00ebl, qui \u00e9tait le principal ennemi de la nation arabe, m\u00eame si Isra\u00ebl, de temps \u00e0 autre, a toujours menac\u00e9 et les pays arabes et l&rsquo;Iran \u00bb.<\/p><\/blockquote>\n<p>&nbsp;<\/p>\n<h3>Aucune s\u00e9curit\u00e9 avec la pr\u00e9sence am\u00e9ricaine et isra\u00e9lienne<\/h3>\n<p>La vision de l&rsquo;Iran est fondamentalement diff\u00e9rente. Dans un r\u00e9cent briefing militaire, <strong>le porte-parole des Gardiens de la R\u00e9volution, Ebrahim Zolfaghari<\/strong>, a pr\u00e9venu que l&rsquo;\u00e8re des \u00e9changes de repr\u00e9sailles limit\u00e9s \u00e9tait r\u00e9volue et que l&rsquo;Iran allait d\u00e9sormais frapper continuellement jusqu&rsquo;au moment o\u00f9 ses objectifs seraient concr\u00e9tis\u00e9s.<\/p>\n<p>Il a accus\u00e9 les \u00c9tats-Unis et Isra\u00ebl de se cacher derri\u00e8re des \u00c9tats r\u00e9gionaux, et il a promis par la m\u00eame occasion que les bases utilis\u00e9es dans les attaques contre l&rsquo;Iran seraient d\u00e9truites.<\/p>\n<p>En m\u00eame temps, les dirigeants de l&rsquo;Iran continuent de mettre l&rsquo;accent sur les relations avec les pays voisins.<\/p>\n<p>Dans sa <a href=\"https:\/\/www.tasnimnews.ir\/fa\/news\/1404\/12\/21\/3538847\" target=\"_blank\" rel=\"noopener\">premi\u00e8re d\u00e9claration<\/a> depuis qu&rsquo;il est devenu le guide supr\u00eame, l&rsquo;ayatollah <strong>Mojtaba Khamenei<\/strong> a d\u00e9clar\u00e9 que l&rsquo;Iran cherchait<\/p>\n<blockquote><p>\u00ab des relations chaleureuses et constructives avec tous ses voisins \u00bb,<\/p><\/blockquote>\n<p>mais il a ajout\u00e9 que les bases militaires \u00e9trang\u00e8res utilis\u00e9es dans les attaques contre l&rsquo;Iran devraient \u00eatre ferm\u00e9es.<\/p>\n<p>Les \u00c9tats arabes ont calcul\u00e9 qu&rsquo;attirer les \u00c9tats-Unis et Isra\u00ebl plus profond\u00e9ment dans la r\u00e9gion allaient les maintenir en s\u00e9curit\u00e9.<\/p>\n<p>Pour l&rsquo;Iran, la s\u00e9curit\u00e9 signifie repousser Isra\u00ebl et les \u00c9tats-Unis le plus loin possible. Ce sont ces doctrines contradictoires qui sont actuellement test\u00e9es, non pas en th\u00e9orie, mais par le biais de la guerre.<\/p>\n<p>En ce moment, selon de nombreuses analyses \u2013 <a href=\"https:\/\/www.youtube.com\/watch?v=8hCKv3HbTjA\" target=\"_blank\" rel=\"noopener\">dont celle de Robert Pape, l&rsquo;expert militaire de l&rsquo;Universit\u00e9 de Chicago<\/a> \u2013 l&rsquo;Iran l&#8217;emporte et Trump est pris dans le <em>\u00ab pi\u00e8ge de l&rsquo;escalade \u00bb<\/em> qu&rsquo;il a lui-m\u00eame fa\u00e7onn\u00e9.<\/p>\n<p>Outre la catastrophe humaine impos\u00e9e par l&rsquo;agression am\u00e9ricano-isra\u00e9lienne, l&rsquo;impact \u00e9conomique de la guerre se multiplie d\u00e9j\u00e0 dans le monde entier.<\/p>\n<p>Le r\u00e9sultat de cette confrontation d\u00e9cidera si les peuples de la r\u00e9gion vivront dans la libert\u00e9 de d\u00e9terminer leur propre avenir et d\u00e9velopper leurs propres ressources ou s&rsquo;ils g\u00e2cheront plus de g\u00e9n\u00e9rations encore sous la colonisation et la domination des \u00c9tats-Unis et de l&rsquo;entit\u00e9 sioniste.<\/p>\n<p>Mais une r\u00e9alit\u00e9 est d\u00e9j\u00e0 manifeste : les r\u00e9gimes arabes ont calcul\u00e9 erron\u00e9ment qu&rsquo;ils pourraient b\u00e9n\u00e9ficier de la prosp\u00e9rit\u00e9 et de la tranquillit\u00e9 par le biais d&rsquo;une alliance avec Tel-Aviv et Washington dans le m\u00eame temps que seuls les Palestiniens et tous ceux qui les soutiennent en ont pay\u00e9 le prix de leur sang et via un g\u00e9nocide.<\/p>\n<p style=\"text-align: center;\"><strong>Vid\u00e9o EI : La guerre contre l&rsquo;Iran : Comment les \u00ab garanties s\u00e9curitaires \u00bb am\u00e9ricaines ont mis le feu au Golfe.<\/strong><\/p>\n<p>&nbsp;<\/p>\n<div class=\"video-container\"><iframe loading=\"lazy\" title=\"War on Iran: How US &quot;security guarantees&quot; set the Gulf on fire, with Ali Abunimah\" width=\"500\" height=\"281\" src=\"https:\/\/www.youtube.com\/embed\/eWMUf9W7HMg?feature=oembed&#038;wmode=opaque\" frameborder=\"0\" allow=\"accelerometer; autoplay; clipboard-write; encrypted-media; gyroscope; picture-in-picture; web-share\" referrerpolicy=\"strict-origin-when-cross-origin\" allowfullscreen><\/iframe><\/div>\n<p style=\"text-align: center;\">*****<\/p>\n<p>Publi\u00e9 le 13 mars 2026 sur<a href=\"https:\/\/electronicintifada.net\/blogs\/ali-abunimah\/how-arab-regimes-bet-genocidal-israel-and-lost\" target=\"_blank\" rel=\"noopener\"> The Electronic Intifada<\/a><br \/>\nTraduction : Jean-Marie Fl\u00e9mal, <a href=\"https:\/\/charleroi-pourlapalestine.be\/\">Charleroi pour la Palestine<\/a><\/p>\n","protected":false},"excerpt":{"rendered":"<p>Les r\u00e9gimes arabes ont calcul\u00e9 erron\u00e9ment qu&rsquo;ils pourraient b\u00e9n\u00e9ficier de la prosp\u00e9rit\u00e9 et de la tranquillit\u00e9 par le biais d&rsquo;une alliance avec Tel-Aviv et Washington dans le m\u00eame temps que seuls les Palestiniens et tous ceux qui les soutiennent en ont pay\u00e9 le prix de leur sang et via un g\u00e9nocide.<\/p>\n","protected":false},"author":1,"featured_media":88725,"comment_status":"closed","ping_status":"closed","sticky":false,"template":"","format":"standard","meta":{"ngg_post_thumbnail":0,"footnotes":""},"categories":[143,144,52,1109,142,126,50],"tags":[],"class_list":["post-88724","post","type-post","status-publish","format-standard","has-post-thumbnail","hentry","category-bahrein","category-etats-du-golfe","category-la-cour-penale-internationale","category-guerre-usa-israel-iran","category-iran","category-israel","category-les-nations-unies"],"yoast_head":"<!-- This site is optimized with the Yoast SEO plugin v27.3 - https:\/\/yoast.com\/product\/yoast-seo-wordpress\/ -->\n<title>Comment les r\u00e9gimes arabes ont mis\u00e9 sur l&#039;\u00c9tat g\u00e9nocidaire d&#039;Isra\u00ebl et ont perdu<\/title>\n<meta name=\"description\" content=\"Les r\u00e9gimes arabes ont calcul\u00e9 erron\u00e9ment qu&#039;ils pourraient b\u00e9n\u00e9ficier de la prosp\u00e9rit\u00e9 et de la tranquillit\u00e9 par le biais d&#039;une alliance avec Tel-Aviv et Washington dans le m\u00eame temps que seuls les Palestiniens et tous ceux qui les soutiennent en ont pay\u00e9 le prix de leur sang et via un g\u00e9nocide.\" \/>\n<meta name=\"robots\" content=\"index, follow, max-snippet:-1, max-image-preview:large, max-video-preview:-1\" \/>\n<link rel=\"canonical\" href=\"https:\/\/charleroi-pourlapalestine.be\/index.php\/2026\/03\/15\/comment-les-regimes-arabes-ont-mise-sur-letat-genocidaire-disrael-et-ont-perdu\/\" \/>\n<script type=\"application\/ld+json\" class=\"yoast-schema-graph\">{\"@context\":\"https:\\\/\\\/schema.org\",\"@graph\":[{\"@type\":\"Article\",\"@id\":\"https:\\\/\\\/charleroi-pourlapalestine.be\\\/index.php\\\/2026\\\/03\\\/15\\\/comment-les-regimes-arabes-ont-mise-sur-letat-genocidaire-disrael-et-ont-perdu\\\/#article\",\"isPartOf\":{\"@id\":\"https:\\\/\\\/charleroi-pourlapalestine.be\\\/index.php\\\/2026\\\/03\\\/15\\\/comment-les-regimes-arabes-ont-mise-sur-letat-genocidaire-disrael-et-ont-perdu\\\/\"},\"author\":{\"name\":\"admin1873\",\"@id\":\"https:\\\/\\\/charleroi-pourlapalestine.be\\\/#\\\/schema\\\/person\\\/c19ff515112f1299d8c12671d8fe3faa\"},\"headline\":\"Comment les r\u00e9gimes arabes ont mis\u00e9 sur l&rsquo;\u00c9tat g\u00e9nocidaire d&rsquo;Isra\u00ebl et ont perdu\",\"datePublished\":\"2026-03-15T16:33:27+00:00\",\"mainEntityOfPage\":{\"@id\":\"https:\\\/\\\/charleroi-pourlapalestine.be\\\/index.php\\\/2026\\\/03\\\/15\\\/comment-les-regimes-arabes-ont-mise-sur-letat-genocidaire-disrael-et-ont-perdu\\\/\"},\"wordCount\":1910,\"publisher\":{\"@id\":\"https:\\\/\\\/charleroi-pourlapalestine.be\\\/#organization\"},\"image\":{\"@id\":\"https:\\\/\\\/charleroi-pourlapalestine.be\\\/index.php\\\/2026\\\/03\\\/15\\\/comment-les-regimes-arabes-ont-mise-sur-letat-genocidaire-disrael-et-ont-perdu\\\/#primaryimage\"},\"thumbnailUrl\":\"https:\\\/\\\/charleroi-pourlapalestine.be\\\/wp-content\\\/uploads\\\/2026\\\/03\\\/Bahrein.png\",\"articleSection\":[\"Bahrein\",\"Etats du Golfe\",\"Etats-Unis\",\"Guerre USA\\\/ISRAEL-IRAN\",\"Iran\",\"Isra\u00ebl\",\"Nations Unies\"],\"inLanguage\":\"fr-FR\"},{\"@type\":\"WebPage\",\"@id\":\"https:\\\/\\\/charleroi-pourlapalestine.be\\\/index.php\\\/2026\\\/03\\\/15\\\/comment-les-regimes-arabes-ont-mise-sur-letat-genocidaire-disrael-et-ont-perdu\\\/\",\"url\":\"https:\\\/\\\/charleroi-pourlapalestine.be\\\/index.php\\\/2026\\\/03\\\/15\\\/comment-les-regimes-arabes-ont-mise-sur-letat-genocidaire-disrael-et-ont-perdu\\\/\",\"name\":\"Comment les r\u00e9gimes arabes ont mis\u00e9 sur l'\u00c9tat g\u00e9nocidaire d'Isra\u00ebl et ont perdu\",\"isPartOf\":{\"@id\":\"https:\\\/\\\/charleroi-pourlapalestine.be\\\/#website\"},\"primaryImageOfPage\":{\"@id\":\"https:\\\/\\\/charleroi-pourlapalestine.be\\\/index.php\\\/2026\\\/03\\\/15\\\/comment-les-regimes-arabes-ont-mise-sur-letat-genocidaire-disrael-et-ont-perdu\\\/#primaryimage\"},\"image\":{\"@id\":\"https:\\\/\\\/charleroi-pourlapalestine.be\\\/index.php\\\/2026\\\/03\\\/15\\\/comment-les-regimes-arabes-ont-mise-sur-letat-genocidaire-disrael-et-ont-perdu\\\/#primaryimage\"},\"thumbnailUrl\":\"https:\\\/\\\/charleroi-pourlapalestine.be\\\/wp-content\\\/uploads\\\/2026\\\/03\\\/Bahrein.png\",\"datePublished\":\"2026-03-15T16:33:27+00:00\",\"description\":\"Les r\u00e9gimes arabes ont calcul\u00e9 erron\u00e9ment qu'ils pourraient b\u00e9n\u00e9ficier de la prosp\u00e9rit\u00e9 et de la tranquillit\u00e9 par le biais d'une alliance avec Tel-Aviv et Washington dans le m\u00eame temps que seuls les Palestiniens et tous ceux qui les soutiennent en ont pay\u00e9 le prix de leur sang et via un g\u00e9nocide.\",\"breadcrumb\":{\"@id\":\"https:\\\/\\\/charleroi-pourlapalestine.be\\\/index.php\\\/2026\\\/03\\\/15\\\/comment-les-regimes-arabes-ont-mise-sur-letat-genocidaire-disrael-et-ont-perdu\\\/#breadcrumb\"},\"inLanguage\":\"fr-FR\",\"potentialAction\":[{\"@type\":\"ReadAction\",\"target\":[\"https:\\\/\\\/charleroi-pourlapalestine.be\\\/index.php\\\/2026\\\/03\\\/15\\\/comment-les-regimes-arabes-ont-mise-sur-letat-genocidaire-disrael-et-ont-perdu\\\/\"]}]},{\"@type\":\"ImageObject\",\"inLanguage\":\"fr-FR\",\"@id\":\"https:\\\/\\\/charleroi-pourlapalestine.be\\\/index.php\\\/2026\\\/03\\\/15\\\/comment-les-regimes-arabes-ont-mise-sur-letat-genocidaire-disrael-et-ont-perdu\\\/#primaryimage\",\"url\":\"https:\\\/\\\/charleroi-pourlapalestine.be\\\/wp-content\\\/uploads\\\/2026\\\/03\\\/Bahrein.png\",\"contentUrl\":\"https:\\\/\\\/charleroi-pourlapalestine.be\\\/wp-content\\\/uploads\\\/2026\\\/03\\\/Bahrein.png\",\"width\":1027,\"height\":677},{\"@type\":\"BreadcrumbList\",\"@id\":\"https:\\\/\\\/charleroi-pourlapalestine.be\\\/index.php\\\/2026\\\/03\\\/15\\\/comment-les-regimes-arabes-ont-mise-sur-letat-genocidaire-disrael-et-ont-perdu\\\/#breadcrumb\",\"itemListElement\":[{\"@type\":\"ListItem\",\"position\":1,\"name\":\"Accueil\",\"item\":\"https:\\\/\\\/charleroi-pourlapalestine.be\\\/\"},{\"@type\":\"ListItem\",\"position\":2,\"name\":\"Comment les r\u00e9gimes arabes ont mis\u00e9 sur l&rsquo;\u00c9tat g\u00e9nocidaire d&rsquo;Isra\u00ebl et ont perdu\"}]},{\"@type\":\"WebSite\",\"@id\":\"https:\\\/\\\/charleroi-pourlapalestine.be\\\/#website\",\"url\":\"https:\\\/\\\/charleroi-pourlapalestine.be\\\/\",\"name\":\"Charleroi Pour la Palestine\",\"description\":\"\",\"publisher\":{\"@id\":\"https:\\\/\\\/charleroi-pourlapalestine.be\\\/#organization\"},\"potentialAction\":[{\"@type\":\"SearchAction\",\"target\":{\"@type\":\"EntryPoint\",\"urlTemplate\":\"https:\\\/\\\/charleroi-pourlapalestine.be\\\/?s={search_term_string}\"},\"query-input\":{\"@type\":\"PropertyValueSpecification\",\"valueRequired\":true,\"valueName\":\"search_term_string\"}}],\"inLanguage\":\"fr-FR\"},{\"@type\":\"Organization\",\"@id\":\"https:\\\/\\\/charleroi-pourlapalestine.be\\\/#organization\",\"name\":\"Plate-forme Charleroi-Palestine\",\"url\":\"https:\\\/\\\/charleroi-pourlapalestine.be\\\/\",\"logo\":{\"@type\":\"ImageObject\",\"inLanguage\":\"fr-FR\",\"@id\":\"https:\\\/\\\/charleroi-pourlapalestine.be\\\/#\\\/schema\\\/logo\\\/image\\\/\",\"url\":\"https:\\\/\\\/charleroi-pourlapalestine.be\\\/wp-content\\\/uploads\\\/2020\\\/01\\\/logo-Copy.jpg\",\"contentUrl\":\"https:\\\/\\\/charleroi-pourlapalestine.be\\\/wp-content\\\/uploads\\\/2020\\\/01\\\/logo-Copy.jpg\",\"width\":180,\"height\":180,\"caption\":\"Plate-forme Charleroi-Palestine\"},\"image\":{\"@id\":\"https:\\\/\\\/charleroi-pourlapalestine.be\\\/#\\\/schema\\\/logo\\\/image\\\/\"},\"sameAs\":[\"https:\\\/\\\/www.facebook.com\\\/PlateformeCharleroiPalestine\\\/\",\"https:\\\/\\\/x.com\\\/LaCharleroi\"]},{\"@type\":\"Person\",\"@id\":\"https:\\\/\\\/charleroi-pourlapalestine.be\\\/#\\\/schema\\\/person\\\/c19ff515112f1299d8c12671d8fe3faa\",\"name\":\"admin1873\",\"url\":\"https:\\\/\\\/charleroi-pourlapalestine.be\\\/index.php\\\/author\\\/admin1873\\\/\"}]}<\/script>\n<!-- \/ Yoast SEO plugin. -->","yoast_head_json":{"title":"Comment les r\u00e9gimes arabes ont mis\u00e9 sur l'\u00c9tat g\u00e9nocidaire d'Isra\u00ebl et ont perdu","description":"Les r\u00e9gimes arabes ont calcul\u00e9 erron\u00e9ment qu'ils pourraient b\u00e9n\u00e9ficier de la prosp\u00e9rit\u00e9 et de la tranquillit\u00e9 par le biais d'une alliance avec Tel-Aviv et Washington dans le m\u00eame temps que seuls les Palestiniens et tous ceux qui les soutiennent en ont pay\u00e9 le prix de leur sang et via un g\u00e9nocide.","robots":{"index":"index","follow":"follow","max-snippet":"max-snippet:-1","max-image-preview":"max-image-preview:large","max-video-preview":"max-video-preview:-1"},"canonical":"https:\/\/charleroi-pourlapalestine.be\/index.php\/2026\/03\/15\/comment-les-regimes-arabes-ont-mise-sur-letat-genocidaire-disrael-et-ont-perdu\/","schema":{"@context":"https:\/\/schema.org","@graph":[{"@type":"Article","@id":"https:\/\/charleroi-pourlapalestine.be\/index.php\/2026\/03\/15\/comment-les-regimes-arabes-ont-mise-sur-letat-genocidaire-disrael-et-ont-perdu\/#article","isPartOf":{"@id":"https:\/\/charleroi-pourlapalestine.be\/index.php\/2026\/03\/15\/comment-les-regimes-arabes-ont-mise-sur-letat-genocidaire-disrael-et-ont-perdu\/"},"author":{"name":"admin1873","@id":"https:\/\/charleroi-pourlapalestine.be\/#\/schema\/person\/c19ff515112f1299d8c12671d8fe3faa"},"headline":"Comment les r\u00e9gimes arabes ont mis\u00e9 sur l&rsquo;\u00c9tat g\u00e9nocidaire d&rsquo;Isra\u00ebl et ont perdu","datePublished":"2026-03-15T16:33:27+00:00","mainEntityOfPage":{"@id":"https:\/\/charleroi-pourlapalestine.be\/index.php\/2026\/03\/15\/comment-les-regimes-arabes-ont-mise-sur-letat-genocidaire-disrael-et-ont-perdu\/"},"wordCount":1910,"publisher":{"@id":"https:\/\/charleroi-pourlapalestine.be\/#organization"},"image":{"@id":"https:\/\/charleroi-pourlapalestine.be\/index.php\/2026\/03\/15\/comment-les-regimes-arabes-ont-mise-sur-letat-genocidaire-disrael-et-ont-perdu\/#primaryimage"},"thumbnailUrl":"https:\/\/charleroi-pourlapalestine.be\/wp-content\/uploads\/2026\/03\/Bahrein.png","articleSection":["Bahrein","Etats du Golfe","Etats-Unis","Guerre USA\/ISRAEL-IRAN","Iran","Isra\u00ebl","Nations Unies"],"inLanguage":"fr-FR"},{"@type":"WebPage","@id":"https:\/\/charleroi-pourlapalestine.be\/index.php\/2026\/03\/15\/comment-les-regimes-arabes-ont-mise-sur-letat-genocidaire-disrael-et-ont-perdu\/","url":"https:\/\/charleroi-pourlapalestine.be\/index.php\/2026\/03\/15\/comment-les-regimes-arabes-ont-mise-sur-letat-genocidaire-disrael-et-ont-perdu\/","name":"Comment les r\u00e9gimes arabes ont mis\u00e9 sur l'\u00c9tat g\u00e9nocidaire d'Isra\u00ebl et ont perdu","isPartOf":{"@id":"https:\/\/charleroi-pourlapalestine.be\/#website"},"primaryImageOfPage":{"@id":"https:\/\/charleroi-pourlapalestine.be\/index.php\/2026\/03\/15\/comment-les-regimes-arabes-ont-mise-sur-letat-genocidaire-disrael-et-ont-perdu\/#primaryimage"},"image":{"@id":"https:\/\/charleroi-pourlapalestine.be\/index.php\/2026\/03\/15\/comment-les-regimes-arabes-ont-mise-sur-letat-genocidaire-disrael-et-ont-perdu\/#primaryimage"},"thumbnailUrl":"https:\/\/charleroi-pourlapalestine.be\/wp-content\/uploads\/2026\/03\/Bahrein.png","datePublished":"2026-03-15T16:33:27+00:00","description":"Les r\u00e9gimes arabes ont calcul\u00e9 erron\u00e9ment qu'ils pourraient b\u00e9n\u00e9ficier de la prosp\u00e9rit\u00e9 et de la tranquillit\u00e9 par le biais d'une alliance avec Tel-Aviv et Washington dans le m\u00eame temps que seuls les Palestiniens et tous ceux qui les soutiennent en ont pay\u00e9 le prix de leur sang et via un g\u00e9nocide.","breadcrumb":{"@id":"https:\/\/charleroi-pourlapalestine.be\/index.php\/2026\/03\/15\/comment-les-regimes-arabes-ont-mise-sur-letat-genocidaire-disrael-et-ont-perdu\/#breadcrumb"},"inLanguage":"fr-FR","potentialAction":[{"@type":"ReadAction","target":["https:\/\/charleroi-pourlapalestine.be\/index.php\/2026\/03\/15\/comment-les-regimes-arabes-ont-mise-sur-letat-genocidaire-disrael-et-ont-perdu\/"]}]},{"@type":"ImageObject","inLanguage":"fr-FR","@id":"https:\/\/charleroi-pourlapalestine.be\/index.php\/2026\/03\/15\/comment-les-regimes-arabes-ont-mise-sur-letat-genocidaire-disrael-et-ont-perdu\/#primaryimage","url":"https:\/\/charleroi-pourlapalestine.be\/wp-content\/uploads\/2026\/03\/Bahrein.png","contentUrl":"https:\/\/charleroi-pourlapalestine.be\/wp-content\/uploads\/2026\/03\/Bahrein.png","width":1027,"height":677},{"@type":"BreadcrumbList","@id":"https:\/\/charleroi-pourlapalestine.be\/index.php\/2026\/03\/15\/comment-les-regimes-arabes-ont-mise-sur-letat-genocidaire-disrael-et-ont-perdu\/#breadcrumb","itemListElement":[{"@type":"ListItem","position":1,"name":"Accueil","item":"https:\/\/charleroi-pourlapalestine.be\/"},{"@type":"ListItem","position":2,"name":"Comment les r\u00e9gimes arabes ont mis\u00e9 sur l&rsquo;\u00c9tat g\u00e9nocidaire d&rsquo;Isra\u00ebl et ont perdu"}]},{"@type":"WebSite","@id":"https:\/\/charleroi-pourlapalestine.be\/#website","url":"https:\/\/charleroi-pourlapalestine.be\/","name":"Charleroi Pour la Palestine","description":"","publisher":{"@id":"https:\/\/charleroi-pourlapalestine.be\/#organization"},"potentialAction":[{"@type":"SearchAction","target":{"@type":"EntryPoint","urlTemplate":"https:\/\/charleroi-pourlapalestine.be\/?s={search_term_string}"},"query-input":{"@type":"PropertyValueSpecification","valueRequired":true,"valueName":"search_term_string"}}],"inLanguage":"fr-FR"},{"@type":"Organization","@id":"https:\/\/charleroi-pourlapalestine.be\/#organization","name":"Plate-forme Charleroi-Palestine","url":"https:\/\/charleroi-pourlapalestine.be\/","logo":{"@type":"ImageObject","inLanguage":"fr-FR","@id":"https:\/\/charleroi-pourlapalestine.be\/#\/schema\/logo\/image\/","url":"https:\/\/charleroi-pourlapalestine.be\/wp-content\/uploads\/2020\/01\/logo-Copy.jpg","contentUrl":"https:\/\/charleroi-pourlapalestine.be\/wp-content\/uploads\/2020\/01\/logo-Copy.jpg","width":180,"height":180,"caption":"Plate-forme Charleroi-Palestine"},"image":{"@id":"https:\/\/charleroi-pourlapalestine.be\/#\/schema\/logo\/image\/"},"sameAs":["https:\/\/www.facebook.com\/PlateformeCharleroiPalestine\/","https:\/\/x.com\/LaCharleroi"]},{"@type":"Person","@id":"https:\/\/charleroi-pourlapalestine.be\/#\/schema\/person\/c19ff515112f1299d8c12671d8fe3faa","name":"admin1873","url":"https:\/\/charleroi-pourlapalestine.be\/index.php\/author\/admin1873\/"}]}},"_links":{"self":[{"href":"https:\/\/charleroi-pourlapalestine.be\/index.php\/wp-json\/wp\/v2\/posts\/88724","targetHints":{"allow":["GET"]}}],"collection":[{"href":"https:\/\/charleroi-pourlapalestine.be\/index.php\/wp-json\/wp\/v2\/posts"}],"about":[{"href":"https:\/\/charleroi-pourlapalestine.be\/index.php\/wp-json\/wp\/v2\/types\/post"}],"author":[{"embeddable":true,"href":"https:\/\/charleroi-pourlapalestine.be\/index.php\/wp-json\/wp\/v2\/users\/1"}],"replies":[{"embeddable":true,"href":"https:\/\/charleroi-pourlapalestine.be\/index.php\/wp-json\/wp\/v2\/comments?post=88724"}],"version-history":[{"count":0,"href":"https:\/\/charleroi-pourlapalestine.be\/index.php\/wp-json\/wp\/v2\/posts\/88724\/revisions"}],"wp:featuredmedia":[{"embeddable":true,"href":"https:\/\/charleroi-pourlapalestine.be\/index.php\/wp-json\/wp\/v2\/media\/88725"}],"wp:attachment":[{"href":"https:\/\/charleroi-pourlapalestine.be\/index.php\/wp-json\/wp\/v2\/media?parent=88724"}],"wp:term":[{"taxonomy":"category","embeddable":true,"href":"https:\/\/charleroi-pourlapalestine.be\/index.php\/wp-json\/wp\/v2\/categories?post=88724"},{"taxonomy":"post_tag","embeddable":true,"href":"https:\/\/charleroi-pourlapalestine.be\/index.php\/wp-json\/wp\/v2\/tags?post=88724"}],"curies":[{"name":"wp","href":"https:\/\/api.w.org\/{rel}","templated":true}]}}