{"id":89311,"date":"2026-04-30T02:25:31","date_gmt":"2026-04-30T00:25:31","guid":{"rendered":"https:\/\/charleroi-pourlapalestine.be\/?p=89311"},"modified":"2026-04-30T02:54:16","modified_gmt":"2026-04-30T00:54:16","slug":"la-resistance-protege-le-liban","status":"publish","type":"post","link":"https:\/\/charleroi-pourlapalestine.be\/index.php\/2026\/04\/30\/la-resistance-protege-le-liban\/","title":{"rendered":"Le contr\u00f4le souverain de l&rsquo;Iran sur le d\u00e9troit d&rsquo;Ormuz fait partie d&rsquo;un \u00ab tournant mondial \u00bb"},"content":{"rendered":"<p>Le fait que l&rsquo;Iran d\u00e9tient le contr\u00f4le souverain du d\u00e9troit d&rsquo;Ormuz s&rsquo;inscrit dans un \u00ab tournant mondial \u00bb, a d\u00e9clar\u00e9 Sara Larijani lors d&rsquo;un <a href=\"https:\/\/www.youtube.com\/live\/i0TQJlYAcdk\">livestream de The Electronic Intifada<\/a> le 16 avril.<\/p>\n<p>&nbsp;<\/p>\n<p><strong>Vid\u00e9o EI : Jour 923 \u2013 Le Hezbollah prot\u00e8ge le Liban.<\/strong><\/p>\n<p>&nbsp;<\/p>\n<p>&nbsp;<\/p>\n<div class=\"video-container\"><iframe loading=\"lazy\" title=\"Breaking news and analysis on day 923 of the Gaza genocide | The Electronic Intifada\" width=\"500\" height=\"281\" src=\"https:\/\/www.youtube.com\/embed\/i0TQJlYAcdk?feature=oembed&#038;wmode=opaque\" frameborder=\"0\" allow=\"accelerometer; autoplay; clipboard-write; encrypted-media; gyroscope; picture-in-picture; web-share\" referrerpolicy=\"strict-origin-when-cross-origin\" allowfullscreen><\/iframe><\/div>\n<p>&nbsp;<\/p>\n<p style=\"text-align: center;\">&nbsp;<\/p>\n<p>&nbsp;<a href=\"https:\/\/electronicintifada.net\/people\/eli-gerzon\">Eli Gerzon, <\/a>22 avril 2026&nbsp; &nbsp;<\/p>\n<p>&nbsp;<\/p>\n<p>Larijani et Taha Zeinali g\u00e8rent la page du m\u00e9dia social <strong><em>We Defend Iran<\/em><\/strong> (Nous d\u00e9fendons l&rsquo;Iran) sur <a href=\"https:\/\/x.com\/WeDefendIran26\">Twitter<\/a> et <a href=\"https:\/\/www.instagram.com\/wedefendiran\/\">Instagram<\/a>.<\/p>\n<p>La prise de contr\u00f4le de la principale voie navigable est<\/p>\n<blockquote><p>\u00ab l&rsquo;une des plus importantes incarnations de l&rsquo;Iran, qui \u00e9merge de plus en plus fort, et non de plus en plus faible, \u00e0 la suite de cette agression militaire \u00bb,<\/p><\/blockquote>\n<p>a d\u00e9clar\u00e9 Zeinalih.<\/p>\n<p>Dans l&rsquo;\u00e9pisode que voici, notre contributeur Jon Elmer<a href=\"https:\/\/youtu.be\/XTwK2PKBpGI\"> a parl\u00e9<\/a> des d\u00e9g\u00e2ts inflig\u00e9s aux v\u00e9hicules militaires am\u00e9ricains et isra\u00e9liens et il a analys\u00e9 des prises de vue \u00e9manant de l&rsquo;organisation de r\u00e9sistance du Hezbollah sur ses op\u00e9rations contre les forces isra\u00e9liennes qui envahissent le Liban.<\/p>\n<p>Notre contributrice Nora Barrows-Friedman a trait\u00e9 des informations en provenance de Palestine et du Liban.<\/p>\n<p>&nbsp;<\/p>\n<h3>Le d\u00e9troit d&rsquo;Ormuz<\/h3>\n<p><strong>Vid\u00e9o EI : L&rsquo;Iran est pr\u00eat \u00e0 retourner en guerre.<\/strong><\/p>\n<p>&nbsp;<\/p>\n<div class=\"video-container\"><iframe loading=\"lazy\" title=\"Iran is ready to go back to war, with Sara Larijani and Taha Zeinali\" width=\"500\" height=\"281\" src=\"https:\/\/www.youtube.com\/embed\/XAIO82EfzJk?feature=oembed&#038;wmode=opaque\" frameborder=\"0\" allow=\"accelerometer; autoplay; clipboard-write; encrypted-media; gyroscope; picture-in-picture; web-share\" referrerpolicy=\"strict-origin-when-cross-origin\" allowfullscreen><\/iframe><\/div>\n<p style=\"text-align: center;\">&nbsp;<\/p>\n<p>Le fait que l&rsquo;Iran d\u00e9tient le contr\u00f4le souverain du d\u00e9troit d&rsquo;Ormuz s&rsquo;inscrit dans un <strong><em>\u00ab tournant mondial \u00bb<\/em><\/strong>, a d\u00e9clar\u00e9 Sara Larijani lors d&rsquo;un <a href=\"https:\/\/www.youtube.com\/live\/i0TQJlYAcdk\">livestream de The Electronic Intifada<\/a> le 16 avril.<\/p>\n<p>Le contr\u00f4le du d\u00e9troit d&rsquo;Ormuz a \u00e9t\u00e9 soigneusement planifi\u00e9 et appliqu\u00e9 par les forces iraniennes dirig\u00e9es par le commandant de la marine de guerre, <strong>Alireza Tangsiri<\/strong>, a expliqu\u00e9 Zeinalih dans le livestream.<\/p>\n<p>Tangsiri commandait les forces navales du Corps des Gardiens de la R\u00e9volution islamique de l&rsquo;Iran et il a \u00e9t\u00e9 <a href=\"https:\/\/www.aljazeera.com\/news\/2026\/3\/26\/iranian-naval-commander-alireza-tangsiri-killed-in-attack-says-israel\">assassin\u00e9<\/a> par Isra\u00ebl le 26 mars.<\/p>\n<blockquote><p>\u00ab C&rsquo;\u00e9tait un h\u00e9ros, un h\u00e9ros iranien \u00bb,<\/p><\/blockquote>\n<p>a d\u00e9clar\u00e9 Zeinalih.<\/p>\n<p>Larijani a expliqu\u00e9 que les Iraniens avaient \u00e9galement insist\u00e9 pour que le Liban soit compris dans tout cessez-le-feu. Une attaque meurtri\u00e8re et tr\u00e8s \u00e9tendue contre le Liban au d\u00e9but de ce mois, peu apr\u00e8s l&rsquo;annonce d&rsquo;un cessez-le-feu, avait \u00e9t\u00e9 largement per\u00e7ue comme une violation des termes propos\u00e9s et avait suscit\u00e9 des appels \u00e0 repr\u00e9sailles contre Isra\u00ebl.<\/p>\n<blockquote><p><strong>\u00ab Notre cause n&rsquo;est nullement s\u00e9par\u00e9e de la cause du peuple du Liban, de celui de la Palestine et du front de la r\u00e9sistance en g\u00e9n\u00e9ral \u00bb,<\/strong><\/p><\/blockquote>\n<p>a d\u00e9clar\u00e9 Larijani.<\/p>\n<p>Zeinalih a \u00e9galement fait remarquer un changement cher certains Iraniens, dans la fa\u00e7on dont ils per\u00e7oivent le d\u00e9veloppement et les relations avec l&rsquo;Occident.<\/p>\n<p>Il a expliqu\u00e9 que ceux qui se pr\u00e9sentaient comme des mod\u00e9r\u00e9s \u2013 qu&rsquo;il d\u00e9crit comme \u00ab pro-occidentaux \u00bb \u2013 ont longtemps per\u00e7u la question comme un binaire de somme z\u00e9ro : soit soutenir la r\u00e9sistance, soit poursuivre le d\u00e9veloppement en s&rsquo;alignant sur l&rsquo;Occident.<\/p>\n<blockquote><p>\u00ab Mais ce discours ne tient plus \u00e0 la suite de cette phase de transformation. Aujourd&rsquo;hui, nous voyons que l&rsquo;Iran peut avoir une voie de d\u00e9veloppement plus forte en suivant la r\u00e9sistance \u00bb,<\/p><\/blockquote>\n<p>a expliqu\u00e9 Zeinalih.<\/p>\n<p>Et un grand nombre de ces choses d\u00e9pendent du contr\u00f4le de l&rsquo;Iran sur le d\u00e9troit d&rsquo;Ormuz.<\/p>\n<blockquote><p>\u00ab Et cela ne peut \u00eatre repris. Et ce n&rsquo;est pas ouvert aux n\u00e9gociations \u00bb,<\/p><\/blockquote>\n<p>a ajout\u00e9 Zeinalih.<\/p>\n<p>&nbsp;<\/p>\n<blockquote class=\"twitter-tweet\" data-width=\"500\" data-dnt=\"true\">\n<p lang=\"en\" dir=\"ltr\">People in Iran understand that Iran having sovereign control over the Strait of Hormuz is part of a &quot;global turning point.&quot; And they want their government to retain control of their key waterway, according to <a href=\"https:\/\/twitter.com\/tahazeinalih?ref_src=twsrc%5Etfw\">@TahaZeinalih<\/a> and Sara Larijani (<a href=\"https:\/\/twitter.com\/Organoponico1?ref_src=twsrc%5Etfw\">@Organoponico1<\/a>) of <a href=\"https:\/\/twitter.com\/WeDefendIran26?ref_src=twsrc%5Etfw\">@WeDefendIran26<\/a>. <a href=\"https:\/\/t.co\/LJiH1uHV5E\">pic.twitter.com\/LJiH1uHV5E<\/a><\/p>\n<p>&mdash; Electronic Intifada (@intifada) <a href=\"https:\/\/twitter.com\/intifada\/status\/2045250778546294876?ref_src=twsrc%5Etfw\">April 17, 2026<\/a><\/p><\/blockquote>\n<p><script async src=\"https:\/\/platform.twitter.com\/widgets.js\" charset=\"utf-8\"><\/script><\/p>\n<p>&nbsp;<\/p>\n<h3>D\u00e9g\u00e2ts inflig\u00e9s aux v\u00e9hicules militaires am\u00e9ricains et isra\u00e9liens&nbsp;<\/h3>\n<p>Durant son<a href=\"https:\/\/youtu.be\/XTwK2PKBpGI\"> reportage<\/a>, Elmer a pass\u00e9 en d\u00e9tail les r\u00e9centes attaques du Hezbollah contre les v\u00e9hicules de l&rsquo;arm\u00e9e isra\u00e9lienne et celles de l&rsquo;Iran contre l&rsquo;aviation am\u00e9ricaine.<\/p>\n<p>Il a \u00e9galement partag\u00e9 nombre de vid\u00e9os des op\u00e9rations du Hezbollah contre la tentative d&rsquo;invasion du Sud-Liban par l&rsquo;arm\u00e9e isra\u00e9lienne.<\/p>\n<p>Une vid\u00e9o montrait des combattants du Hezbollah d\u00e9ployant un drone FPV (vision par une premi\u00e8re personne) arm\u00e9 d&rsquo;une grenade \u00e0 ogive explosive propuls\u00e9e par fus\u00e9e en train de cibler un transporteur de troupes Namer de l&rsquo;arm\u00e9e isra\u00e9lienne. Ensuite, le tueur de chars isra\u00e9liens a selon toute apparence utilis\u00e9 un missile guid\u00e9 antichar pour frapper le v\u00e9hicule.<\/p>\n<p>Il s&rsquo;agissait d&rsquo;une embuscade complexe mise sur pied dans la municipalit\u00e9 d&rsquo;Al-Bayyad, le long de la c\u00f4te du Liban.<\/p>\n<p>&nbsp;<\/p>\n<blockquote class=\"twitter-tweet\" data-width=\"500\" data-dnt=\"true\">\n<p lang=\"en\" dir=\"ltr\">.<a href=\"https:\/\/twitter.com\/jonelmer?ref_src=twsrc%5Etfw\">@JonElmer<\/a> provides analysis of Hizballah operations against the invading Israeli military before the ceasefire. <a href=\"https:\/\/t.co\/Opf6t5Xdof\">pic.twitter.com\/Opf6t5Xdof<\/a><\/p>\n<p>&mdash; Electronic Intifada (@intifada) <a href=\"https:\/\/twitter.com\/intifada\/status\/2045297867246452816?ref_src=twsrc%5Etfw\">April 18, 2026<\/a><\/p><\/blockquote>\n<p><script async src=\"https:\/\/platform.twitter.com\/widgets.js\" charset=\"utf-8\"><\/script><\/p>\n<p>&nbsp;<\/p>\n<p>Des vid\u00e9os montraient \u00e9galement des combattants m\u00eames du Hezbollah.<\/p>\n<p>Elmer a d\u00e9crit la chose comme un nouvel aper\u00e7u de ces op\u00e9rations et des gens qui les sous-tendaient.<\/p>\n<blockquote><p>\u00ab C&rsquo;est une guerre d\u00e9fensive, pour le Hezbollah \u00bb, a ajout\u00e9 Elmer.<\/p>\n<p>\u00ab Cela nous a donn\u00e9 un angle de vision remarquable pour comprendre comment se d\u00e9roulent toutes ces op\u00e9rations \u00bb, a-t-il dit.<\/p>\n<p>\u00ab Le professionnalisme de ces diff\u00e9rentes unit\u00e9s \u00bb signifiait que, \u00ab normalement, nous ne voyons que le lancement de ces roquettes, mais pas les \u00e9quipes derri\u00e8re. \u00bb<\/p><\/blockquote>\n<p>Une vid\u00e9o pr\u00e9sente un combattant du Hezbollah qui exhibe les doigts qui lui manquent \u00e0 la suite de l&rsquo;attaque par Isra\u00ebl, en septembre 2024, au cours de laquelle il avait fait exploser des bipeurs et des walkie-talkies utilis\u00e9s par les membres du Hezbollah.<\/p>\n<p>L&rsquo;attaque <a href=\"https:\/\/www.hrw.org\/news\/2024\/09\/18\/lebanon-exploding-pagers-harmed-hezbollah-civilians\">avait tu\u00e9<\/a> au moins 12 personnes, y compris deux travailleurs de la sant\u00e9 et deux enfants, et elle avait bless\u00e9 2800 autres personnes.<\/p>\n<blockquote><p>\u00ab Isra\u00ebl croyait que c&rsquo;\u00e9tait la fin de la guerre, que s&rsquo;il arrachait les mains de quelques combattants et qu&rsquo;il tuait une poign\u00e9e d&rsquo;enfants avec les bipeurs, cela allait signifier l&rsquo;effondrement du Hezbollah \u00bb, a d\u00e9clar\u00e9 Elmer.<\/p><\/blockquote>\n<p>&nbsp;<\/p>\n<blockquote class=\"twitter-tweet\" data-width=\"500\" data-dnt=\"true\">\n<p lang=\"en\" dir=\"ltr\">Hizballah fighter shows off his missing fingers from the pager attack as he operates a warhead to fire at Israel. <a href=\"https:\/\/twitter.com\/jonelmer?ref_src=twsrc%5Etfw\">@JonElmer<\/a> provides his analysis. <a href=\"https:\/\/t.co\/Qfiua0z3PN\">pic.twitter.com\/Qfiua0z3PN<\/a><\/p>\n<p>&mdash; Electronic Intifada (@intifada) <a href=\"https:\/\/twitter.com\/intifada\/status\/2045479364586770876?ref_src=twsrc%5Etfw\">April 18, 2026<\/a><\/p><\/blockquote>\n<p><script async src=\"https:\/\/platform.twitter.com\/widgets.js\" charset=\"utf-8\"><\/script><\/p>\n<p>&nbsp;<\/p>\n<h3>Isra\u00ebl tue un bambin de 3 ans \u00e0 Gaza<\/h3>\n<p>Notre contributrice Nora Barrows-Friedman parlait de l&rsquo;actuelle violence d&rsquo;Isra\u00ebl et de son blocus contre les Palestiniens \u00e0 Gaza. Elle a \u00e9galement partag\u00e9 un reportage r\u00e9alis\u00e9 par notre contributrice <a href=\"https:\/\/x.com\/RoqChams\">Roqayah Chamseddine<\/a>, du Liban, pour The Electronic Intifada.<\/p>\n<p>Chamseddine a parl\u00e9 des<strong> suites du massacre perp\u00e9tr\u00e9 le 8 avril<\/strong> par Isra\u00ebl contre le Liban. Elle a \u00e9galement parl\u00e9 de la r\u00e9sistance du Hezbollah et des n\u00e9gociations tenues par le gouvernement libanais \u00e0 Washington, DC en compagnie de responsables isra\u00e9liens.<\/p>\n<blockquote><p>\u00ab Le contraste est tr\u00e8s fort : un gouvernement qui s&rsquo;engage dans des n\u00e9gociations \u00e0 partir d&rsquo;une position de faiblesse \u2013 alors que le champ de bataille continue d&rsquo;imposer des limites \u00e0 la progression isra\u00e9lienne \u00bb,<\/p><\/blockquote>\n<p>a expliqu\u00e9 Chamseddine.<\/p>\n<p>&nbsp;<\/p>\n<blockquote class=\"twitter-tweet\" data-width=\"500\" data-dnt=\"true\">\n<p lang=\"en\" dir=\"ltr\">&quot;The contrast is stark: A government engaging in negotiations from a position of weakness while the battlefield itself continues to impose limits on Israeli advances.&quot; <a href=\"https:\/\/twitter.com\/roqchams?ref_src=twsrc%5Etfw\">@RoqChams<\/a> reports from Lebanon. <a href=\"https:\/\/t.co\/ZatlXYUCSG\">pic.twitter.com\/ZatlXYUCSG<\/a><\/p>\n<p>&mdash; Electronic Intifada (@intifada) <a href=\"https:\/\/twitter.com\/intifada\/status\/2045556644793237563?ref_src=twsrc%5Etfw\">April 18, 2026<\/a><\/p><\/blockquote>\n<p><script async src=\"https:\/\/platform.twitter.com\/widgets.js\" charset=\"utf-8\"><\/script><\/p>\n<p>&nbsp;<\/p>\n<p>\u00c0 Gaza, huit Palestiniens <a href=\"https:\/\/aje.news\/lxeq57?update=4494470\">ont \u00e9t\u00e9 tu\u00e9s<\/a> et pr\u00e8s de 30 bless\u00e9s lors d&rsquo;attaques isra\u00e9liennes sur une p\u00e9riode de 24 heures, la semaine derni\u00e8re, fait savoir le minist\u00e8re palestinien de la Sant\u00e9.<\/p>\n<p>Ceci comprenait une frappe isra\u00e9lienne contre un v\u00e9hicule \u00e0 Gaza, tuant un policier et trois passants, dont un bambin de tris ans, Yahya al Malahi.<\/p>\n<p>Le journaliste Saed Hasballah <a href=\"https:\/\/www.instagram.com\/p\/DXHIciAEUDb\/\">a photographi\u00e9<\/a> le p\u00e8re de Yahya, Mukhlis al-Malahi, effondr\u00e9 sous le choc et le chagrin, \u00e9treignant le corps de son enfant dont la t\u00eate a \u00e9t\u00e9 \u00e9clat\u00e9e et avec du sang r\u00e9pandu partout sur leurs v\u00eatements.<\/p>\n<p>Regardez le reportage de Barrows-Friedman sur <a href=\"https:\/\/youtu.be\/_KhvP2mGXIs\">YouTube<\/a> et lisez son article \u00ab <a href=\"https:\/\/electronicintifada.net\/blogs\/nora-barrows-friedman\/israel-kills-toddler-gaza\">Isra\u00ebl tue un bambin de trois ans \u00e0 Gaza<\/a> \u00bb.<\/p>\n<p>&nbsp;<\/p>\n<h3>Les cons\u00e9quences \u00e0 long terme<\/h3>\n<p>&nbsp;<\/p>\n<p>\u00c0 la fin de l&rsquo;\u00e9mission, les \u00e9diteurs <a href=\"https:\/\/www.youtube.com\/live\/i0TQJlYAcdk?si=hSvc32WaLyOU9JoC&amp;t=8466\">ont discut\u00e9<\/a> des effets n\u00e9gatifs potentiels \u00e0 long terme sur l&rsquo;\u00e9conomie mondiale qui continueront de se faire ressentir \u2013 m\u00eame si le d\u00e9troit d&rsquo;Ormuz devait \u00eatre rouvert incessamment.<\/p>\n<p>Ils ont \u00e9galement examin\u00e9 les d\u00e9g\u00e2ts \u00e0 long terme pour la r\u00e9putation internationale d&rsquo;Isra\u00ebl et de son \u00e9conomie.<\/p>\n<blockquote><p>\u00ab Qui est-ce qui va encore installer des usines \u00e0 puces en Isra\u00ebl pour des milliards de dollars, d\u00e9sormais, alors qu&rsquo;on ne peut m\u00eame plus amener un navire de conteneurs \u00e0 Eilat ? \u00bb,<\/p><\/blockquote>\n<p>a d\u00e9clar\u00e9 Ali Abunimah, faisant allusion \u00e0 la ville portuaire isra\u00e9lienne sur la mer Rouge.<\/p>\n<blockquote><p>Isra\u00ebl devient \u00ab le visage de la violence imp\u00e9rialiste occidentale \u2013 et cela, c&rsquo;est quelque chose qu&rsquo;on ne peut plus faire rentrer dans la bo\u00eete \u00bb,<\/p><\/blockquote>\n<p>a d\u00e9clar\u00e9 Barrows-Friedman.<\/p>\n<p>&nbsp;<\/p>\n<blockquote class=\"twitter-tweet\" data-width=\"500\" data-dnt=\"true\">\n<p lang=\"en\" dir=\"ltr\">&quot;Who is going to put billion-dollar chip plants in Israel now, when you can&#39;t even bring a container ship to Eilat?&quot; says <a href=\"https:\/\/twitter.com\/AliAbunimah?ref_src=twsrc%5Etfw\">@AliAbunimah<\/a>. <a href=\"https:\/\/t.co\/kvp7Zb76UK\">pic.twitter.com\/kvp7Zb76UK<\/a><\/p>\n<p>&mdash; Electronic Intifada (@intifada) <a href=\"https:\/\/twitter.com\/intifada\/status\/2045865371970797755?ref_src=twsrc%5Etfw\">April 19, 2026<\/a><\/p><\/blockquote>\n<p><script async src=\"https:\/\/platform.twitter.com\/widgets.js\" charset=\"utf-8\"><\/script><\/p>\n<p>\u00b0\u00b0\u00b0\u00b0\u00b0<\/p>\n<p>Vous pouvez visionner l&rsquo;\u00e9mission sur<a href=\"https:\/\/www.youtube.com\/live\/i0TQJlYAcdk\"> YouTube<\/a>, <a href=\"https:\/\/rumble.com\/v78jzbg-breaking-news-and-analysis-on-day-923-of-the-gaza-genocide-the-electronic-i.html\">Rumble<\/a> ou <a href=\"https:\/\/x.com\/intifada\/status\/2044808079943074115\">Twitter\/X<\/a> ou l&rsquo;\u00e9couter sur votre plate-forme de podcast pr\u00e9f\u00e9r\u00e9e.<\/p>\n<p>Les pr\u00e9c\u00e9dents \u00e9pisodes du livestream de The Electronic Intifada sont visibles sur votre <a href=\"https:\/\/www.youtube.com\/@TheElectronicIntifada\/streams\">canal YouTube<\/a><\/p>\n<p style=\"text-align: center;\">*****<\/p>\n<p>Publi\u00e9 le 22 avril 2026 sur<a href=\"https:\/\/electronicintifada.net\/blogs\/eli-gerzon\/livestream-hizballah-protects-lebanon\" target=\"_blank\" rel=\"noopener\"> The Electronic Intifada<\/a> sous le titre : <em>Livestream: Hizballah protects Lebanon<\/em><br \/>\nTraduction : Jean-Marie Fl\u00e9mal pour<a href=\"https:\/\/charleroi-pourlapalestine.be\/\" target=\"_blank\" rel=\"noopener\"> Charleroi pour la Palestine<\/a><\/p>\n","protected":false},"excerpt":{"rendered":"<p>La prise de contr\u00f4le de la principale voie navigable est \u00ab l&rsquo;une des plus importantes incarnations de l&rsquo;Iran, qui \u00e9merge de plus en plus fort, et non de plus en plus faible, \u00e0 la suite de cette agression militaire \u00bb,<\/p>\n","protected":false},"author":1,"featured_media":89345,"comment_status":"closed","ping_status":"closed","sticky":false,"template":"","format":"standard","meta":{"ngg_post_thumbnail":0,"footnotes":""},"categories":[6,137,142,191,25],"tags":[],"class_list":["post-89311","post","type-post","status-publish","format-standard","has-post-thumbnail","hentry","category-gaza","category-hezbollah","category-iran","category-liban","category-la-resistance-palestinienne"],"yoast_head":"<!-- This site is optimized with the Yoast SEO plugin v27.3 - https:\/\/yoast.com\/product\/yoast-seo-wordpress\/ -->\n<title>Le contr\u00f4le souverain de l&#039;Iran sur le d\u00e9troit d&#039;Ormuz fait partie d&#039;un \u00ab tournant mondial \u00bb<\/title>\n<meta name=\"description\" content=\"Les habitants de l&#039;Iran comprennent que le contr\u00f4le souverain de l&#039;Iran sur le d\u00e9troit d&#039;Ormuz fait partie d&#039;un \u00ab tournant mondial.\" \/>\n<meta name=\"robots\" content=\"index, follow, max-snippet:-1, max-image-preview:large, max-video-preview:-1\" \/>\n<link rel=\"canonical\" href=\"https:\/\/charleroi-pourlapalestine.be\/index.php\/2026\/04\/30\/la-resistance-protege-le-liban\/\" \/>\n<script type=\"application\/ld+json\" class=\"yoast-schema-graph\">{\"@context\":\"https:\\\/\\\/schema.org\",\"@graph\":[{\"@type\":\"Article\",\"@id\":\"https:\\\/\\\/charleroi-pourlapalestine.be\\\/index.php\\\/2026\\\/04\\\/30\\\/la-resistance-protege-le-liban\\\/#article\",\"isPartOf\":{\"@id\":\"https:\\\/\\\/charleroi-pourlapalestine.be\\\/index.php\\\/2026\\\/04\\\/30\\\/la-resistance-protege-le-liban\\\/\"},\"author\":{\"name\":\"admin1873\",\"@id\":\"https:\\\/\\\/charleroi-pourlapalestine.be\\\/#\\\/schema\\\/person\\\/c19ff515112f1299d8c12671d8fe3faa\"},\"headline\":\"Le contr\u00f4le souverain de l&rsquo;Iran sur le d\u00e9troit d&rsquo;Ormuz fait partie d&rsquo;un \u00ab tournant mondial \u00bb\",\"datePublished\":\"2026-04-30T00:25:31+00:00\",\"dateModified\":\"2026-04-30T00:54:16+00:00\",\"mainEntityOfPage\":{\"@id\":\"https:\\\/\\\/charleroi-pourlapalestine.be\\\/index.php\\\/2026\\\/04\\\/30\\\/la-resistance-protege-le-liban\\\/\"},\"wordCount\":1488,\"publisher\":{\"@id\":\"https:\\\/\\\/charleroi-pourlapalestine.be\\\/#organization\"},\"image\":{\"@id\":\"https:\\\/\\\/charleroi-pourlapalestine.be\\\/index.php\\\/2026\\\/04\\\/30\\\/la-resistance-protege-le-liban\\\/#primaryimage\"},\"thumbnailUrl\":\"https:\\\/\\\/charleroi-pourlapalestine.be\\\/wp-content\\\/uploads\\\/2026\\\/04\\\/Its-a-global-turning-e1777510364500.png\",\"articleSection\":[\"Gaza\",\"Hezbollah\",\"Iran\",\"Liban\",\"R\u00e9sistance\"],\"inLanguage\":\"fr-FR\"},{\"@type\":\"WebPage\",\"@id\":\"https:\\\/\\\/charleroi-pourlapalestine.be\\\/index.php\\\/2026\\\/04\\\/30\\\/la-resistance-protege-le-liban\\\/\",\"url\":\"https:\\\/\\\/charleroi-pourlapalestine.be\\\/index.php\\\/2026\\\/04\\\/30\\\/la-resistance-protege-le-liban\\\/\",\"name\":\"Le contr\u00f4le souverain de l'Iran sur le d\u00e9troit d'Ormuz fait partie d'un \u00ab tournant mondial \u00bb\",\"isPartOf\":{\"@id\":\"https:\\\/\\\/charleroi-pourlapalestine.be\\\/#website\"},\"primaryImageOfPage\":{\"@id\":\"https:\\\/\\\/charleroi-pourlapalestine.be\\\/index.php\\\/2026\\\/04\\\/30\\\/la-resistance-protege-le-liban\\\/#primaryimage\"},\"image\":{\"@id\":\"https:\\\/\\\/charleroi-pourlapalestine.be\\\/index.php\\\/2026\\\/04\\\/30\\\/la-resistance-protege-le-liban\\\/#primaryimage\"},\"thumbnailUrl\":\"https:\\\/\\\/charleroi-pourlapalestine.be\\\/wp-content\\\/uploads\\\/2026\\\/04\\\/Its-a-global-turning-e1777510364500.png\",\"datePublished\":\"2026-04-30T00:25:31+00:00\",\"dateModified\":\"2026-04-30T00:54:16+00:00\",\"description\":\"Les habitants de l'Iran comprennent que le contr\u00f4le souverain de l'Iran sur le d\u00e9troit d'Ormuz fait partie d'un \u00ab tournant mondial.\",\"breadcrumb\":{\"@id\":\"https:\\\/\\\/charleroi-pourlapalestine.be\\\/index.php\\\/2026\\\/04\\\/30\\\/la-resistance-protege-le-liban\\\/#breadcrumb\"},\"inLanguage\":\"fr-FR\",\"potentialAction\":[{\"@type\":\"ReadAction\",\"target\":[\"https:\\\/\\\/charleroi-pourlapalestine.be\\\/index.php\\\/2026\\\/04\\\/30\\\/la-resistance-protege-le-liban\\\/\"]}]},{\"@type\":\"ImageObject\",\"inLanguage\":\"fr-FR\",\"@id\":\"https:\\\/\\\/charleroi-pourlapalestine.be\\\/index.php\\\/2026\\\/04\\\/30\\\/la-resistance-protege-le-liban\\\/#primaryimage\",\"url\":\"https:\\\/\\\/charleroi-pourlapalestine.be\\\/wp-content\\\/uploads\\\/2026\\\/04\\\/Its-a-global-turning-e1777510364500.png\",\"contentUrl\":\"https:\\\/\\\/charleroi-pourlapalestine.be\\\/wp-content\\\/uploads\\\/2026\\\/04\\\/Its-a-global-turning-e1777510364500.png\",\"width\":632,\"height\":341},{\"@type\":\"BreadcrumbList\",\"@id\":\"https:\\\/\\\/charleroi-pourlapalestine.be\\\/index.php\\\/2026\\\/04\\\/30\\\/la-resistance-protege-le-liban\\\/#breadcrumb\",\"itemListElement\":[{\"@type\":\"ListItem\",\"position\":1,\"name\":\"Accueil\",\"item\":\"https:\\\/\\\/charleroi-pourlapalestine.be\\\/\"},{\"@type\":\"ListItem\",\"position\":2,\"name\":\"Le contr\u00f4le souverain de l&rsquo;Iran sur le d\u00e9troit d&rsquo;Ormuz fait partie d&rsquo;un \u00ab tournant mondial \u00bb\"}]},{\"@type\":\"WebSite\",\"@id\":\"https:\\\/\\\/charleroi-pourlapalestine.be\\\/#website\",\"url\":\"https:\\\/\\\/charleroi-pourlapalestine.be\\\/\",\"name\":\"Charleroi Pour la Palestine\",\"description\":\"\",\"publisher\":{\"@id\":\"https:\\\/\\\/charleroi-pourlapalestine.be\\\/#organization\"},\"potentialAction\":[{\"@type\":\"SearchAction\",\"target\":{\"@type\":\"EntryPoint\",\"urlTemplate\":\"https:\\\/\\\/charleroi-pourlapalestine.be\\\/?s={search_term_string}\"},\"query-input\":{\"@type\":\"PropertyValueSpecification\",\"valueRequired\":true,\"valueName\":\"search_term_string\"}}],\"inLanguage\":\"fr-FR\"},{\"@type\":\"Organization\",\"@id\":\"https:\\\/\\\/charleroi-pourlapalestine.be\\\/#organization\",\"name\":\"Plate-forme Charleroi-Palestine\",\"url\":\"https:\\\/\\\/charleroi-pourlapalestine.be\\\/\",\"logo\":{\"@type\":\"ImageObject\",\"inLanguage\":\"fr-FR\",\"@id\":\"https:\\\/\\\/charleroi-pourlapalestine.be\\\/#\\\/schema\\\/logo\\\/image\\\/\",\"url\":\"https:\\\/\\\/charleroi-pourlapalestine.be\\\/wp-content\\\/uploads\\\/2020\\\/01\\\/logo-Copy.jpg\",\"contentUrl\":\"https:\\\/\\\/charleroi-pourlapalestine.be\\\/wp-content\\\/uploads\\\/2020\\\/01\\\/logo-Copy.jpg\",\"width\":180,\"height\":180,\"caption\":\"Plate-forme Charleroi-Palestine\"},\"image\":{\"@id\":\"https:\\\/\\\/charleroi-pourlapalestine.be\\\/#\\\/schema\\\/logo\\\/image\\\/\"},\"sameAs\":[\"https:\\\/\\\/www.facebook.com\\\/PlateformeCharleroiPalestine\\\/\",\"https:\\\/\\\/x.com\\\/LaCharleroi\"]},{\"@type\":\"Person\",\"@id\":\"https:\\\/\\\/charleroi-pourlapalestine.be\\\/#\\\/schema\\\/person\\\/c19ff515112f1299d8c12671d8fe3faa\",\"name\":\"admin1873\",\"url\":\"https:\\\/\\\/charleroi-pourlapalestine.be\\\/index.php\\\/author\\\/admin1873\\\/\"}]}<\/script>\n<!-- \/ Yoast SEO plugin. -->","yoast_head_json":{"title":"Le contr\u00f4le souverain de l'Iran sur le d\u00e9troit d'Ormuz fait partie d'un \u00ab tournant mondial \u00bb","description":"Les habitants de l'Iran comprennent que le contr\u00f4le souverain de l'Iran sur le d\u00e9troit d'Ormuz fait partie d'un \u00ab tournant mondial.","robots":{"index":"index","follow":"follow","max-snippet":"max-snippet:-1","max-image-preview":"max-image-preview:large","max-video-preview":"max-video-preview:-1"},"canonical":"https:\/\/charleroi-pourlapalestine.be\/index.php\/2026\/04\/30\/la-resistance-protege-le-liban\/","schema":{"@context":"https:\/\/schema.org","@graph":[{"@type":"Article","@id":"https:\/\/charleroi-pourlapalestine.be\/index.php\/2026\/04\/30\/la-resistance-protege-le-liban\/#article","isPartOf":{"@id":"https:\/\/charleroi-pourlapalestine.be\/index.php\/2026\/04\/30\/la-resistance-protege-le-liban\/"},"author":{"name":"admin1873","@id":"https:\/\/charleroi-pourlapalestine.be\/#\/schema\/person\/c19ff515112f1299d8c12671d8fe3faa"},"headline":"Le contr\u00f4le souverain de l&rsquo;Iran sur le d\u00e9troit d&rsquo;Ormuz fait partie d&rsquo;un \u00ab tournant mondial \u00bb","datePublished":"2026-04-30T00:25:31+00:00","dateModified":"2026-04-30T00:54:16+00:00","mainEntityOfPage":{"@id":"https:\/\/charleroi-pourlapalestine.be\/index.php\/2026\/04\/30\/la-resistance-protege-le-liban\/"},"wordCount":1488,"publisher":{"@id":"https:\/\/charleroi-pourlapalestine.be\/#organization"},"image":{"@id":"https:\/\/charleroi-pourlapalestine.be\/index.php\/2026\/04\/30\/la-resistance-protege-le-liban\/#primaryimage"},"thumbnailUrl":"https:\/\/charleroi-pourlapalestine.be\/wp-content\/uploads\/2026\/04\/Its-a-global-turning-e1777510364500.png","articleSection":["Gaza","Hezbollah","Iran","Liban","R\u00e9sistance"],"inLanguage":"fr-FR"},{"@type":"WebPage","@id":"https:\/\/charleroi-pourlapalestine.be\/index.php\/2026\/04\/30\/la-resistance-protege-le-liban\/","url":"https:\/\/charleroi-pourlapalestine.be\/index.php\/2026\/04\/30\/la-resistance-protege-le-liban\/","name":"Le contr\u00f4le souverain de l'Iran sur le d\u00e9troit d'Ormuz fait partie d'un \u00ab tournant mondial \u00bb","isPartOf":{"@id":"https:\/\/charleroi-pourlapalestine.be\/#website"},"primaryImageOfPage":{"@id":"https:\/\/charleroi-pourlapalestine.be\/index.php\/2026\/04\/30\/la-resistance-protege-le-liban\/#primaryimage"},"image":{"@id":"https:\/\/charleroi-pourlapalestine.be\/index.php\/2026\/04\/30\/la-resistance-protege-le-liban\/#primaryimage"},"thumbnailUrl":"https:\/\/charleroi-pourlapalestine.be\/wp-content\/uploads\/2026\/04\/Its-a-global-turning-e1777510364500.png","datePublished":"2026-04-30T00:25:31+00:00","dateModified":"2026-04-30T00:54:16+00:00","description":"Les habitants de l'Iran comprennent que le contr\u00f4le souverain de l'Iran sur le d\u00e9troit d'Ormuz fait partie d'un \u00ab tournant mondial.","breadcrumb":{"@id":"https:\/\/charleroi-pourlapalestine.be\/index.php\/2026\/04\/30\/la-resistance-protege-le-liban\/#breadcrumb"},"inLanguage":"fr-FR","potentialAction":[{"@type":"ReadAction","target":["https:\/\/charleroi-pourlapalestine.be\/index.php\/2026\/04\/30\/la-resistance-protege-le-liban\/"]}]},{"@type":"ImageObject","inLanguage":"fr-FR","@id":"https:\/\/charleroi-pourlapalestine.be\/index.php\/2026\/04\/30\/la-resistance-protege-le-liban\/#primaryimage","url":"https:\/\/charleroi-pourlapalestine.be\/wp-content\/uploads\/2026\/04\/Its-a-global-turning-e1777510364500.png","contentUrl":"https:\/\/charleroi-pourlapalestine.be\/wp-content\/uploads\/2026\/04\/Its-a-global-turning-e1777510364500.png","width":632,"height":341},{"@type":"BreadcrumbList","@id":"https:\/\/charleroi-pourlapalestine.be\/index.php\/2026\/04\/30\/la-resistance-protege-le-liban\/#breadcrumb","itemListElement":[{"@type":"ListItem","position":1,"name":"Accueil","item":"https:\/\/charleroi-pourlapalestine.be\/"},{"@type":"ListItem","position":2,"name":"Le contr\u00f4le souverain de l&rsquo;Iran sur le d\u00e9troit d&rsquo;Ormuz fait partie d&rsquo;un \u00ab tournant mondial \u00bb"}]},{"@type":"WebSite","@id":"https:\/\/charleroi-pourlapalestine.be\/#website","url":"https:\/\/charleroi-pourlapalestine.be\/","name":"Charleroi Pour la Palestine","description":"","publisher":{"@id":"https:\/\/charleroi-pourlapalestine.be\/#organization"},"potentialAction":[{"@type":"SearchAction","target":{"@type":"EntryPoint","urlTemplate":"https:\/\/charleroi-pourlapalestine.be\/?s={search_term_string}"},"query-input":{"@type":"PropertyValueSpecification","valueRequired":true,"valueName":"search_term_string"}}],"inLanguage":"fr-FR"},{"@type":"Organization","@id":"https:\/\/charleroi-pourlapalestine.be\/#organization","name":"Plate-forme Charleroi-Palestine","url":"https:\/\/charleroi-pourlapalestine.be\/","logo":{"@type":"ImageObject","inLanguage":"fr-FR","@id":"https:\/\/charleroi-pourlapalestine.be\/#\/schema\/logo\/image\/","url":"https:\/\/charleroi-pourlapalestine.be\/wp-content\/uploads\/2020\/01\/logo-Copy.jpg","contentUrl":"https:\/\/charleroi-pourlapalestine.be\/wp-content\/uploads\/2020\/01\/logo-Copy.jpg","width":180,"height":180,"caption":"Plate-forme Charleroi-Palestine"},"image":{"@id":"https:\/\/charleroi-pourlapalestine.be\/#\/schema\/logo\/image\/"},"sameAs":["https:\/\/www.facebook.com\/PlateformeCharleroiPalestine\/","https:\/\/x.com\/LaCharleroi"]},{"@type":"Person","@id":"https:\/\/charleroi-pourlapalestine.be\/#\/schema\/person\/c19ff515112f1299d8c12671d8fe3faa","name":"admin1873","url":"https:\/\/charleroi-pourlapalestine.be\/index.php\/author\/admin1873\/"}]}},"_links":{"self":[{"href":"https:\/\/charleroi-pourlapalestine.be\/index.php\/wp-json\/wp\/v2\/posts\/89311","targetHints":{"allow":["GET"]}}],"collection":[{"href":"https:\/\/charleroi-pourlapalestine.be\/index.php\/wp-json\/wp\/v2\/posts"}],"about":[{"href":"https:\/\/charleroi-pourlapalestine.be\/index.php\/wp-json\/wp\/v2\/types\/post"}],"author":[{"embeddable":true,"href":"https:\/\/charleroi-pourlapalestine.be\/index.php\/wp-json\/wp\/v2\/users\/1"}],"replies":[{"embeddable":true,"href":"https:\/\/charleroi-pourlapalestine.be\/index.php\/wp-json\/wp\/v2\/comments?post=89311"}],"version-history":[{"count":20,"href":"https:\/\/charleroi-pourlapalestine.be\/index.php\/wp-json\/wp\/v2\/posts\/89311\/revisions"}],"predecessor-version":[{"id":89346,"href":"https:\/\/charleroi-pourlapalestine.be\/index.php\/wp-json\/wp\/v2\/posts\/89311\/revisions\/89346"}],"wp:featuredmedia":[{"embeddable":true,"href":"https:\/\/charleroi-pourlapalestine.be\/index.php\/wp-json\/wp\/v2\/media\/89345"}],"wp:attachment":[{"href":"https:\/\/charleroi-pourlapalestine.be\/index.php\/wp-json\/wp\/v2\/media?parent=89311"}],"wp:term":[{"taxonomy":"category","embeddable":true,"href":"https:\/\/charleroi-pourlapalestine.be\/index.php\/wp-json\/wp\/v2\/categories?post=89311"},{"taxonomy":"post_tag","embeddable":true,"href":"https:\/\/charleroi-pourlapalestine.be\/index.php\/wp-json\/wp\/v2\/tags?post=89311"}],"curies":[{"name":"wp","href":"https:\/\/api.w.org\/{rel}","templated":true}]}}