{"id":8966,"date":"2020-03-12T11:34:19","date_gmt":"2020-03-12T10:34:19","guid":{"rendered":"https:\/\/charleroi-pourlapalestine.be\/?p=8966"},"modified":"2020-04-14T13:38:45","modified_gmt":"2020-04-14T11:38:45","slug":"resister-au-deal-de-trump-comme-je-lai-appris-de-sitti-tamam","status":"publish","type":"post","link":"https:\/\/charleroi-pourlapalestine.be\/index.php\/2020\/03\/12\/resister-au-deal-de-trump-comme-je-lai-appris-de-sitti-tamam\/","title":{"rendered":"R\u00e9sister au <em>\u00ab\u00a0deal\u00a0\u00bb<\/em> de Trump comme je l&rsquo;ai appris de <em>\u00ab\u00a0Sitti Tamam\u00a0\u00bb<\/em>"},"content":{"rendered":"<p><strong>Majed Abusalama, <\/strong>10 mars 2020<\/p>\n<div id=\"attachment_8968\" style=\"width: 430px\" class=\"wp-caption aligncenter\"><img loading=\"lazy\" decoding=\"async\" aria-describedby=\"caption-attachment-8968\" class=\"wp-image-8968 size-full\" src=\"https:\/\/charleroi-pourlapalestine.be\/wp-content\/uploads\/2020\/03\/Sitty-Tamam-Copy.jpg\" alt=\"La grand-m\u00e8re de Majed Abusalama, Sitti Tamam, face \u00e0 des soldats isra\u00e9liens qui veulent imposer un couvre-feu \u00e0 Gaza. (Photo&nbsp;: Al-Ayyam)\" width=\"420\" height=\"322\" srcset=\"https:\/\/charleroi-pourlapalestine.be\/wp-content\/uploads\/2020\/03\/Sitty-Tamam-Copy.jpg 420w, https:\/\/charleroi-pourlapalestine.be\/wp-content\/uploads\/2020\/03\/Sitty-Tamam-Copy-300x230.jpg 300w\" sizes=\"auto, (max-width: 420px) 100vw, 420px\" \/><p id=\"caption-attachment-8968\" class=\"wp-caption-text\">La grand-m\u00e8re de Majed Abusalama, Sitti Tamam, face \u00e0 des soldats isra\u00e9liens qui veulent imposer un couvre-feu \u00e0 Gaza. (Photo&nbsp;: Al-Ayyam)<\/p><\/div>\n<p>Quand il est question du <strong><em>\u00ab Deal du si\u00e8cle<\/em> \u00bb de Trump<\/strong>, toute ma famille dans la bande de Gaza en \u00e9tat de si\u00e8ge se sent d\u00e9contenanc\u00e9e, mais certes pas surprise.<\/p>\n<p>Survivants de l&rsquo;apartheid et des blocus impos\u00e9s par Isra\u00ebl, ils ont appris \u00e0 se concentrer sur une chose : la lib\u00e9ration de la Palestine.<\/p>\n<p>Les Palestiniens ont appris tr\u00e8s t\u00f4t comment les puissances coloniales n&rsquo;avaient et n&rsquo;ont toujours pas l&rsquo;intention de soutenir notre lib\u00e9ration.<\/p>\n<p>La seule chose qu&rsquo;elles veulent, c&rsquo;est nous affaiblir, d\u00e9truire notre capacit\u00e9 \u00e0 vouloir lutter et an\u00e9antir nos espoirs de libert\u00e9 et d&rsquo;\u00e9galit\u00e9.<\/p>\n<p>Trump et ses alli\u00e9s cherchent \u00e0 se servir de notre extr\u00eame vuln\u00e9rabilit\u00e9 comme d&rsquo;une arme en vue de tenter de nous emp\u00eacher de revendiquer une juste solution.<\/p>\n<p>Pendant ce temps, ils observent le sumud et la r\u00e9sistance des Palestiniens \u2013 dont le mouvement BDS est l&rsquo;un des plus grands exemples \u2013 cro\u00eetre face aux pratiques d&rsquo;apartheid d&rsquo;Isra\u00ebl.<\/p>\n<p>Le jour de l&rsquo;annonce du plan, j&rsquo;ai appel\u00e9 mes parents, qui m&rsquo;ont dit&nbsp;:<\/p>\n<blockquote><p>\u00ab&nbsp;Aussi longtemps que toi et tes fr\u00e8res et s\u0153urs serez en vie, le r\u00eave de la Palestine se poursuivra.&nbsp;\u00bb<\/p><\/blockquote>\n<p>Et mon p\u00e8re a ajout\u00e9&nbsp;:<\/p>\n<blockquote><p>\u00ab&nbsp;Nous sommes pr\u00eats pour un seul \u00c9tat et c&rsquo;est ce que nous pr\u00e9conisons depuis des g\u00e9n\u00e9rations&nbsp;; c&rsquo;est l\u00e0 la plus grande crainte des sionistes.&nbsp;\u00bb<\/p><\/blockquote>\n<p>Ma m\u00e8re, Halima, poursuit en disant&nbsp;:<\/p>\n<blockquote><p>\u00ab&nbsp;Ils s&rsquo;imaginent que les Palestiniens oublieront, mais ils n&rsquo;oublieront jamais.&nbsp;\u00bb<\/p><\/blockquote>\n<p>Cette fa\u00e7on de parler de l&rsquo;actuelle lutte de lib\u00e9ration est tr\u00e8s pr\u00e9sente dans la vie quotidienne de la Palestine depuis un si\u00e8cle au moins, et particuli\u00e8rement \u00e0 Gaza, malgr\u00e9 toute la mis\u00e8re et les incessantes agressions subies.<\/p>\n<p>Cela se remarque entre autres dans le refus des Palestiniens de se soumettre aux plans de paix normalisant l&rsquo;\u00e9puration ethnique de la Palestine.<\/p>\n<p>Tout ce qui minimise la lutte palestinienne et qui comprend moins que l&rsquo;\u00e9ventail complet des droits humains devrait \u00eatre rejet\u00e9 par tout \u00c9tat faisant preuve de moralit\u00e9.<\/p>\n<p>Les <strong>accords d&rsquo;Oslo<\/strong> ont \u00e9t\u00e9 la pire des trahisons, sur ce plan. Les capitalistes se sont vu proposer des promesses n\u00e9ocoloniales et nous continuons d&rsquo;en voir les r\u00e9sultats sur le terrain avec une <strong>Autorit\u00e9 n\u00e9olib\u00e9rale<\/strong> compl\u00e8tement corrompue sans aucun pouvoir d&rsquo;action si ce n&rsquo;est celui d&rsquo;administrer la s\u00e9curit\u00e9 en vue de prot\u00e9ger des pratiques coloniales d&rsquo;implantation.<\/p>\n<p>Les m\u00eames plans continuent \u00e0 \u00eatre introduits aujourd&rsquo;hui, mais sans m\u00eame la pr\u00e9sence des Palestiniens \u00e0 table, cette fois&nbsp;; des plans qui ne feront que d\u00e9l\u00e9gitimer les aspirations palestiniennes et les appels collectifs fondamentaux \u00e0 l&rsquo;autod\u00e9termination et au droit au retour.<\/p>\n<p>Pourtant, en d\u00e9pit de la vuln\u00e9rabilit\u00e9 des Palestiniens en Palestine colonis\u00e9e et dans la diaspora, nous continuons \u00e0 \u00e9lever la voix et \u00e0 d\u00e9fier l&rsquo;apartheid isra\u00e9lien dans tous les espaces, en rattachant la lutte palestinienne \u00e0 toute lutte anticapitaliste, anticoloniale et anti-imp\u00e9rialiste dans le monde entier.<\/p>\n<p>La r\u00e9ponse de mes parents, de mes grands-parents et de chaque Palestinien au deal de Trump, n&rsquo;est rien de moins qu&rsquo;une intensification de la r\u00e9sistance en faveur de nos droits l\u00e9gitimes et de notre droit au retour, ainsi qu&rsquo;une d\u00e9nonciation de la complicit\u00e9 de la communaut\u00e9 internationale dans l&rsquo;apartheid isra\u00e9lien.<\/p>\n<p>En de tels moments, me revient le souvenir de mes grands-parents. Leur esprit m&rsquo;observe et me dit&nbsp;:<\/p>\n<blockquote><p>\u00ab&nbsp;R\u00e9siste, Majed, r\u00e9siste, il n&rsquo;y a qu&rsquo;une seule voie.&nbsp;\u00bb<\/p><\/blockquote>\n<p>Mes parents et mes grands-parents ont toujours eu la m\u00eame r\u00e9ponse, quelle que soit la violence sous laquelle ils ont v\u00e9cu&nbsp;; ils ont r\u00e9clam\u00e9 plus de r\u00e9sistance populaire encore tant que la Palestine ne serait pas d\u00e9colonis\u00e9e.<\/p>\n<p>Ma grand-m\u00e8re, Taman, est d\u00e9c\u00e9d\u00e9e il y a treize ans, quand l&rsquo;arm\u00e9e isra\u00e9lienne a fait irruption pr\u00e8s de la maison de mon oncle, chez qui elle vivait.<\/p>\n<p>Elle s&rsquo;\u00e9tait pr\u00e9cipit\u00e9e au bas de l&rsquo;escalier et avait creus\u00e9 un trou derri\u00e8re chez elle pour y dissimuler une chose&nbsp;: les documents officiels prouvant que notre famille poss\u00e9dait bel et bien nos terres et notre propri\u00e9t\u00e9 dans un village du nom de Beit Jirja, et ce, avant la Nakba de 1948.<\/p>\n<p>Ce sont les documents officiels que nous \u2013 r\u00e9fugi\u00e9s \u00e0 Gaza et dans la diaspora \u2013 consid\u00e9rons comme le seul et v\u00e9ritable deal du si\u00e8cle.<\/p>\n<p>Ce serait un deal qui accorderait le droit au retour aux millions de r\u00e9fugi\u00e9s du monde entier qui r\u00e9sistent depuis des d\u00e9cennies et r\u00eavent de concr\u00e9tiser cette reconnaissance qui leur est garantie par les lois internationales.<\/p>\n<p>Ma grand-m\u00e8re Taman a fait une crise cardiaque le jour m\u00eame o\u00f9 elle est all\u00e9e dissimuler ces documents. Je crois que c&rsquo;est la peur panique et la crainte des bombardements massifs de l&rsquo;arm\u00e9e isra\u00e9lienne qui l&rsquo;ont tu\u00e9e.<\/p>\n<p>Elle avait quatre-vingt-cinq ans au moment de sa mort. \u00c0 l&rsquo;\u00e9poque, elle \u00e9tait bien plus \u00e2g\u00e9e que le pays d&rsquo;Isra\u00ebl, comme l&rsquo;\u00e9taient aussi de nombreux survivants de l&rsquo;\u00e9puration ethnique de notre peuple par les sionistes, qui a eu lieu durant la Nakba et par la suite.<\/p>\n<p>Ma grand-m\u00e8re Taman \u2013 ou, comme on dit en arabe, <em>\u00ab&nbsp;Sitti Taman&nbsp;\u00bb<\/em> \u2013 m&rsquo;a enseign\u00e9 une chose&nbsp;:<\/p>\n<blockquote><p>\u00ab&nbsp;Ne jamais se fier aux sionistes.&nbsp;\u00bb<\/p><\/blockquote>\n<p>Elle a toujours fait allusion \u00e0 ces gens de la fa\u00e7on qui convenait, et elle le pensait sans anbigu\u00eft\u00e9.<\/p>\n<blockquote><p>\u00ab&nbsp;Ils nous trahiront toujours et voudront toujours nos terres&nbsp;\u00bb,<\/p><\/blockquote>\n<p>disait-elle et, de ce fait, notre seule option \u00e9tait de r\u00e9sister au pouvoir colonial sioniste du mieux que nous pouvions.<\/p>\n<p>Sitti Tamam parlait toujours de Jaffa, Ha\u00effa, Nazareth, Safad, Akku (Acre) et de la montagne d&rsquo;Alkarmel (le mont Carmel) comme de lieux situ\u00e9s en Palestine.<\/p>\n<p>Elle n&rsquo;avait gu\u00e8re \u00e9t\u00e9 \u00e0 l&rsquo;\u00e9cole mais elle connaissait bien la Palestine. Elle comprenait la politique coloniale sioniste et elle savait qu&rsquo;elle \u00e9tait une r\u00e9fugi\u00e9e et qu&rsquo;elle devait r\u00e9sister aux colonisateurs.<\/p>\n<p>Elle \u00e9tait bien consciente de son identit\u00e9 et la c\u00e9l\u00e9brait quotidiennement au moyen de ses v\u00eatements brod\u00e9s.<\/p>\n<p>Sitti Taman ne s&rsquo;appropriait pas l&rsquo;identit\u00e9 d&rsquo;autrui, sur le plan des v\u00eatements et de la nourriture.<\/p>\n<p>Elle craignait d&rsquo;utiliser un v\u00eatement, m\u00eame du village voisin, parce qu&rsquo;elle \u00e9tait fi\u00e8re de l&rsquo;h\u00e9ritage de son propre village et qu&rsquo;elle avait coutume de respecter les v\u00eatements et la cuisine des autres villages, m\u00eame si elle se sentait tr\u00e8s proche d&rsquo;eux.<\/p>\n<p>Jusqu&rsquo;\u00e0 sa mort, Sitti Tamam a \u00e9t\u00e9 un \u00eatre humain d&rsquo;une grande bont\u00e9, gentil et attentionn\u00e9 qui aimait la divezrsit\u00e9 de notre h\u00e9ritage palestinien, du fleuve \u00e0 la mer.<\/p>\n<p>Sitti Tamam n&rsquo;a jamais accept\u00e9 la solution \u00e0 deux \u00c9tats, disant toujours que ceux qui c\u00e9deraient en acceptant de r\u00e9cup\u00e9rer 22 pour 100 de nos terres palestiniennes \u00e9taient des tra\u00eetres.<\/p>\n<p>Elle disait toujours que les Juifs isra\u00e9liens \u00e9taient des l\u00e2ches parce qu&rsquo;ils acceptaient d&rsquo;\u00eatre dirig\u00e9s par des sionistes.<\/p>\n<p>Sitti parlait toujours du village voisin du n\u00f4tre o\u00f9 vivait un fermier juif qui \u00e9tait l&rsquo;ami de tous dans notre village et cela se passait sans le moindre probl\u00e8me.<\/p>\n<p>Mais ce sont les sionistes qui ont provoqu\u00e9 les probl\u00e8mes dans la Palestine historique.<\/p>\n<p>Je pense que Sitti Tamam aurait \u00e9t\u00e9 une grande partisane de la solution \u00e0 un seul \u00c9tat&nbsp;: elle disait toujours que les sionistes \u00e9taient les fauteurs de troubles.<\/p>\n<p>Je ne doute pas un seul instant que Sitti Tamam aurait imagin\u00e9 un meilleur deal que celui de Donald Trump.<\/p>\n<p>Sitti Tamam avait grandi en r\u00e9sistant aux colonisateurs britanniques et sionistes.<\/p>\n<p>Elle bravait tous les couvre-feux sionistes dans notre camp et il lui arrivait m\u00eame de faire les gros titres de la presse pour avoir d\u00e9fi\u00e9 les militaires.<\/p>\n<p>Elle assistait \u00e0 chaque manifestation de solidarit\u00e9 avec les prisonniers palestiniens et disaient d&rsquo;eux qu&rsquo;ils \u00e9taient ses fils et ses filles.<\/p>\n<p>Elle consacrait son existence \u00e0 notre communaut\u00e9, telle une femme compatissante et passionn\u00e9e qui ne tournait pas autour du pot pour exprimer ses revendications.<\/p>\n<p>Elle disait toujours :<\/p>\n<blockquote><p>\u00ab Je ne connais pas L\u00e9nine ou Karl Marx, mais je sais que l&rsquo;injustice et l&rsquo;oppresion doivent prendre fin. \u00bb<\/p><\/blockquote>\n<p>Elle insistait pour que ses six fils et ses deux filles r\u00e9sistent au colonialisme sioniste et participent \u00e0 des manifestations politiques tant qu&rsquo;ils ne seraient pas tous emprisonn\u00e9s en raison de leur lutte politique contre le sionisme et le colonialisme d&rsquo;implantation.<\/p>\n<p>Le dernier de ses enfants \u00e0 avoir \u00e9t\u00e9 en prison \u00e9tait mon p\u00e8re, Ismael, emprisonn\u00e9 pendant dix-huit ans en sa qualit\u00e9 de dirigeant du<strong> FPLP<\/strong> (Front populaire de lib\u00e9ration de la Palestine). C&rsquo;\u00e9tait une fi\u00e8re grand-m\u00e8re palestinienne.<\/p>\n<p>Elle n&rsquo;avait pas appris la politique \u00e0 Princeton ou \u00e0 Georgetown, mais elle savait o\u00f9 se trouvait la v\u00e9rit\u00e9 et elle ne plaidait qu&rsquo;en faveur de cette m\u00eame v\u00e9rit\u00e9. Je crois que sa v\u00e9rit\u00e9 \u00e0 elle devrait \u00eatre l&rsquo;officiel <em>\u00ab Deal du si\u00e8cle \u00bb.<\/em><\/p>\n<p>L&rsquo;esprit de ma grand-m\u00e8re a \u00e9t\u00e9 plant\u00e9 comme des semences dans des dizaines d&rsquo;enfants qui n&rsquo;oublieront jamais la Palestine que nous avons apprise dans les histoire de nos grands-parents et autres personnes \u00e2g\u00e9es. Ils nous ont enseign\u00e9 cette v\u00e9rit\u00e9 m\u00eame que bien des Occidentaux et Isra\u00e9liens refusent d&rsquo;entendre.<\/p>\n<p>Pourrons-nous bient\u00f4t nous mettre \u00e0 travailler au profit de l&rsquo;\u00e9galit\u00e9 absolue en Palestine \/ Isra\u00ebl&nbsp;?<\/p>\n<p>Ne sommes-nous pas suffisamment courageux et r\u00e9volutionnaires pour \u00eatre des r\u00eaveurs radicaux&nbsp;?<\/p>\n<p>Je crois que nous pouvons y arriver. Ce sera cette fois au tour des dirigeants d&rsquo;accepter le deal de la masse, le deal du peuple.<\/p>\n<p>La vid\u00e9o qui suit reprend une interview de<strong> Sitti Tamam<\/strong>, extraite du film <em><strong>And Still They Dance<\/strong> (Et ils dansent toujours)&nbsp;<\/em>:<\/p>\n<div class=\"video-container\"><iframe loading=\"lazy\" title=\"And Still They Dance by Mushier Alfarra\" width=\"500\" height=\"375\" src=\"https:\/\/www.youtube.com\/embed\/EysgNnjnSgs?feature=oembed&#038;wmode=opaque\" frameborder=\"0\" allow=\"accelerometer; autoplay; clipboard-write; encrypted-media; gyroscope; picture-in-picture; web-share\" referrerpolicy=\"strict-origin-when-cross-origin\" allowfullscreen><\/iframe><\/div>\n<p>&nbsp;<\/p>\n<div id=\"attachment_8974\" style=\"width: 160px\" class=\"wp-caption alignright\"><img loading=\"lazy\" decoding=\"async\" aria-describedby=\"caption-attachment-8974\" class=\"wp-image-8974 size-thumbnail\" src=\"https:\/\/charleroi-pourlapalestine.be\/wp-content\/uploads\/2020\/03\/majed-1-150x150.jpg\" alt=\"\" width=\"150\" height=\"150\"><p id=\"caption-attachment-8974\" class=\"wp-caption-text\">Majed Abusalama<\/p><\/div>\n<p><strong>Majed Abusalama<\/strong> est n\u00e9 et a \u00e9t\u00e9 \u00e9lev\u00e9 en tant que r\u00e9fugi\u00e9 (et fier de l&rsquo;\u00eatre) du camp de r\u00e9fugi\u00e9s de Jabaliya \u00e0 Gaza.<\/p>\n<p>Majed fait partie de l&rsquo;\u00e9quipe du site Internet <a href=\"https:\/\/wearenotnumbers.org\/\" target=\"_blank\" rel=\"noopener noreferrer\"><em><strong>We Are Not Numbers<\/strong> <\/em><\/a>(<em>Nous ne sommes pas des num\u00e9ros<\/em>), et il est cofondateur de la <em><strong>Palestine Speaks Coalition<\/strong> (Coalition Paroles de Palestine<\/em>) en Allemagne et du site internet h\u00e9breu&nbsp;: www.bordergone.com. On peut le suivre sur Twitter&nbsp;: @MajedAbusalama.<\/p>\n<p><strong>Majed Abusalam<\/strong> est activiste <strong>BDS<\/strong> et \u00e9tait accus\u00e9, avec <strong>Ronnie Barkan<\/strong>, dans le proc\u00e8s des <em>\u00ab trois de Humboldt \u00bb<\/em>.<br \/>\nA ce propos, lisez ici :<br \/>\n<a href=\"https:\/\/charleroi-pourlapalestine.be\/index.php\/2019\/03\/07\/le-discours-de-ronnie-barkan-dans-un-tribunal-de-berlin-je-suis-ici-en-accusateur-pas-en-accuse\/\">Le discours de Ronnie Barkan dans un tribunal de Berlin :<em> \u00abJe suis ici en accusateur, pas en accus\u00e9.\u00bb<\/em><\/a><\/p>\n<p>&nbsp;<\/p>\n","protected":false},"excerpt":{"rendered":"<p>Majed Abusalama : Je ne doute pas un seul instant que Sitti Tamam aurait imagin\u00e9 un meilleur deal que celui de Trump, un deal de la masse, un deal du peuple<\/p>\n","protected":false},"author":1,"featured_media":8968,"comment_status":"closed","ping_status":"closed","sticky":false,"template":"","format":"standard","meta":{"ngg_post_thumbnail":0,"footnotes":""},"categories":[99,52,106,20,23,9,25,103,112],"tags":[],"class_list":["post-8966","post","type-post","status-publish","format-standard","has-post-thumbnail","hentry","category-droit-au-retour","category-la-cour-penale-internationale","category-fplp","category-la-nakba","category-oslo","category-les-refugies-pamestiniens","category-la-resistance-palestinienne","category-un-seul-etat-democratique","category-video"],"yoast_head":"<!-- This site is optimized with the Yoast SEO plugin v27.3 - https:\/\/yoast.com\/product\/yoast-seo-wordpress\/ -->\n<title>R\u00e9sister au &quot;deal&quot; de Trump comme je l&#039;ai appris de &quot;Sitti Tamam&quot;<\/title>\n<meta name=\"description\" content=\"Majed Abusalama : Je ne doute pas un seul instant que Sitti Tamam aurait imagin\u00e9 un meilleur deal que celui de Trump, un deal de la masse, un deal du peuple\" \/>\n<meta name=\"robots\" content=\"index, follow, max-snippet:-1, max-image-preview:large, max-video-preview:-1\" \/>\n<link rel=\"canonical\" href=\"https:\/\/charleroi-pourlapalestine.be\/index.php\/2020\/03\/12\/resister-au-deal-de-trump-comme-je-lai-appris-de-sitti-tamam\/\" \/>\n<script type=\"application\/ld+json\" class=\"yoast-schema-graph\">{\"@context\":\"https:\\\/\\\/schema.org\",\"@graph\":[{\"@type\":\"Article\",\"@id\":\"https:\\\/\\\/charleroi-pourlapalestine.be\\\/index.php\\\/2020\\\/03\\\/12\\\/resister-au-deal-de-trump-comme-je-lai-appris-de-sitti-tamam\\\/#article\",\"isPartOf\":{\"@id\":\"https:\\\/\\\/charleroi-pourlapalestine.be\\\/index.php\\\/2020\\\/03\\\/12\\\/resister-au-deal-de-trump-comme-je-lai-appris-de-sitti-tamam\\\/\"},\"author\":{\"name\":\"admin1873\",\"@id\":\"https:\\\/\\\/charleroi-pourlapalestine.be\\\/#\\\/schema\\\/person\\\/c19ff515112f1299d8c12671d8fe3faa\"},\"headline\":\"R\u00e9sister au \u00ab\u00a0deal\u00a0\u00bb de Trump comme je l&rsquo;ai appris de \u00ab\u00a0Sitti Tamam\u00a0\u00bb\",\"datePublished\":\"2020-03-12T10:34:19+00:00\",\"dateModified\":\"2020-04-14T11:38:45+00:00\",\"mainEntityOfPage\":{\"@id\":\"https:\\\/\\\/charleroi-pourlapalestine.be\\\/index.php\\\/2020\\\/03\\\/12\\\/resister-au-deal-de-trump-comme-je-lai-appris-de-sitti-tamam\\\/\"},\"wordCount\":1922,\"publisher\":{\"@id\":\"https:\\\/\\\/charleroi-pourlapalestine.be\\\/#organization\"},\"image\":{\"@id\":\"https:\\\/\\\/charleroi-pourlapalestine.be\\\/index.php\\\/2020\\\/03\\\/12\\\/resister-au-deal-de-trump-comme-je-lai-appris-de-sitti-tamam\\\/#primaryimage\"},\"thumbnailUrl\":\"https:\\\/\\\/charleroi-pourlapalestine.be\\\/wp-content\\\/uploads\\\/2020\\\/03\\\/Sitty-Tamam-Copy.jpg\",\"articleSection\":[\"Droit au retour\",\"Etats-Unis\",\"FPLP\",\"Nakba\",\"Oslo\",\"R\u00e9fugi\u00e9s\",\"R\u00e9sistance\",\"Un Etat\",\"Vid\u00e9os\"],\"inLanguage\":\"fr-FR\"},{\"@type\":\"WebPage\",\"@id\":\"https:\\\/\\\/charleroi-pourlapalestine.be\\\/index.php\\\/2020\\\/03\\\/12\\\/resister-au-deal-de-trump-comme-je-lai-appris-de-sitti-tamam\\\/\",\"url\":\"https:\\\/\\\/charleroi-pourlapalestine.be\\\/index.php\\\/2020\\\/03\\\/12\\\/resister-au-deal-de-trump-comme-je-lai-appris-de-sitti-tamam\\\/\",\"name\":\"R\u00e9sister au \\\"deal\\\" de Trump comme je l'ai appris de \\\"Sitti Tamam\\\"\",\"isPartOf\":{\"@id\":\"https:\\\/\\\/charleroi-pourlapalestine.be\\\/#website\"},\"primaryImageOfPage\":{\"@id\":\"https:\\\/\\\/charleroi-pourlapalestine.be\\\/index.php\\\/2020\\\/03\\\/12\\\/resister-au-deal-de-trump-comme-je-lai-appris-de-sitti-tamam\\\/#primaryimage\"},\"image\":{\"@id\":\"https:\\\/\\\/charleroi-pourlapalestine.be\\\/index.php\\\/2020\\\/03\\\/12\\\/resister-au-deal-de-trump-comme-je-lai-appris-de-sitti-tamam\\\/#primaryimage\"},\"thumbnailUrl\":\"https:\\\/\\\/charleroi-pourlapalestine.be\\\/wp-content\\\/uploads\\\/2020\\\/03\\\/Sitty-Tamam-Copy.jpg\",\"datePublished\":\"2020-03-12T10:34:19+00:00\",\"dateModified\":\"2020-04-14T11:38:45+00:00\",\"description\":\"Majed Abusalama : Je ne doute pas un seul instant que Sitti Tamam aurait imagin\u00e9 un meilleur deal que celui de Trump, un deal de la masse, un deal du peuple\",\"breadcrumb\":{\"@id\":\"https:\\\/\\\/charleroi-pourlapalestine.be\\\/index.php\\\/2020\\\/03\\\/12\\\/resister-au-deal-de-trump-comme-je-lai-appris-de-sitti-tamam\\\/#breadcrumb\"},\"inLanguage\":\"fr-FR\",\"potentialAction\":[{\"@type\":\"ReadAction\",\"target\":[\"https:\\\/\\\/charleroi-pourlapalestine.be\\\/index.php\\\/2020\\\/03\\\/12\\\/resister-au-deal-de-trump-comme-je-lai-appris-de-sitti-tamam\\\/\"]}]},{\"@type\":\"ImageObject\",\"inLanguage\":\"fr-FR\",\"@id\":\"https:\\\/\\\/charleroi-pourlapalestine.be\\\/index.php\\\/2020\\\/03\\\/12\\\/resister-au-deal-de-trump-comme-je-lai-appris-de-sitti-tamam\\\/#primaryimage\",\"url\":\"https:\\\/\\\/charleroi-pourlapalestine.be\\\/wp-content\\\/uploads\\\/2020\\\/03\\\/Sitty-Tamam-Copy.jpg\",\"contentUrl\":\"https:\\\/\\\/charleroi-pourlapalestine.be\\\/wp-content\\\/uploads\\\/2020\\\/03\\\/Sitty-Tamam-Copy.jpg\",\"width\":420,\"height\":322},{\"@type\":\"BreadcrumbList\",\"@id\":\"https:\\\/\\\/charleroi-pourlapalestine.be\\\/index.php\\\/2020\\\/03\\\/12\\\/resister-au-deal-de-trump-comme-je-lai-appris-de-sitti-tamam\\\/#breadcrumb\",\"itemListElement\":[{\"@type\":\"ListItem\",\"position\":1,\"name\":\"Accueil\",\"item\":\"https:\\\/\\\/charleroi-pourlapalestine.be\\\/\"},{\"@type\":\"ListItem\",\"position\":2,\"name\":\"R\u00e9sister au &#8220;deal&#8221; de Trump comme je l&#8217;ai appris de &#8220;Sitti Tamam&#8221;\"}]},{\"@type\":\"WebSite\",\"@id\":\"https:\\\/\\\/charleroi-pourlapalestine.be\\\/#website\",\"url\":\"https:\\\/\\\/charleroi-pourlapalestine.be\\\/\",\"name\":\"Charleroi Pour la Palestine\",\"description\":\"\",\"publisher\":{\"@id\":\"https:\\\/\\\/charleroi-pourlapalestine.be\\\/#organization\"},\"potentialAction\":[{\"@type\":\"SearchAction\",\"target\":{\"@type\":\"EntryPoint\",\"urlTemplate\":\"https:\\\/\\\/charleroi-pourlapalestine.be\\\/?s={search_term_string}\"},\"query-input\":{\"@type\":\"PropertyValueSpecification\",\"valueRequired\":true,\"valueName\":\"search_term_string\"}}],\"inLanguage\":\"fr-FR\"},{\"@type\":\"Organization\",\"@id\":\"https:\\\/\\\/charleroi-pourlapalestine.be\\\/#organization\",\"name\":\"Plate-forme Charleroi-Palestine\",\"url\":\"https:\\\/\\\/charleroi-pourlapalestine.be\\\/\",\"logo\":{\"@type\":\"ImageObject\",\"inLanguage\":\"fr-FR\",\"@id\":\"https:\\\/\\\/charleroi-pourlapalestine.be\\\/#\\\/schema\\\/logo\\\/image\\\/\",\"url\":\"https:\\\/\\\/charleroi-pourlapalestine.be\\\/wp-content\\\/uploads\\\/2020\\\/01\\\/logo-Copy.jpg\",\"contentUrl\":\"https:\\\/\\\/charleroi-pourlapalestine.be\\\/wp-content\\\/uploads\\\/2020\\\/01\\\/logo-Copy.jpg\",\"width\":180,\"height\":180,\"caption\":\"Plate-forme Charleroi-Palestine\"},\"image\":{\"@id\":\"https:\\\/\\\/charleroi-pourlapalestine.be\\\/#\\\/schema\\\/logo\\\/image\\\/\"},\"sameAs\":[\"https:\\\/\\\/www.facebook.com\\\/PlateformeCharleroiPalestine\\\/\",\"https:\\\/\\\/x.com\\\/LaCharleroi\"]},{\"@type\":\"Person\",\"@id\":\"https:\\\/\\\/charleroi-pourlapalestine.be\\\/#\\\/schema\\\/person\\\/c19ff515112f1299d8c12671d8fe3faa\",\"name\":\"admin1873\",\"url\":\"https:\\\/\\\/charleroi-pourlapalestine.be\\\/index.php\\\/author\\\/admin1873\\\/\"}]}<\/script>\n<!-- \/ Yoast SEO plugin. -->","yoast_head_json":{"title":"R\u00e9sister au \"deal\" de Trump comme je l'ai appris de \"Sitti Tamam\"","description":"Majed Abusalama : Je ne doute pas un seul instant que Sitti Tamam aurait imagin\u00e9 un meilleur deal que celui de Trump, un deal de la masse, un deal du peuple","robots":{"index":"index","follow":"follow","max-snippet":"max-snippet:-1","max-image-preview":"max-image-preview:large","max-video-preview":"max-video-preview:-1"},"canonical":"https:\/\/charleroi-pourlapalestine.be\/index.php\/2020\/03\/12\/resister-au-deal-de-trump-comme-je-lai-appris-de-sitti-tamam\/","schema":{"@context":"https:\/\/schema.org","@graph":[{"@type":"Article","@id":"https:\/\/charleroi-pourlapalestine.be\/index.php\/2020\/03\/12\/resister-au-deal-de-trump-comme-je-lai-appris-de-sitti-tamam\/#article","isPartOf":{"@id":"https:\/\/charleroi-pourlapalestine.be\/index.php\/2020\/03\/12\/resister-au-deal-de-trump-comme-je-lai-appris-de-sitti-tamam\/"},"author":{"name":"admin1873","@id":"https:\/\/charleroi-pourlapalestine.be\/#\/schema\/person\/c19ff515112f1299d8c12671d8fe3faa"},"headline":"R\u00e9sister au \u00ab\u00a0deal\u00a0\u00bb de Trump comme je l&rsquo;ai appris de \u00ab\u00a0Sitti Tamam\u00a0\u00bb","datePublished":"2020-03-12T10:34:19+00:00","dateModified":"2020-04-14T11:38:45+00:00","mainEntityOfPage":{"@id":"https:\/\/charleroi-pourlapalestine.be\/index.php\/2020\/03\/12\/resister-au-deal-de-trump-comme-je-lai-appris-de-sitti-tamam\/"},"wordCount":1922,"publisher":{"@id":"https:\/\/charleroi-pourlapalestine.be\/#organization"},"image":{"@id":"https:\/\/charleroi-pourlapalestine.be\/index.php\/2020\/03\/12\/resister-au-deal-de-trump-comme-je-lai-appris-de-sitti-tamam\/#primaryimage"},"thumbnailUrl":"https:\/\/charleroi-pourlapalestine.be\/wp-content\/uploads\/2020\/03\/Sitty-Tamam-Copy.jpg","articleSection":["Droit au retour","Etats-Unis","FPLP","Nakba","Oslo","R\u00e9fugi\u00e9s","R\u00e9sistance","Un Etat","Vid\u00e9os"],"inLanguage":"fr-FR"},{"@type":"WebPage","@id":"https:\/\/charleroi-pourlapalestine.be\/index.php\/2020\/03\/12\/resister-au-deal-de-trump-comme-je-lai-appris-de-sitti-tamam\/","url":"https:\/\/charleroi-pourlapalestine.be\/index.php\/2020\/03\/12\/resister-au-deal-de-trump-comme-je-lai-appris-de-sitti-tamam\/","name":"R\u00e9sister au \"deal\" de Trump comme je l'ai appris de \"Sitti Tamam\"","isPartOf":{"@id":"https:\/\/charleroi-pourlapalestine.be\/#website"},"primaryImageOfPage":{"@id":"https:\/\/charleroi-pourlapalestine.be\/index.php\/2020\/03\/12\/resister-au-deal-de-trump-comme-je-lai-appris-de-sitti-tamam\/#primaryimage"},"image":{"@id":"https:\/\/charleroi-pourlapalestine.be\/index.php\/2020\/03\/12\/resister-au-deal-de-trump-comme-je-lai-appris-de-sitti-tamam\/#primaryimage"},"thumbnailUrl":"https:\/\/charleroi-pourlapalestine.be\/wp-content\/uploads\/2020\/03\/Sitty-Tamam-Copy.jpg","datePublished":"2020-03-12T10:34:19+00:00","dateModified":"2020-04-14T11:38:45+00:00","description":"Majed Abusalama : Je ne doute pas un seul instant que Sitti Tamam aurait imagin\u00e9 un meilleur deal que celui de Trump, un deal de la masse, un deal du peuple","breadcrumb":{"@id":"https:\/\/charleroi-pourlapalestine.be\/index.php\/2020\/03\/12\/resister-au-deal-de-trump-comme-je-lai-appris-de-sitti-tamam\/#breadcrumb"},"inLanguage":"fr-FR","potentialAction":[{"@type":"ReadAction","target":["https:\/\/charleroi-pourlapalestine.be\/index.php\/2020\/03\/12\/resister-au-deal-de-trump-comme-je-lai-appris-de-sitti-tamam\/"]}]},{"@type":"ImageObject","inLanguage":"fr-FR","@id":"https:\/\/charleroi-pourlapalestine.be\/index.php\/2020\/03\/12\/resister-au-deal-de-trump-comme-je-lai-appris-de-sitti-tamam\/#primaryimage","url":"https:\/\/charleroi-pourlapalestine.be\/wp-content\/uploads\/2020\/03\/Sitty-Tamam-Copy.jpg","contentUrl":"https:\/\/charleroi-pourlapalestine.be\/wp-content\/uploads\/2020\/03\/Sitty-Tamam-Copy.jpg","width":420,"height":322},{"@type":"BreadcrumbList","@id":"https:\/\/charleroi-pourlapalestine.be\/index.php\/2020\/03\/12\/resister-au-deal-de-trump-comme-je-lai-appris-de-sitti-tamam\/#breadcrumb","itemListElement":[{"@type":"ListItem","position":1,"name":"Accueil","item":"https:\/\/charleroi-pourlapalestine.be\/"},{"@type":"ListItem","position":2,"name":"R\u00e9sister au &#8220;deal&#8221; de Trump comme je l&#8217;ai appris de &#8220;Sitti Tamam&#8221;"}]},{"@type":"WebSite","@id":"https:\/\/charleroi-pourlapalestine.be\/#website","url":"https:\/\/charleroi-pourlapalestine.be\/","name":"Charleroi Pour la Palestine","description":"","publisher":{"@id":"https:\/\/charleroi-pourlapalestine.be\/#organization"},"potentialAction":[{"@type":"SearchAction","target":{"@type":"EntryPoint","urlTemplate":"https:\/\/charleroi-pourlapalestine.be\/?s={search_term_string}"},"query-input":{"@type":"PropertyValueSpecification","valueRequired":true,"valueName":"search_term_string"}}],"inLanguage":"fr-FR"},{"@type":"Organization","@id":"https:\/\/charleroi-pourlapalestine.be\/#organization","name":"Plate-forme Charleroi-Palestine","url":"https:\/\/charleroi-pourlapalestine.be\/","logo":{"@type":"ImageObject","inLanguage":"fr-FR","@id":"https:\/\/charleroi-pourlapalestine.be\/#\/schema\/logo\/image\/","url":"https:\/\/charleroi-pourlapalestine.be\/wp-content\/uploads\/2020\/01\/logo-Copy.jpg","contentUrl":"https:\/\/charleroi-pourlapalestine.be\/wp-content\/uploads\/2020\/01\/logo-Copy.jpg","width":180,"height":180,"caption":"Plate-forme Charleroi-Palestine"},"image":{"@id":"https:\/\/charleroi-pourlapalestine.be\/#\/schema\/logo\/image\/"},"sameAs":["https:\/\/www.facebook.com\/PlateformeCharleroiPalestine\/","https:\/\/x.com\/LaCharleroi"]},{"@type":"Person","@id":"https:\/\/charleroi-pourlapalestine.be\/#\/schema\/person\/c19ff515112f1299d8c12671d8fe3faa","name":"admin1873","url":"https:\/\/charleroi-pourlapalestine.be\/index.php\/author\/admin1873\/"}]}},"_links":{"self":[{"href":"https:\/\/charleroi-pourlapalestine.be\/index.php\/wp-json\/wp\/v2\/posts\/8966","targetHints":{"allow":["GET"]}}],"collection":[{"href":"https:\/\/charleroi-pourlapalestine.be\/index.php\/wp-json\/wp\/v2\/posts"}],"about":[{"href":"https:\/\/charleroi-pourlapalestine.be\/index.php\/wp-json\/wp\/v2\/types\/post"}],"author":[{"embeddable":true,"href":"https:\/\/charleroi-pourlapalestine.be\/index.php\/wp-json\/wp\/v2\/users\/1"}],"replies":[{"embeddable":true,"href":"https:\/\/charleroi-pourlapalestine.be\/index.php\/wp-json\/wp\/v2\/comments?post=8966"}],"version-history":[{"count":0,"href":"https:\/\/charleroi-pourlapalestine.be\/index.php\/wp-json\/wp\/v2\/posts\/8966\/revisions"}],"wp:featuredmedia":[{"embeddable":true,"href":"https:\/\/charleroi-pourlapalestine.be\/index.php\/wp-json\/wp\/v2\/media\/8968"}],"wp:attachment":[{"href":"https:\/\/charleroi-pourlapalestine.be\/index.php\/wp-json\/wp\/v2\/media?parent=8966"}],"wp:term":[{"taxonomy":"category","embeddable":true,"href":"https:\/\/charleroi-pourlapalestine.be\/index.php\/wp-json\/wp\/v2\/categories?post=8966"},{"taxonomy":"post_tag","embeddable":true,"href":"https:\/\/charleroi-pourlapalestine.be\/index.php\/wp-json\/wp\/v2\/tags?post=8966"}],"curies":[{"name":"wp","href":"https:\/\/api.w.org\/{rel}","templated":true}]}}