{"id":90029,"date":"2026-09-02T16:18:27","date_gmt":"2026-09-02T14:18:27","guid":{"rendered":"https:\/\/charleroi-pourlapalestine.be\/?p=90029"},"modified":"2026-09-02T18:16:07","modified_gmt":"2026-09-02T16:16:07","slug":"__trashed-3","status":"publish","type":"post","link":"https:\/\/charleroi-pourlapalestine.be\/index.php\/2026\/09\/02\/__trashed-3\/","title":{"rendered":"Vos amendes, vos sanctions n&rsquo;arr\u00eateront pas nos actions !"},"content":{"rendered":"<p>C&rsquo;est aux cris de <em><strong>\u00ab\u00a0Vos amendes, vos sanctions n&rsquo;arr\u00eateront pas non actions\u00a0\u00bb<\/strong> , <strong>\u00ab\u00a0Gaza, Gaza, on n&rsquo;oublie pas\u00a0\u00bb,&nbsp; Free free Palestine, Boycott Israel\u00a0\u00bb, <\/strong><\/em>que des soutiens \u00e0 <strong>Charleroi pour la Palestine<\/strong> se sont rassembl\u00e9s ce lundi soir devant l&rsquo;H\u00f4tel de Ville de&nbsp; Charleroi, o\u00f9 se tenait le Conseil communal.<\/p>\n<h3>&nbsp;<\/h3>\n<p><img loading=\"lazy\" decoding=\"async\" class=\"aligncenter wp-image-90102 size-large\" src=\"https:\/\/charleroi-pourlapalestine.be\/wp-content\/uploads\/2026\/08\/31-aout-1-667x500.jpg\" alt=\"\" width=\"667\" height=\"500\" srcset=\"https:\/\/charleroi-pourlapalestine.be\/wp-content\/uploads\/2026\/08\/31-aout-1-667x500.jpg 667w, https:\/\/charleroi-pourlapalestine.be\/wp-content\/uploads\/2026\/08\/31-aout-1-333x250.jpg 333w, https:\/\/charleroi-pourlapalestine.be\/wp-content\/uploads\/2026\/08\/31-aout-1-768x576.jpg 768w, https:\/\/charleroi-pourlapalestine.be\/wp-content\/uploads\/2026\/08\/31-aout-1-1536x1152.jpg 1536w, https:\/\/charleroi-pourlapalestine.be\/wp-content\/uploads\/2026\/08\/31-aout-1.jpg 2048w\" sizes=\"auto, (max-width: 667px) 100vw, 667px\" \/><\/p>\n<p>&nbsp;<\/p>\n<p>Notre action \u00e9tait un coup de semonce pour dire :<\/p>\n<blockquote><p><strong>\u00ab\u00a0Nous n&rsquo;acceptons pas et nous ne nous arr\u00eaterons pas l\u00e0. Les sanctions administratives de la Ville de Charleroi sont une atteinte manifeste \u00e0 notre libert\u00e9 d&rsquo;expression et une tentative de faire taire des voix qui se l\u00e8vent contre le g\u00e9nocide en Palestine.\u00a0\u00bb<\/strong><\/p><\/blockquote>\n<p>Ce message avait d&rsquo;ailleurs \u00e9t\u00e9 relev\u00e9 par le journaliste Didier Albin dans <a href=\"https:\/\/www.dhnet.be\/regions\/charleroi\/2026\/08\/31\/une-manifestation-annoncee-pour-la-rentree-du-conseil-communal-de-charleroi-la-plateforme-palestine-denonce-une-censure-4E6CFXNBP5DSLLKWENAE7BH2DI\/?utm_source=facebook&amp;utm_medium=organic_social&amp;utm_campaign=pimpmysocial&amp;utm_term=dh_charleroi&amp;fbclid=IwY2xjawUCPLdwZG9mBWV4dG4DYWVtAjExAHNydGMGYXBwX2lkEDIyMjAzOTE3ODgyMDA4OTIAAR6Nua1oLybrV32ogqKGOK_8nO6gD6Ol_1Gx6_wYqYb3hwWeiJM3sKGUl5B3Kw_aem_rMcjqZx83HM1UAD5sTUZKg\" target=\"_blank\" rel=\"noopener\"><strong>un article de la DH<\/strong><\/a>, le jour m\u00eame de la mobilisation :<\/p>\n<blockquote><p>Depuis plusieurs mois, le collectif Plateforme Palestine affirme faire l&rsquo;objet de \u00ab\u00a0tracasseries administratives\u00a0\u00bb et de tentatives d&rsquo;intimidation via la police administrative. \u00c0 la cl\u00e9, selon ses membres, des amendes administratives r\u00e9p\u00e9t\u00e9es, une convocation au tribunal ou encore la visite d&rsquo;un huissier.<\/p>\n<p>Derri\u00e8re cette bataille administrative, c&rsquo;est surtout une bataille de principes que la Plateforme entend mener. Son soutien \u00e0 la cause palestinienne et \u00e0 la r\u00e9sistance du peuple palestinien, dans le contexte qu&rsquo;elle qualifie de \u00ab\u00a0g\u00e9nocide et de nettoyage ethnique\u00a0\u00bb, serait au c\u0153ur des tensions.<\/p>\n<p>\u00ab\u00a0Nous pensons qu&rsquo;il s&rsquo;agit d&rsquo;une guerre coloniale\u00a0\u00bb, affirme le collectif, qui refuse de dicter aux Palestiniens la mani\u00e8re dont ils doivent mener leur lutte.<\/p>\n<p>Une position assum\u00e9e, mais qui, selon la Plateforme, d\u00e9range. Et qui pose une question plus large : jusqu&rsquo;o\u00f9 peut aller la libert\u00e9 d&rsquo;expression lorsqu&rsquo;une mobilisation politique d\u00e9pla\u00eet aux autorit\u00e9s ?<\/p><\/blockquote>\n<p>&nbsp;<\/p>\n<h3><strong>Chronologie d&rsquo;un harc\u00e8lement<\/strong><\/h3>\n<p>&#8211;<strong>Septembre 2025&nbsp;<\/strong>: la police administrative interdit le port de drapeaux ou d&#8217;embl\u00e8mes de Samidoun, r\u00e9seau international de soutien aux prisonnier.e.s palestinien.ne.s, lors d&rsquo;une activit\u00e9 publique de la Plateforme Charleroi dans le centre de Charleroi. Le Collectif d\u00e9cide de ne pas suivre cette d\u00e9cision, qui constitue une atteinte \u00e0 sa libert\u00e9 d&rsquo;expression.<\/p>\n<p><strong>-Le 6 octobre 2025<\/strong>&nbsp;: Myriam De Ly, militante du Collectif, re\u00e7oit un PV pour le port du drapeau.<\/p>\n<p><strong>-Le 29 octobre 2025<\/strong> : une proc\u00e9dure administrative est engag\u00e9e \u00e0 son \u00e9gard pour contravention au r\u00e9glementent g\u00e9n\u00e9ral de la police. Myriam conteste la d\u00e9cision au nom de la libert\u00e9 d&rsquo;expression.<\/p>\n<p><strong>-Le 24 mars 2026<\/strong>&nbsp;: la contestation est reconnue non valable, une amende de 200 \u20ac est r\u00e9clam\u00e9e.<\/p>\n<p><strong>-Le 17 avril 2026&nbsp;<\/strong>: l&rsquo;avocate Selma Benkhelifa adresse une requ\u00eate au Tribunal de police.&nbsp;<\/p>\n<p><strong>-Le 4 mai 2026<\/strong>&nbsp;: <strong>une audience publique est fix\u00e9e le mardi 27 octobre 2026 \u00e0 10 h au Tribunal de police de Charleroi.<\/strong><\/p>\n<p><strong>-Le 28 juillet 2026 <\/strong>: alors que cette audience n&rsquo;a m\u00eame pas eu lieu, <strong>un huissier<\/strong> se pr\u00e9sente au domicile de Myriam, exigeant <strong>le paiement dans les 24 h de la somme de 509,71 \u20ac (l&rsquo;amende et les frais d&rsquo;huissier), sous peine de saisie de biens et de meuble. <\/strong>Une nouvelle tentative d&rsquo;intimidation, alors que l&rsquo;amende est contest\u00e9e au Tribunal de police.<\/p>\n<p><strong>Entretemps<\/strong> &#8230;<\/p>\n<p>-Le 6 mai 2026 : Marie-Christine Lothier, l&rsquo;\u00e9ditrice responsable de la Plateforme,&nbsp; re\u00e7oit un courrier des Affaires juridiques de Charleroi pour un collage d&rsquo;affiches qui aurait d\u00e9grad\u00e9 un monument \u00e0 Charleroi le 9 mars 2024. <strong>La Ville r\u00e9clame 117 \u20ac pour le nettoyage.<\/strong> Aucune preuve n&rsquo;est apport\u00e9e. D&rsquo;ailleurs, apr\u00e8s deux ans, il y a prescription.&nbsp;<\/p>\n<p>-les 4 juin et 9 juillet 2026 : Marie-Christine re\u00e7oit \u00e9galement des PV pour la pr\u00e9sence d&rsquo;un drapeau Samidoun lors des actions de la Plateforme sur la Place Verte. <strong>Elle les conteste et fait un appel \u00e0 un m\u00e9diateur.<\/strong><\/p>\n<p>&nbsp;<\/p>\n<div id=\"attachment_90101\" style=\"width: 677px\" class=\"wp-caption aligncenter\"><img loading=\"lazy\" decoding=\"async\" aria-describedby=\"caption-attachment-90101\" class=\"wp-image-90101 size-large\" src=\"https:\/\/charleroi-pourlapalestine.be\/wp-content\/uploads\/2026\/08\/31-aout-avec-Isabelle-Greco-667x500.jpg\" alt=\"Discussion avec Isabella Greco, d\u00e9put\u00e9e et cheffe de groupe PS\" width=\"667\" height=\"500\" srcset=\"https:\/\/charleroi-pourlapalestine.be\/wp-content\/uploads\/2026\/08\/31-aout-avec-Isabelle-Greco-667x500.jpg 667w, https:\/\/charleroi-pourlapalestine.be\/wp-content\/uploads\/2026\/08\/31-aout-avec-Isabelle-Greco-333x250.jpg 333w, https:\/\/charleroi-pourlapalestine.be\/wp-content\/uploads\/2026\/08\/31-aout-avec-Isabelle-Greco-768x576.jpg 768w, https:\/\/charleroi-pourlapalestine.be\/wp-content\/uploads\/2026\/08\/31-aout-avec-Isabelle-Greco-1536x1152.jpg 1536w, https:\/\/charleroi-pourlapalestine.be\/wp-content\/uploads\/2026\/08\/31-aout-avec-Isabelle-Greco.jpg 2048w\" sizes=\"auto, (max-width: 667px) 100vw, 667px\" \/><p id=\"caption-attachment-90101\" class=\"wp-caption-text\"><strong>Discussion avec Isabella Greco, d\u00e9put\u00e9e et cheffe de groupe PS<\/strong><\/p><\/div>\n<p>&nbsp;<\/p>\n<p><img loading=\"lazy\" decoding=\"async\" class=\"aligncenter wp-image-90118 size-large\" src=\"https:\/\/charleroi-pourlapalestine.be\/wp-content\/uploads\/2026\/08\/31-aout-participants-4-667x500.jpg\" alt=\"\" width=\"667\" height=\"500\" srcset=\"https:\/\/charleroi-pourlapalestine.be\/wp-content\/uploads\/2026\/08\/31-aout-participants-4-667x500.jpg 667w, https:\/\/charleroi-pourlapalestine.be\/wp-content\/uploads\/2026\/08\/31-aout-participants-4-333x250.jpg 333w, https:\/\/charleroi-pourlapalestine.be\/wp-content\/uploads\/2026\/08\/31-aout-participants-4-768x576.jpg 768w, https:\/\/charleroi-pourlapalestine.be\/wp-content\/uploads\/2026\/08\/31-aout-participants-4-1536x1152.jpg 1536w, https:\/\/charleroi-pourlapalestine.be\/wp-content\/uploads\/2026\/08\/31-aout-participants-4.jpg 2048w\" sizes=\"auto, (max-width: 667px) 100vw, 667px\" \/><\/p>\n<p>&nbsp;<\/p>\n<div id=\"attachment_90116\" style=\"width: 677px\" class=\"wp-caption aligncenter\"><img loading=\"lazy\" decoding=\"async\" aria-describedby=\"caption-attachment-90116\" class=\"wp-image-90116 size-large\" src=\"https:\/\/charleroi-pourlapalestine.be\/wp-content\/uploads\/2026\/08\/31-aout-interpellation-de-lechevin-Dogru-667x500.jpg\" alt=\"Interpellation de Mahmut Dogru, \u00e9chevin PS\" width=\"667\" height=\"500\" srcset=\"https:\/\/charleroi-pourlapalestine.be\/wp-content\/uploads\/2026\/08\/31-aout-interpellation-de-lechevin-Dogru-667x500.jpg 667w, https:\/\/charleroi-pourlapalestine.be\/wp-content\/uploads\/2026\/08\/31-aout-interpellation-de-lechevin-Dogru-333x250.jpg 333w, https:\/\/charleroi-pourlapalestine.be\/wp-content\/uploads\/2026\/08\/31-aout-interpellation-de-lechevin-Dogru-768x576.jpg 768w, https:\/\/charleroi-pourlapalestine.be\/wp-content\/uploads\/2026\/08\/31-aout-interpellation-de-lechevin-Dogru-1536x1152.jpg 1536w, https:\/\/charleroi-pourlapalestine.be\/wp-content\/uploads\/2026\/08\/31-aout-interpellation-de-lechevin-Dogru.jpg 2048w\" sizes=\"auto, (max-width: 667px) 100vw, 667px\" \/><p id=\"caption-attachment-90116\" class=\"wp-caption-text\"><strong>Interpellation de Mahmut Dogru, \u00e9chevin PS<\/strong><\/p><\/div>\n<h3><img loading=\"lazy\" decoding=\"async\" class=\"wp-image-90119 size-large aligncenter\" src=\"https:\/\/charleroi-pourlapalestine.be\/wp-content\/uploads\/2026\/08\/31-aout-participants-3-667x500.jpg\" alt=\"\" width=\"667\" height=\"500\" srcset=\"https:\/\/charleroi-pourlapalestine.be\/wp-content\/uploads\/2026\/08\/31-aout-participants-3-667x500.jpg 667w, https:\/\/charleroi-pourlapalestine.be\/wp-content\/uploads\/2026\/08\/31-aout-participants-3-333x250.jpg 333w, https:\/\/charleroi-pourlapalestine.be\/wp-content\/uploads\/2026\/08\/31-aout-participants-3-768x576.jpg 768w, https:\/\/charleroi-pourlapalestine.be\/wp-content\/uploads\/2026\/08\/31-aout-participants-3-1536x1152.jpg 1536w, https:\/\/charleroi-pourlapalestine.be\/wp-content\/uploads\/2026\/08\/31-aout-participants-3.jpg 2048w\" sizes=\"auto, (max-width: 667px) 100vw, 667px\" \/><\/h3>\n<p><img loading=\"lazy\" decoding=\"async\" class=\"aligncenter wp-image-90120 size-large\" src=\"https:\/\/charleroi-pourlapalestine.be\/wp-content\/uploads\/2026\/08\/31-aout-participants-2-667x500.jpg\" alt=\"\" width=\"667\" height=\"500\" srcset=\"https:\/\/charleroi-pourlapalestine.be\/wp-content\/uploads\/2026\/08\/31-aout-participants-2-667x500.jpg 667w, https:\/\/charleroi-pourlapalestine.be\/wp-content\/uploads\/2026\/08\/31-aout-participants-2-333x250.jpg 333w, https:\/\/charleroi-pourlapalestine.be\/wp-content\/uploads\/2026\/08\/31-aout-participants-2-768x576.jpg 768w, https:\/\/charleroi-pourlapalestine.be\/wp-content\/uploads\/2026\/08\/31-aout-participants-2-1536x1152.jpg 1536w, https:\/\/charleroi-pourlapalestine.be\/wp-content\/uploads\/2026\/08\/31-aout-participants-2.jpg 2048w\" sizes=\"auto, (max-width: 667px) 100vw, 667px\" \/><\/p>\n<p>&nbsp;<\/p>\n<p><img loading=\"lazy\" decoding=\"async\" class=\"aligncenter wp-image-90121 size-large\" src=\"https:\/\/charleroi-pourlapalestine.be\/wp-content\/uploads\/2026\/08\/31-aout-participants-1-667x500.jpg\" alt=\"\" width=\"667\" height=\"500\" srcset=\"https:\/\/charleroi-pourlapalestine.be\/wp-content\/uploads\/2026\/08\/31-aout-participants-1-667x500.jpg 667w, https:\/\/charleroi-pourlapalestine.be\/wp-content\/uploads\/2026\/08\/31-aout-participants-1-333x250.jpg 333w, https:\/\/charleroi-pourlapalestine.be\/wp-content\/uploads\/2026\/08\/31-aout-participants-1-768x576.jpg 768w, https:\/\/charleroi-pourlapalestine.be\/wp-content\/uploads\/2026\/08\/31-aout-participants-1-1536x1152.jpg 1536w, https:\/\/charleroi-pourlapalestine.be\/wp-content\/uploads\/2026\/08\/31-aout-participants-1.jpg 2048w\" sizes=\"auto, (max-width: 667px) 100vw, 667px\" \/><\/p>\n<h3>&nbsp;<\/h3>\n<h3>R\u00e9pression et g\u00e9nocide<\/h3>\n<p>Alors qu&rsquo;\u00e0 Gaza le g\u00e9nocide continue et qu&rsquo;en Cisjordanie, \u00e0 J\u00e9rusalem, dans le N\u00e9guev et en Galil\u00e9e, <a href=\"https:\/\/charleroi-pourlapalestine.be\/index.php\/2026\/07\/28\/la-palestine-affronte-lescalade-coloniale\/\">l&rsquo;escalade coloniale s&rsquo;intensifie \u00e9galement,&nbsp;<\/a> <strong>les autorit\u00e9s communales de Charleroi retirent le drapeau palestinien de l&rsquo;H\u00f4tel de Ville et harc\u00e8lent la Plateforme Charleroi-Palestine<\/strong>, active dans la r\u00e9gion depuis fin 2008.&nbsp;<\/p>\n<p>C&rsquo;est inacceptable. Charleroi pour la Palestine a tout \u00e0 fait le droit d&rsquo;exprimer son soutien \u00e0 Samidoun et aux prisonnier.e.s palestinien.ne.s, victimes de g\u00e9nocide dans les ge\u00f4les isra\u00e9liennes. Samidoun n&rsquo;est pas interdit en Belgique, malgr\u00e9 une campagne de la droite et de l&rsquo;extr\u00eame droite.<\/p>\n<p>&nbsp;<\/p>\n<p><strong>Les sanctions administratives ne peuvent servir de r\u00e9pression politique ! Libert\u00e9 d&rsquo;expression pour la Palestine !<\/strong><\/p>\n<p>&nbsp;<\/p>\n<h3><img loading=\"lazy\" decoding=\"async\" class=\"aligncenter wp-image-90095 size-large\" src=\"https:\/\/charleroi-pourlapalestine.be\/wp-content\/uploads\/2026\/08\/31-aout-le-groupe-e1788254576301-700x415.jpg\" alt=\"\" width=\"700\" height=\"415\" srcset=\"https:\/\/charleroi-pourlapalestine.be\/wp-content\/uploads\/2026\/08\/31-aout-le-groupe-e1788254576301-700x415.jpg 700w, https:\/\/charleroi-pourlapalestine.be\/wp-content\/uploads\/2026\/08\/31-aout-le-groupe-e1788254576301-350x208.jpg 350w, https:\/\/charleroi-pourlapalestine.be\/wp-content\/uploads\/2026\/08\/31-aout-le-groupe-e1788254576301-768x456.jpg 768w, https:\/\/charleroi-pourlapalestine.be\/wp-content\/uploads\/2026\/08\/31-aout-le-groupe-e1788254576301-1536x911.jpg 1536w, https:\/\/charleroi-pourlapalestine.be\/wp-content\/uploads\/2026\/08\/31-aout-le-groupe-e1788254576301.jpg 2048w\" sizes=\"auto, (max-width: 700px) 100vw, 700px\" \/><\/h3>\n<div id=\"attachment_90117\" style=\"width: 677px\" class=\"wp-caption aligncenter\"><img loading=\"lazy\" decoding=\"async\" aria-describedby=\"caption-attachment-90117\" class=\"wp-image-90117 size-large\" src=\"https:\/\/charleroi-pourlapalestine.be\/wp-content\/uploads\/2026\/08\/31-aout-drapeaux-palestiniens-667x500.jpg\" alt=\"Pendant une heure, les drapeaux palestiniens \u00e9taient \u00e0 nouveau pr\u00e9sents devant l'H\u00f4tel de ville !\" width=\"667\" height=\"500\" srcset=\"https:\/\/charleroi-pourlapalestine.be\/wp-content\/uploads\/2026\/08\/31-aout-drapeaux-palestiniens-667x500.jpg 667w, https:\/\/charleroi-pourlapalestine.be\/wp-content\/uploads\/2026\/08\/31-aout-drapeaux-palestiniens-333x250.jpg 333w, https:\/\/charleroi-pourlapalestine.be\/wp-content\/uploads\/2026\/08\/31-aout-drapeaux-palestiniens-768x576.jpg 768w, https:\/\/charleroi-pourlapalestine.be\/wp-content\/uploads\/2026\/08\/31-aout-drapeaux-palestiniens-1536x1152.jpg 1536w, https:\/\/charleroi-pourlapalestine.be\/wp-content\/uploads\/2026\/08\/31-aout-drapeaux-palestiniens.jpg 2048w\" sizes=\"auto, (max-width: 667px) 100vw, 667px\" \/><p id=\"caption-attachment-90117\" class=\"wp-caption-text\"><strong>Pendant une heure, les drapeaux palestiniens \u00e9taient \u00e0 nouveau pr\u00e9sents devant l&rsquo;H\u00f4tel de ville !<\/strong><\/p><\/div>\n<h3>&nbsp;<\/h3>\n<h3>Continuons la mobilisation !<\/h3>\n<p>&#8211;<strong>Une cagnotte est mise en place<\/strong> afin de couvrir les frais judiciaires. Vous pouvez nous soutenir en versant une contribution sur le compte de la Plateforme Charleroi-Palestine<strong> BE10 5230 8104 6104<\/strong> (avec la communication : <strong>Soutien d\u00e9fense juridique<\/strong>).<\/p>\n<p lang=\"fr-BE\">-Vous pouvez \u00e9galement<strong> <a href=\"https:\/\/www.change.org\/p\/charleroi-une-d%C3%A9rive-autoritaire-qui-menace-nos-libert%C3%A9s?utm_medium=custom_url&amp;utm_source=share_petition&amp;recruited_by_id=3ab57b80-3e1a-11f1-b751-8582c6473161\" target=\"_blank\" rel=\"noopener\">signer la p\u00e9tition en ligne ICI<\/a><\/strong> !<\/p>\n<p>-Vous pouvez <strong>\u00e9crire au bourgmestre Thomas Dermine<\/strong> pour qu&rsquo;il mette fin \u00e0 ce harc\u00e8lement et retire les sanctions administratives : H\u00f4tel de Ville, 14-15, place Vauban, 6000 Charleroi.<br \/>\nAdresse e-mail : thomas.dermine@charleroi.be<\/p>\n<p lang=\"fr-BE\">-Vous pouvez <strong>nous rejoindre ce samedi 5 septembre \u00e0 15 h sur la Place Verte<\/strong> : nous y installerons \u00e0 nouveau notre tonnelle de la solidarit\u00e9 avec la Palestine.<\/p>\n<p lang=\"fr-BE\">&#8211;<strong>Nous serons \u00e0 nouveau devant l&rsquo;H\u00f4tel de Ville de Charleroi le lundi 21 septembre \u00e0 18 h<\/strong>, o\u00f9 aura lieu le conseil communal du mois de septembre<\/p>\n<h3 lang=\"fr-BE\" style=\"text-align: center;\">*****<\/h3>\n<h3 lang=\"fr-BE\">Notez d\u00e9j\u00e0 deux RV tr\u00e8s importants : les 10 et 27 octobre.<\/h3>\n<p>&nbsp;<\/p>\n<p lang=\"fr-BE\"><img loading=\"lazy\" decoding=\"async\" class=\"aligncenter wp-image-90104 size-large\" src=\"https:\/\/charleroi-pourlapalestine.be\/wp-content\/uploads\/2026\/08\/Annonce-Journee-pour-la-Palestine-700x393.png\" alt=\"\" width=\"700\" height=\"393\" srcset=\"https:\/\/charleroi-pourlapalestine.be\/wp-content\/uploads\/2026\/08\/Annonce-Journee-pour-la-Palestine-700x393.png 700w, https:\/\/charleroi-pourlapalestine.be\/wp-content\/uploads\/2026\/08\/Annonce-Journee-pour-la-Palestine-350x197.png 350w, https:\/\/charleroi-pourlapalestine.be\/wp-content\/uploads\/2026\/08\/Annonce-Journee-pour-la-Palestine-768x431.png 768w, https:\/\/charleroi-pourlapalestine.be\/wp-content\/uploads\/2026\/08\/Annonce-Journee-pour-la-Palestine.png 947w\" sizes=\"auto, (max-width: 700px) 100vw, 700px\" \/><\/p>\n<p lang=\"fr-BE\"><b>Un atelier concernant la r\u00e9pression<\/b> aura lieu <b>de 17 h 15 \u00e0 18 h 45,&nbsp;<\/b>et sera anim\u00e9 par Mohamed Moussaoui (Charleroi pour la Palestine) et Sarah Bahja (Zin-TV).<\/p>\n<blockquote><p>Interviendront :&nbsp; Mohammed Khatib (coordinateur europ\u00e9en de Samidoun et membre du Comit\u00e9 ex\u00e9cutif de Masar Badil, Mouvement palestinien de la Voie r\u00e9volutionnaire alternative), Elly Van Reusel (docteure sur la Global Sumud Flotilla) , Myriam De Ly (Charleroi pour la Palestine),&nbsp; Peter terryn (\u00ab\u00a0minister van agitatie\u00a0\u00bb) et&nbsp; Selma Benkhelifa (avocate).<\/p><\/blockquote>\n<p><strong>Le programme complet de la Journ\u00e9e sera diffus\u00e9 dans les jours qui viennent.<\/strong><\/p>\n<p lang=\"fr-BE\"><strong><a href=\"https:\/\/www.facebook.com\/events\/1674209804271681\/?acontext=%7B%22event_action_history%22%3A[%7B%22surface%22%3A%22home%22%7D%2C%7B%22mechanism%22%3A%22attachment%22%2C%22surface%22%3A%22newsfeed%22%7D]%2C%22ref_notif_type%22%3Anull%7D\" target=\"_blank\" rel=\"noopener\">Trouvez l&rsquo;\u00e9v\u00e8nement FB ICI<\/a><\/strong><\/p>\n<p lang=\"fr-BE\" style=\"text-align: center;\">*****<\/p>\n<h3 lang=\"fr-BE\" style=\"text-align: center;\"><b>Le 27 octobre \u00e0 10 h : <\/b><\/h3>\n<h3 lang=\"fr-BE\" style=\"text-align: center;\"><b>Audience au Tribunal de police de Charleroi !<br \/>\nSoyons nombreux !<\/b><\/h3>\n<p lang=\"fr-BE\">&nbsp;<\/p>\n<p lang=\"fr-BE\"><img loading=\"lazy\" decoding=\"async\" class=\"aligncenter wp-image-90110 size-large\" src=\"https:\/\/charleroi-pourlapalestine.be\/wp-content\/uploads\/2026\/08\/Affiche-pour-le-27-octobre-400x500.jpg\" alt=\"\" width=\"400\" height=\"500\" srcset=\"https:\/\/charleroi-pourlapalestine.be\/wp-content\/uploads\/2026\/08\/Affiche-pour-le-27-octobre-400x500.jpg 400w, https:\/\/charleroi-pourlapalestine.be\/wp-content\/uploads\/2026\/08\/Affiche-pour-le-27-octobre-200x250.jpg 200w, https:\/\/charleroi-pourlapalestine.be\/wp-content\/uploads\/2026\/08\/Affiche-pour-le-27-octobre-768x960.jpg 768w, https:\/\/charleroi-pourlapalestine.be\/wp-content\/uploads\/2026\/08\/Affiche-pour-le-27-octobre.jpg 1080w\" sizes=\"auto, (max-width: 400px) 100vw, 400px\" \/><\/p>\n<p>&nbsp;<\/p>\n","protected":false},"excerpt":{"rendered":"<p>La Plateforme Charleroi-Palestine continue la mobilisation contre le harc\u00e8lement de la police et la ville de Charleroi<\/p>\n","protected":false},"author":1,"featured_media":90102,"comment_status":"closed","ping_status":"closed","sticky":false,"template":"","format":"standard","meta":{"ngg_post_thumbnail":0,"footnotes":""},"categories":[175,600,1076,1181,362,866],"tags":[],"class_list":["post-90029","post","type-post","status-publish","format-standard","has-post-thumbnail","hentry","category-agir","category-charleroi","category-charleroi-pour-la-palestine","category-la-plateforme","category-repression-lautorite-palestinienne","category-samidoun"],"yoast_head":"<!-- This site is optimized with the Yoast SEO plugin v28.3 - https:\/\/yoast.com\/product\/yoast-seo-wordpress\/ -->\n<title>Vos amendes, vos sanctions n&#039;arr\u00eateront pas nos actions !<\/title>\n<meta name=\"description\" content=\"Action r\u00e9ussie de la Plateforme Charleroi-Palestine contre les amendes et sanctions administratives de la ville de Charleroi\" \/>\n<meta name=\"robots\" content=\"index, follow, max-snippet:-1, max-image-preview:large, max-video-preview:-1\" \/>\n<link rel=\"canonical\" href=\"https:\/\/charleroi-pourlapalestine.be\/index.php\/2026\/09\/02\/__trashed-3\/\" \/>\n<script type=\"application\/ld+json\" class=\"yoast-schema-graph\">{\"@context\":\"https:\\\/\\\/schema.org\",\"@graph\":[{\"@type\":\"Article\",\"@id\":\"https:\\\/\\\/charleroi-pourlapalestine.be\\\/index.php\\\/2026\\\/09\\\/02\\\/__trashed-3\\\/#article\",\"isPartOf\":{\"@id\":\"https:\\\/\\\/charleroi-pourlapalestine.be\\\/index.php\\\/2026\\\/09\\\/02\\\/__trashed-3\\\/\"},\"author\":{\"name\":\"admin1873\",\"@id\":\"https:\\\/\\\/charleroi-pourlapalestine.be\\\/#\\\/schema\\\/person\\\/c19ff515112f1299d8c12671d8fe3faa\"},\"headline\":\"Vos amendes, vos sanctions n&rsquo;arr\u00eateront pas nos actions !\",\"datePublished\":\"2026-09-02T14:18:27+00:00\",\"dateModified\":\"2026-09-02T16:16:07+00:00\",\"mainEntityOfPage\":{\"@id\":\"https:\\\/\\\/charleroi-pourlapalestine.be\\\/index.php\\\/2026\\\/09\\\/02\\\/__trashed-3\\\/\"},\"wordCount\":1089,\"publisher\":{\"@id\":\"https:\\\/\\\/charleroi-pourlapalestine.be\\\/#organization\"},\"image\":{\"@id\":\"https:\\\/\\\/charleroi-pourlapalestine.be\\\/index.php\\\/2026\\\/09\\\/02\\\/__trashed-3\\\/#primaryimage\"},\"thumbnailUrl\":\"https:\\\/\\\/charleroi-pourlapalestine.be\\\/wp-content\\\/uploads\\\/2026\\\/08\\\/31-aout-1.jpg\",\"articleSection\":[\"Agir\",\"Charleroi\",\"Charleroi pour la Palestine\",\"La Plateforme\",\"R\u00e9pression\",\"Samidoun\"],\"inLanguage\":\"fr-FR\"},{\"@type\":\"WebPage\",\"@id\":\"https:\\\/\\\/charleroi-pourlapalestine.be\\\/index.php\\\/2026\\\/09\\\/02\\\/__trashed-3\\\/\",\"url\":\"https:\\\/\\\/charleroi-pourlapalestine.be\\\/index.php\\\/2026\\\/09\\\/02\\\/__trashed-3\\\/\",\"name\":\"Vos amendes, vos sanctions n'arr\u00eateront pas nos actions !\",\"isPartOf\":{\"@id\":\"https:\\\/\\\/charleroi-pourlapalestine.be\\\/#website\"},\"primaryImageOfPage\":{\"@id\":\"https:\\\/\\\/charleroi-pourlapalestine.be\\\/index.php\\\/2026\\\/09\\\/02\\\/__trashed-3\\\/#primaryimage\"},\"image\":{\"@id\":\"https:\\\/\\\/charleroi-pourlapalestine.be\\\/index.php\\\/2026\\\/09\\\/02\\\/__trashed-3\\\/#primaryimage\"},\"thumbnailUrl\":\"https:\\\/\\\/charleroi-pourlapalestine.be\\\/wp-content\\\/uploads\\\/2026\\\/08\\\/31-aout-1.jpg\",\"datePublished\":\"2026-09-02T14:18:27+00:00\",\"dateModified\":\"2026-09-02T16:16:07+00:00\",\"description\":\"Action r\u00e9ussie de la Plateforme Charleroi-Palestine contre les amendes et sanctions administratives de la ville de Charleroi\",\"breadcrumb\":{\"@id\":\"https:\\\/\\\/charleroi-pourlapalestine.be\\\/index.php\\\/2026\\\/09\\\/02\\\/__trashed-3\\\/#breadcrumb\"},\"inLanguage\":\"fr-FR\",\"potentialAction\":[{\"@type\":\"ReadAction\",\"target\":[\"https:\\\/\\\/charleroi-pourlapalestine.be\\\/index.php\\\/2026\\\/09\\\/02\\\/__trashed-3\\\/\"]}]},{\"@type\":\"ImageObject\",\"inLanguage\":\"fr-FR\",\"@id\":\"https:\\\/\\\/charleroi-pourlapalestine.be\\\/index.php\\\/2026\\\/09\\\/02\\\/__trashed-3\\\/#primaryimage\",\"url\":\"https:\\\/\\\/charleroi-pourlapalestine.be\\\/wp-content\\\/uploads\\\/2026\\\/08\\\/31-aout-1.jpg\",\"contentUrl\":\"https:\\\/\\\/charleroi-pourlapalestine.be\\\/wp-content\\\/uploads\\\/2026\\\/08\\\/31-aout-1.jpg\",\"width\":2048,\"height\":1536},{\"@type\":\"BreadcrumbList\",\"@id\":\"https:\\\/\\\/charleroi-pourlapalestine.be\\\/index.php\\\/2026\\\/09\\\/02\\\/__trashed-3\\\/#breadcrumb\",\"itemListElement\":[{\"@type\":\"ListItem\",\"position\":1,\"name\":\"Accueil\",\"item\":\"https:\\\/\\\/charleroi-pourlapalestine.be\\\/\"},{\"@type\":\"ListItem\",\"position\":2,\"name\":\"Vos amendes, vos sanctions n&rsquo;arr\u00eateront pas nos actions !\"}]},{\"@type\":\"WebSite\",\"@id\":\"https:\\\/\\\/charleroi-pourlapalestine.be\\\/#website\",\"url\":\"https:\\\/\\\/charleroi-pourlapalestine.be\\\/\",\"name\":\"Charleroi Pour la Palestine\",\"description\":\"\",\"publisher\":{\"@id\":\"https:\\\/\\\/charleroi-pourlapalestine.be\\\/#organization\"},\"potentialAction\":[{\"@type\":\"SearchAction\",\"target\":{\"@type\":\"EntryPoint\",\"urlTemplate\":\"https:\\\/\\\/charleroi-pourlapalestine.be\\\/?s={search_term_string}\"},\"query-input\":{\"@type\":\"PropertyValueSpecification\",\"valueRequired\":true,\"valueName\":\"search_term_string\"}}],\"inLanguage\":\"fr-FR\"},{\"@type\":\"Organization\",\"@id\":\"https:\\\/\\\/charleroi-pourlapalestine.be\\\/#organization\",\"name\":\"Plate-forme Charleroi-Palestine\",\"url\":\"https:\\\/\\\/charleroi-pourlapalestine.be\\\/\",\"logo\":{\"@type\":\"ImageObject\",\"inLanguage\":\"fr-FR\",\"@id\":\"https:\\\/\\\/charleroi-pourlapalestine.be\\\/#\\\/schema\\\/logo\\\/image\\\/\",\"url\":\"https:\\\/\\\/charleroi-pourlapalestine.be\\\/wp-content\\\/uploads\\\/2020\\\/01\\\/logo-Copy.jpg\",\"contentUrl\":\"https:\\\/\\\/charleroi-pourlapalestine.be\\\/wp-content\\\/uploads\\\/2020\\\/01\\\/logo-Copy.jpg\",\"width\":180,\"height\":180,\"caption\":\"Plate-forme Charleroi-Palestine\"},\"image\":{\"@id\":\"https:\\\/\\\/charleroi-pourlapalestine.be\\\/#\\\/schema\\\/logo\\\/image\\\/\"},\"sameAs\":[\"https:\\\/\\\/www.facebook.com\\\/PlateformeCharleroiPalestine\\\/\",\"https:\\\/\\\/x.com\\\/LaCharleroi\"]},{\"@type\":\"Person\",\"@id\":\"https:\\\/\\\/charleroi-pourlapalestine.be\\\/#\\\/schema\\\/person\\\/c19ff515112f1299d8c12671d8fe3faa\",\"name\":\"admin1873\",\"url\":\"https:\\\/\\\/charleroi-pourlapalestine.be\\\/index.php\\\/author\\\/admin1873\\\/\"}]}<\/script>\n<!-- \/ Yoast SEO plugin. -->","yoast_head_json":{"title":"Vos amendes, vos sanctions n'arr\u00eateront pas nos actions !","description":"Action r\u00e9ussie de la Plateforme Charleroi-Palestine contre les amendes et sanctions administratives de la ville de Charleroi","robots":{"index":"index","follow":"follow","max-snippet":"max-snippet:-1","max-image-preview":"max-image-preview:large","max-video-preview":"max-video-preview:-1"},"canonical":"https:\/\/charleroi-pourlapalestine.be\/index.php\/2026\/09\/02\/__trashed-3\/","schema":{"@context":"https:\/\/schema.org","@graph":[{"@type":"Article","@id":"https:\/\/charleroi-pourlapalestine.be\/index.php\/2026\/09\/02\/__trashed-3\/#article","isPartOf":{"@id":"https:\/\/charleroi-pourlapalestine.be\/index.php\/2026\/09\/02\/__trashed-3\/"},"author":{"name":"admin1873","@id":"https:\/\/charleroi-pourlapalestine.be\/#\/schema\/person\/c19ff515112f1299d8c12671d8fe3faa"},"headline":"Vos amendes, vos sanctions n&rsquo;arr\u00eateront pas nos actions !","datePublished":"2026-09-02T14:18:27+00:00","dateModified":"2026-09-02T16:16:07+00:00","mainEntityOfPage":{"@id":"https:\/\/charleroi-pourlapalestine.be\/index.php\/2026\/09\/02\/__trashed-3\/"},"wordCount":1089,"publisher":{"@id":"https:\/\/charleroi-pourlapalestine.be\/#organization"},"image":{"@id":"https:\/\/charleroi-pourlapalestine.be\/index.php\/2026\/09\/02\/__trashed-3\/#primaryimage"},"thumbnailUrl":"https:\/\/charleroi-pourlapalestine.be\/wp-content\/uploads\/2026\/08\/31-aout-1.jpg","articleSection":["Agir","Charleroi","Charleroi pour la Palestine","La Plateforme","R\u00e9pression","Samidoun"],"inLanguage":"fr-FR"},{"@type":"WebPage","@id":"https:\/\/charleroi-pourlapalestine.be\/index.php\/2026\/09\/02\/__trashed-3\/","url":"https:\/\/charleroi-pourlapalestine.be\/index.php\/2026\/09\/02\/__trashed-3\/","name":"Vos amendes, vos sanctions n'arr\u00eateront pas nos actions !","isPartOf":{"@id":"https:\/\/charleroi-pourlapalestine.be\/#website"},"primaryImageOfPage":{"@id":"https:\/\/charleroi-pourlapalestine.be\/index.php\/2026\/09\/02\/__trashed-3\/#primaryimage"},"image":{"@id":"https:\/\/charleroi-pourlapalestine.be\/index.php\/2026\/09\/02\/__trashed-3\/#primaryimage"},"thumbnailUrl":"https:\/\/charleroi-pourlapalestine.be\/wp-content\/uploads\/2026\/08\/31-aout-1.jpg","datePublished":"2026-09-02T14:18:27+00:00","dateModified":"2026-09-02T16:16:07+00:00","description":"Action r\u00e9ussie de la Plateforme Charleroi-Palestine contre les amendes et sanctions administratives de la ville de Charleroi","breadcrumb":{"@id":"https:\/\/charleroi-pourlapalestine.be\/index.php\/2026\/09\/02\/__trashed-3\/#breadcrumb"},"inLanguage":"fr-FR","potentialAction":[{"@type":"ReadAction","target":["https:\/\/charleroi-pourlapalestine.be\/index.php\/2026\/09\/02\/__trashed-3\/"]}]},{"@type":"ImageObject","inLanguage":"fr-FR","@id":"https:\/\/charleroi-pourlapalestine.be\/index.php\/2026\/09\/02\/__trashed-3\/#primaryimage","url":"https:\/\/charleroi-pourlapalestine.be\/wp-content\/uploads\/2026\/08\/31-aout-1.jpg","contentUrl":"https:\/\/charleroi-pourlapalestine.be\/wp-content\/uploads\/2026\/08\/31-aout-1.jpg","width":2048,"height":1536},{"@type":"BreadcrumbList","@id":"https:\/\/charleroi-pourlapalestine.be\/index.php\/2026\/09\/02\/__trashed-3\/#breadcrumb","itemListElement":[{"@type":"ListItem","position":1,"name":"Accueil","item":"https:\/\/charleroi-pourlapalestine.be\/"},{"@type":"ListItem","position":2,"name":"Vos amendes, vos sanctions n&rsquo;arr\u00eateront pas nos actions !"}]},{"@type":"WebSite","@id":"https:\/\/charleroi-pourlapalestine.be\/#website","url":"https:\/\/charleroi-pourlapalestine.be\/","name":"Charleroi Pour la Palestine","description":"","publisher":{"@id":"https:\/\/charleroi-pourlapalestine.be\/#organization"},"potentialAction":[{"@type":"SearchAction","target":{"@type":"EntryPoint","urlTemplate":"https:\/\/charleroi-pourlapalestine.be\/?s={search_term_string}"},"query-input":{"@type":"PropertyValueSpecification","valueRequired":true,"valueName":"search_term_string"}}],"inLanguage":"fr-FR"},{"@type":"Organization","@id":"https:\/\/charleroi-pourlapalestine.be\/#organization","name":"Plate-forme Charleroi-Palestine","url":"https:\/\/charleroi-pourlapalestine.be\/","logo":{"@type":"ImageObject","inLanguage":"fr-FR","@id":"https:\/\/charleroi-pourlapalestine.be\/#\/schema\/logo\/image\/","url":"https:\/\/charleroi-pourlapalestine.be\/wp-content\/uploads\/2020\/01\/logo-Copy.jpg","contentUrl":"https:\/\/charleroi-pourlapalestine.be\/wp-content\/uploads\/2020\/01\/logo-Copy.jpg","width":180,"height":180,"caption":"Plate-forme Charleroi-Palestine"},"image":{"@id":"https:\/\/charleroi-pourlapalestine.be\/#\/schema\/logo\/image\/"},"sameAs":["https:\/\/www.facebook.com\/PlateformeCharleroiPalestine\/","https:\/\/x.com\/LaCharleroi"]},{"@type":"Person","@id":"https:\/\/charleroi-pourlapalestine.be\/#\/schema\/person\/c19ff515112f1299d8c12671d8fe3faa","name":"admin1873","url":"https:\/\/charleroi-pourlapalestine.be\/index.php\/author\/admin1873\/"}]}},"_links":{"self":[{"href":"https:\/\/charleroi-pourlapalestine.be\/index.php\/wp-json\/wp\/v2\/posts\/90029","targetHints":{"allow":["GET"]}}],"collection":[{"href":"https:\/\/charleroi-pourlapalestine.be\/index.php\/wp-json\/wp\/v2\/posts"}],"about":[{"href":"https:\/\/charleroi-pourlapalestine.be\/index.php\/wp-json\/wp\/v2\/types\/post"}],"author":[{"embeddable":true,"href":"https:\/\/charleroi-pourlapalestine.be\/index.php\/wp-json\/wp\/v2\/users\/1"}],"replies":[{"embeddable":true,"href":"https:\/\/charleroi-pourlapalestine.be\/index.php\/wp-json\/wp\/v2\/comments?post=90029"}],"version-history":[{"count":30,"href":"https:\/\/charleroi-pourlapalestine.be\/index.php\/wp-json\/wp\/v2\/posts\/90029\/revisions"}],"predecessor-version":[{"id":90131,"href":"https:\/\/charleroi-pourlapalestine.be\/index.php\/wp-json\/wp\/v2\/posts\/90029\/revisions\/90131"}],"wp:featuredmedia":[{"embeddable":true,"href":"https:\/\/charleroi-pourlapalestine.be\/index.php\/wp-json\/wp\/v2\/media\/90102"}],"wp:attachment":[{"href":"https:\/\/charleroi-pourlapalestine.be\/index.php\/wp-json\/wp\/v2\/media?parent=90029"}],"wp:term":[{"taxonomy":"category","embeddable":true,"href":"https:\/\/charleroi-pourlapalestine.be\/index.php\/wp-json\/wp\/v2\/categories?post=90029"},{"taxonomy":"post_tag","embeddable":true,"href":"https:\/\/charleroi-pourlapalestine.be\/index.php\/wp-json\/wp\/v2\/tags?post=90029"}],"curies":[{"name":"wp","href":"https:\/\/api.w.org\/{rel}","templated":true}]}}