{"id":90069,"date":"2026-09-02T17:02:33","date_gmt":"2026-09-02T15:02:33","guid":{"rendered":"https:\/\/charleroi-pourlapalestine.be\/?p=90069"},"modified":"2026-09-04T10:43:10","modified_gmt":"2026-09-04T08:43:10","slug":"les-sanctions-de-trump-a-lencontre-de-palestine-action-importent-la-censure-britannique-aux-eu","status":"publish","type":"post","link":"https:\/\/charleroi-pourlapalestine.be\/index.php\/2026\/09\/02\/les-sanctions-de-trump-a-lencontre-de-palestine-action-importent-la-censure-britannique-aux-eu\/","title":{"rendered":"Les sanctions de Trump \u00e0 l&rsquo;encontre de Palestine Action importent la censure britannique aux EU"},"content":{"rendered":"<p>Dans une escalade de son offensive visant la libert\u00e9 d&rsquo;expression et l&rsquo;organisation contre le g\u00e9nocide d&rsquo;Isra\u00ebl \u00e0 Gaza, l&rsquo;administration Trump a impos\u00e9 des sanctions \u00ab antiterroristes \u00bb au groupe britannique <a href=\"https:\/\/electronicintifada.net\/tags\/palestine-action\">Palestine Action<\/a>.<\/p>\n<p>&nbsp;<\/p>\n<p><img loading=\"lazy\" decoding=\"async\" class=\"aligncenter wp-image-85519 size-large\" src=\"https:\/\/charleroi-pourlapalestine.be\/wp-content\/uploads\/2025\/07\/We-are-all-Palestine-Action-500x500.png\" alt=\"\" width=\"500\" height=\"500\" srcset=\"https:\/\/charleroi-pourlapalestine.be\/wp-content\/uploads\/2025\/07\/We-are-all-Palestine-Action-500x500.png 500w, https:\/\/charleroi-pourlapalestine.be\/wp-content\/uploads\/2025\/07\/We-are-all-Palestine-Action-250x250.png 250w, https:\/\/charleroi-pourlapalestine.be\/wp-content\/uploads\/2025\/07\/We-are-all-Palestine-Action-768x768.png 768w, https:\/\/charleroi-pourlapalestine.be\/wp-content\/uploads\/2025\/07\/We-are-all-Palestine-Action-80x80.png 80w, https:\/\/charleroi-pourlapalestine.be\/wp-content\/uploads\/2025\/07\/We-are-all-Palestine-Action-320x320.png 320w, https:\/\/charleroi-pourlapalestine.be\/wp-content\/uploads\/2025\/07\/We-are-all-Palestine-Action.png 980w\" sizes=\"auto, (max-width: 500px) 100vw, 500px\" \/><\/p>\n<p>&nbsp;<\/p>\n<p>&nbsp;<\/p>\n<p><a href=\"https:\/\/electronicintifada.net\/people\/ali-abunimah\">Ali Abunimah<\/a> , 28 ao\u00fbt 2026&nbsp; &nbsp;&nbsp;<\/p>\n<p>&nbsp;<\/p>\n<p>Le 26 ao\u00fbt, le d\u00e9partement am\u00e9ricain du Tr\u00e9sor <a href=\"https:\/\/home.treasury.gov\/news\/press-releases\/sb0616\">a sanctionn\u00e9<\/a> le groupe en vertu d&rsquo;une ordonnance ex\u00e9cutive \u00e9mise apr\u00e8s les attentats du 11 septembre 2001.<\/p>\n<p>Il a \u00e9galement sanctionn\u00e9 <strong>Autistici Inventati<\/strong>, un groupe bas\u00e9 en Italie qui fournit des services num\u00e9riques \u00e0 des organisations de gauche, dont des groupes de solidarit\u00e9 avec la Palestine, ainsi que l&rsquo;organisation internationale propalestinienne <a href=\"https:\/\/charleroi-pourlapalestine.be\/index.php\/2026\/08\/28\/washington-ne-criminalisera-pas-la-lutte-de-notre-peuple-ni-ne-depouillera-celui-ci-de-son-droit-a-la-resistance-et-au-retour\/\"><strong>Masar Badil.&nbsp;&nbsp;&nbsp;<\/strong><\/a><\/p>\n<p>Les sanctions g\u00e8lent tous les avoirs que les groupes peuvent avoir sous juridiction am\u00e9ricaine et interdisent g\u00e9n\u00e9ralement aux citoyens am\u00e9ricains de leur procurer des fonds, des marchandises ou des services.<\/p>\n<p>J&rsquo;ai discut\u00e9 des sanctions lors du livestream de <em>The Electronic Intifada Livestream<\/em>, comme le montre la vid\u00e9o en bas de l&rsquo;article.<\/p>\n<p>Alors qu&rsquo;elles sont \u00e9mises sous une autorit\u00e9 juridique diff\u00e9rente, les sanctions vont sans doute imposer des <a href=\"https:\/\/electronicintifada.net\/blogs\/ali-abunimah\/lawsuit-challenges-trump-threat-imprison-americans-gaza-advocacy\">restrictions non constitutionnelles<\/a> aux droits des Am\u00e9ricains \u00e0 la libert\u00e9 d&rsquo;expression et d&rsquo;association, restrictions similaires \u00e0 celles impos\u00e9es par l&rsquo;administration Trump en ciblant la Cour p\u00e9nale internationale et plusieurs organisations palestiniennes des droits humains.<\/p>\n<p>Palestine Action est l&rsquo;auteur d&rsquo;effractions, d&rsquo;occupations et de destructions de propri\u00e9t\u00e9 ciblant le fabricant d&rsquo;armes isra\u00e9lien <strong>Elbit Systems<\/strong>, des installations de l&rsquo;arm\u00e9e britannique et d&rsquo;autres sites complices du g\u00e9nocide commis par Isra\u00ebl.<\/p>\n<p>&nbsp;<\/p>\n<p>La cofondatrice du groupe, <strong>Huda Ammori<\/strong>, <a href=\"https:\/\/x.com\/HudaAmmori\/status\/2093268928143179850\">a sugg\u00e9r\u00e9<\/a> qu&rsquo;une action directe au cours de laquelle, en mai dernier, les activistes avaient asperg\u00e9 de la couleur sur un terrain de golf situ\u00e9 en \u00c9cosse et appartenant au pr\u00e9sident Donald, pouvait \u00e9galement avoir motiv\u00e9 les sanctions.<\/p>\n<p>Le Tr\u00e9sor a accus\u00e9 Palestine Action de soutenir des \u00ab actes de terrorisme \u00bb, citant des d\u00e9g\u00e2ts \u00e0 des \u00e9quipements militaires, des blessures suppos\u00e9es \u00e0 des policiers et l&rsquo;encouragement par le groupe \u00e0 recourir \u00e0 des tactiques similaires.<\/p>\n<p>&nbsp;<\/p>\n<h3>Importation de la censure britannique<\/h3>\n<p>La d\u00e9marche des EU vient apr\u00e8s la tr\u00e8s contest\u00e9e d\u00e9cision du Royaume-Uni, en juillet 2025, d&rsquo;<a href=\"https:\/\/www.gov.uk\/government\/publications\/proscribed-terror-groups-or-organisations--2\/proscribed-terrorist-groups-or-organisations-accessible-version\">interdire Palestine Action en vertu de sa Loi sur le terrorisme,<\/a> ce qui place le groupe dans la m\u00eame cat\u00e9gorie juridique que des organisations comme l&rsquo;\u00c9tat islamique.<\/p>\n<p>Cette interdiction est <a href=\"https:\/\/www.supremecourt.uk\/cases\/uksc-2026-0099\">actuellement contest\u00e9e<\/a> devant la cour supr\u00eame de Grande-Bretagne.<\/p>\n<p>Maintes fois, les juges britanniques <a href=\"https:\/\/www.hrw.org\/news\/2026\/02\/11\/acquittal-of-palestine-action-protesters-spotlights-uks-protest-crackdown\">ont acquitt\u00e9<\/a> ou <a href=\"https:\/\/www.declassifieduk.org\/jury-refuses-to-convict-seven-palestine-action-organisers-for-israel-arms-factory-raid\/\">refus\u00e9 de condamner<\/a> des membres de Palestine Action accus\u00e9s de faits relatifs \u00e0 des actions men\u00e9es contre les usines isra\u00e9liennes d&rsquo;armement.<\/p>\n<p>Entre-temps, au cours de l&rsquo;ann\u00e9e \u00e9coul\u00e9e, la police britannique a arr\u00eat\u00e9 des <a href=\"https:\/\/defendourjuries.net\/lift-the-ban\/\">milliers de personnes<\/a>, dont nombre de personnes \u00e2g\u00e9es, souvent pour la simple raison qu&rsquo;elles brandissaient des \u00e9criteaux sur lesquels on pouvait lire \u00ab Je m&rsquo;oppose au g\u00e9nocide, je soutiens Palestine Action \u00bb.<\/p>\n<p>En r\u00e9ponse aux sanctions am\u00e9ricaines, Huda Ammori, qui est d&rsquo;ascendance palestinienne et irakienne, a qualifi\u00e9 de \u00ab pire qu&rsquo;hypocrite \u00bb un pays qui, en m\u00eame temps, avait d\u00e9truit ses patries et l&rsquo;avait trait\u00e9e de terroriste.<\/p>\n<p>&nbsp;<\/p>\n<p><a href=\"https:\/\/x.com\/HudaAmmori\/status\/2092631017701904838?ref_src=twsrc%5Etfw%7Ctwcamp%5Etweetembed%7Ctwterm%5E2092631017701904838%7Ctwgr%5E5a6c2b8e461aba7778e0887075383b4568225590%7Ctwcon%5Es1_c10&amp;ref_url=https%3A%2F%2Felectronicintifada.net%2Fblogs%2Fali-abunimah%2Ftrumps-sanctions-palestine-action-import-british-censorship-us\"><img loading=\"lazy\" decoding=\"async\" class=\"wp-image-90086 aligncenter\" src=\"https:\/\/charleroi-pourlapalestine.be\/wp-content\/uploads\/2026\/08\/PalestineAction-2-328x250.png\" alt=\"\" width=\"621\" height=\"473\" srcset=\"https:\/\/charleroi-pourlapalestine.be\/wp-content\/uploads\/2026\/08\/PalestineAction-2-328x250.png 328w, https:\/\/charleroi-pourlapalestine.be\/wp-content\/uploads\/2026\/08\/PalestineAction-2-656x500.png 656w, https:\/\/charleroi-pourlapalestine.be\/wp-content\/uploads\/2026\/08\/PalestineAction-2-768x586.png 768w, https:\/\/charleroi-pourlapalestine.be\/wp-content\/uploads\/2026\/08\/PalestineAction-2.png 927w\" sizes=\"auto, (max-width: 621px) 100vw, 621px\" \/><\/a><\/p>\n<p>Ammori <a href=\"https:\/\/www.aljazeera.com\/news\/2026\/8\/26\/us-imposes-sanctions-on-palestine-action-and-other-left-wing-groups\">a d\u00e9clar\u00e9<\/a> \u00e0 Al Jazeera que cette mesure \u00ab devait \u00eatre un signal d&rsquo;alarme pour toute personne soucieuse de la libert\u00e9 d&rsquo;expression et des libert\u00e9s civiques \u00bb.<\/p>\n<p>Elle a mis en garde contre le fait que l&rsquo;interdiction d\u00e9cr\u00e9t\u00e9e par la Grande-Bretagne avait cr\u00e9\u00e9 un mod\u00e8le encourageant les gouvernements autoritaires \u00e0 r\u00e9primer la dissidence politique et \u00e0 criminaliser les citoyens britanniques vivant ou voyageant \u00e0 l&rsquo;\u00e9tranger.<\/p>\n<p>La Foundation for Individual Rights and Expression (FIRE \u2013 Fondation pour les droits individuels et l&rsquo;expression), une \u00e9minente organisation am\u00e9ricaine qui d\u00e9fend la libert\u00e9 d&rsquo;expression, a elle aussi mis en garde contre la menace des sanctions am\u00e9ricaines pour les droits fondamentaux. Elle a d\u00e9clar\u00e9 que ces sanctions pourraient se traduire par une importation de la censure britannique par les \u00c9tats-Unis.<\/p>\n<p>FIRE a fait remarquer que, contrairement \u00e0 la l\u00e9gislation britannique, le Premier Amendement de la Constitution am\u00e9ricaine faisait la distinction entre la fourniture de \u00ab soutien mat\u00e9riel \u00bb \u00e0 des organisations interdites et le simple fait d&rsquo;exprimer des id\u00e9es \u00e0 propos de ces m\u00eames organisations.<\/p>\n<p>&nbsp;<\/p>\n<h3>La r\u00e9pression internationale \u00e0 l&rsquo;encontre de la gauche<\/h3>\n<p>Les sanctions arrivent au moment o\u00f9 l&rsquo;administration Trump \u00ab\u00e9largit son utilisation des pouvoirs \u00ab antiterroristes \u00bb contre ce qu&rsquo;elle qualifie de d&rsquo;organisations et de r\u00e9seaux d&rsquo;\u00ab extr\u00eame gauche \u00bb.<\/p>\n<p>Il s&rsquo;av\u00e8re que cette campagne am\u00e9ricaine de r\u00e9pression progresse avec la coop\u00e9ration de gouvernements europ\u00e9ens et autres.<\/p>\n<p>En juillet, <a href=\"https:\/\/time.com\/article\/2026\/07\/16\/far-left-terrorism-conference-us-rubio\/\">des responsables de dizaines de pays<\/a>, dont des \u00c9tats de l&rsquo;Union europ\u00e9enne, ainsi que la Turquie et Isra\u00ebl, ont assist\u00e9 \u00e0 une conf\u00e9rence accueillie par le secr\u00e9taire d&rsquo;\u00c9tat am\u00e9ricain Marco Rubio \u00e0 propos de ce que l&rsquo;administration Trump <a href=\"https:\/\/www.state.gov\/the-resurgence-of-political-terrorism\">pr\u00e9tend<\/a> constituer une \u00ab r\u00e9surgence du terrorisme politique \u00bb.<\/p>\n<p>&nbsp;<\/p>\n<p><a href=\"https:\/\/x.com\/SecRubio\/status\/2077815445067837853?ref_src=twsrc%5Etfw%7Ctwcamp%5Etweetembed%7Ctwterm%5E2077815445067837853%7Ctwgr%5E5a6c2b8e461aba7778e0887075383b4568225590%7Ctwcon%5Es1_c10&amp;ref_url=https%3A%2F%2Felectronicintifada.net%2Fblogs%2Fali-abunimah%2Ftrumps-sanctions-palestine-action-import-british-censorship-us\"><img loading=\"lazy\" decoding=\"async\" class=\"wp-image-90087 aligncenter\" src=\"https:\/\/charleroi-pourlapalestine.be\/wp-content\/uploads\/2026\/08\/Capture-decran-2026-08-30-230914-213x250.png\" alt=\"\" width=\"586\" height=\"688\" srcset=\"https:\/\/charleroi-pourlapalestine.be\/wp-content\/uploads\/2026\/08\/Capture-decran-2026-08-30-230914-213x250.png 213w, https:\/\/charleroi-pourlapalestine.be\/wp-content\/uploads\/2026\/08\/Capture-decran-2026-08-30-230914-427x500.png 427w\" sizes=\"auto, (max-width: 586px) 100vw, 586px\" \/><\/a><\/p>\n<p>&nbsp;<\/p>\n<p>La Grande-Bretagne, la France, l&rsquo;Allemagne, l&rsquo;Irlande, le Danemark, l&rsquo;Australie, le Canada, l&rsquo;Espagne et nombre d&rsquo;autres proches alli\u00e9s des EU ont tous particip\u00e9 \u00e0 une conf\u00e9rence destin\u00e9e \u00e0 coordonner l&rsquo;action contre le \u00ab terrorisme transnational d&rsquo;extr\u00eame gauche \u00bb.<\/p>\n<p>De m\u00eame qu&rsquo;elle vise la solidarit\u00e9 avec la Palestine, la r\u00e9pression se concentre sur les <a href=\"https:\/\/www.washingtonpost.com\/national-security\/2026\/07\/16\/rubio-hosts-conference-rally-global-opposition-left-wing-terrorism\/\">organisations antifascistes<\/a> qui s&rsquo;opposent aux mesures int\u00e9rieures de l&rsquo;administration Trump.<\/p>\n<p>&nbsp;<\/p>\n<h3>Arr\u00eat\u00e9 pour avoir aid\u00e9 des Palestiniens ?<\/h3>\n<p>Quelques jours avant cette conf\u00e9rence, les autorit\u00e9s espagnoles ont arr\u00eat\u00e9 l&rsquo;activiste am\u00e9ricain <strong>Fergie Chambers<\/strong>, un philanthrope communiste h\u00e9ritier de la fortune de la famille Cox.<\/p>\n<p>Il reste dans une prison espagnole o\u00f9 il combat son extradition vers les \u00c9tats-Unis.<\/p>\n<p>&nbsp;<\/p>\n<p><a href=\"https:\/\/x.com\/PDeepDive\/status\/2076624425542115514?ref_src=twsrc%5Etfw%7Ctwcamp%5Etweetembed%7Ctwterm%5E2076624425542115514%7Ctwgr%5E5a6c2b8e461aba7778e0887075383b4568225590%7Ctwcon%5Es1_c10&amp;ref_url=https%3A%2F%2Felectronicintifada.net%2Fblogs%2Fali-abunimah%2Ftrumps-sanctions-palestine-action-import-british-censorship-us\"><img loading=\"lazy\" decoding=\"async\" class=\"wp-image-90088 aligncenter\" src=\"https:\/\/charleroi-pourlapalestine.be\/wp-content\/uploads\/2026\/08\/PalestineAction-3-155x250.png\" alt=\"\" width=\"508\" height=\"819\" srcset=\"https:\/\/charleroi-pourlapalestine.be\/wp-content\/uploads\/2026\/08\/PalestineAction-3-155x250.png 155w, https:\/\/charleroi-pourlapalestine.be\/wp-content\/uploads\/2026\/08\/PalestineAction-3-311x500.png 311w, https:\/\/charleroi-pourlapalestine.be\/wp-content\/uploads\/2026\/08\/PalestineAction-3.png 582w\" sizes=\"auto, (max-width: 508px) 100vw, 508px\" \/><\/a><\/p>\n<p>&nbsp;<\/p>\n<p>Selon un acte d&rsquo;accusation secret <a href=\"https:\/\/thegrayzone.com\/2026\/07\/12\/fergie-chambers-extradition-terrorism-financing\/\">examin\u00e9<\/a> par Kit Klarenberg pour The Grayzone, des procureurs f\u00e9d\u00e9raux accusent Chambers de blanchiment international d&rsquo;argent dans l&rsquo;intention de fournir du soutien mat\u00e9riel \u00e0 des organisations terroristes \u00e9trang\u00e8res.<\/p>\n<p>Klarenberg a fait savoir que l&rsquo;accusation avait identifi\u00e9 des transferts depuis des banques am\u00e9ricaines vers la Tunisie \u2013 o\u00f9 Chambers a v\u00e9cu \u2013 mais qu&rsquo;elle ne proposait aucune preuve que Chambers avait donn\u00e9 de l&rsquo;argent \u00e0 l&rsquo;une ou l&rsquo;autre organisation d\u00e9sign\u00e9e. S&rsquo;il est extrad\u00e9, il risque jusqu&rsquo;\u00e0 trente ans de prison.<\/p>\n<p>Chambers a vendu ses parts dans l&#8217;empire commercial Cox pour une somme estim\u00e9e \u00e0 250 millions de USD.<\/p>\n<p>On pr\u00e9tend qu&rsquo;il a donn\u00e9 plus de 1 million de USA \u00e0 des projets humanitaires \u00e0 Gaza et \u00e0 des organisations militantes et r\u00e9seaux d&rsquo;information propalestiniens.<\/p>\n<p>Il a \u00e9galement financ\u00e9 des affaires en Tunisie, l&rsquo;\u00e9quipe de football du Club Africain et des cautions et frais juridiques d&rsquo;activistes de gauche emprisonn\u00e9s, <a href=\"https:\/\/www.theguardian.com\/us-news\/2026\/jul\/18\/fergie-chambers-stella-schnabel-spain-extradition\">dont des membres<\/a> de Palestine Action aux \u00c9tats-Unis.<\/p>\n<p>Sa partenaire Stella Schnabel et d&rsquo;autres de ses amis <a href=\"https:\/\/www.theguardian.com\/us-news\/2026\/jul\/18\/fergie-chambers-stella-schnabel-spain-extradition\">d\u00e9crivent<\/a> l&rsquo;affaire \u00e0 son encontre comme de la pers\u00e9cution politique.<\/p>\n<p>Le journaliste Max Blumenthal <a href=\"https:\/\/x.com\/MaxBlumenthal\/status\/2092814612383019346\">a pr\u00e9tendu<\/a> que \u00ab l&rsquo;administration Trump contr\u00f4l\u00e9e par Isra\u00ebl a d\u00e9sign\u00e9 Palestine Action comme un groupe terroriste afin de justifier son acte d&rsquo;accusation tr\u00e8s superficiel \u00e0 l&rsquo;encontre de Fergie Chambers et d&rsquo;exercer des pressions sur le gouvernement espagnol pour qu&rsquo;il l&rsquo;extrade \u00bb.<\/p>\n<p>&nbsp;<\/p>\n<h3>Les d\u00e9mocrates restent silencieux<\/h3>\n<p>C&rsquo;est plausible, mais une chose est s\u00fbre, c&rsquo;est que la toute r\u00e9cente action de l&rsquo;administration Trump fait partie d&rsquo;une campagne plus large contre la dissidence int\u00e9rieure et contre la solidarit\u00e9 internationale avec la Palestine.<\/p>\n<p>Combattre cette campagne devrait \u00eatre la priorit\u00e9 de tout parti d&rsquo;opposition aux \u00c9tats-Unis.<\/p>\n<p>Au moment de r\u00e9diger le pr\u00e9sent article, The Electronic Intifada n&rsquo;a pu d\u00e9nicher un seul d\u00e9mocrate \u00e9lu, y compris les pr\u00e9tendus progressistes, qui avait condamn\u00e9 les sanctions.<\/p>\n<p>&nbsp;<\/p>\n<div class=\"video-container\"><iframe loading=\"lazy\" title=\"Trump targets Palestine Action with &quot;terrorism&quot; sanctions, with Ali Abunimah\" width=\"500\" height=\"281\" src=\"https:\/\/www.youtube.com\/embed\/ySJNGY9v5Z8?feature=oembed&#038;wmode=opaque\" frameborder=\"0\" allow=\"accelerometer; autoplay; clipboard-write; encrypted-media; gyroscope; picture-in-picture; web-share\" referrerpolicy=\"strict-origin-when-cross-origin\" allowfullscreen><\/iframe><\/div>\n<p>&nbsp;<\/p>\n<p>\u00b0\u00b0\u00b0\u00b0\u00b0<\/p>\n<p>Publi\u00e9 le 28 ao\u00fbt 2026 sur <a href=\"https:\/\/charleroi-pourlapalestine.be\/index.php\/2026\/08\/28\/washington-ne-criminalisera-pas-la-lutte-de-notre-peuple-ni-ne-depouillera-celui-ci-de-son-droit-a-la-resistance-et-au-retour\/\" target=\"_blank\" rel=\"noopener\">The Electronic Intifada<\/a><\/p>\n<p>Traduction :Jean-Marie Fl\u00e9mal, <a href=\"https:\/\/charleroi-pourlapalestine.be\/\">Charleroi pour la Palestine<\/a><\/p>\n<p>\u00b0\u00b0\u00b0\u00b0\u00b0<\/p>\n<p>LIsez \u00e9galement : <strong><a href=\"https:\/\/charleroi-pourlapalestine.be\/index.php\/2026\/08\/28\/washington-ne-criminalisera-pas-la-lutte-de-notre-peuple-ni-ne-depouillera-celui-ci-de-son-droit-a-la-resistance-et-au-retour\/\">Washington ne criminalisera pas la lutte de notre peuple ni ne d\u00e9pouillera celui-ci de son droit \u00e0 la r\u00e9sistance et au retour (Masar Badil)<\/a><\/strong><\/p>\n","protected":false},"excerpt":{"rendered":"<p>Dans une escalade de son offensive visant la libert\u00e9 d&rsquo;expression et l&rsquo;organisation contre le g\u00e9nocide d&rsquo;Isra\u00ebl \u00e0 Gaza, l&rsquo;administration Trump a impos\u00e9 des sanctions \u00ab antiterroristes \u00bb au groupe britannique Palestine Action.<\/p>\n","protected":false},"author":1,"featured_media":85519,"comment_status":"closed","ping_status":"closed","sticky":false,"template":"","format":"standard","meta":{"ngg_post_thumbnail":0,"footnotes":""},"categories":[1031,882,454,1176,87,161,846,906],"tags":[],"class_list":["post-90069","post","type-post","status-publish","format-standard","has-post-thumbnail","hentry","category-listes-terroristes","category-censure","category-criminalisation","category-liberte-dassociation","category-liberte-dexpression","category-lobby","category-masar-badil","category-palestine-action"],"yoast_head":"<!-- This site is optimized with the Yoast SEO plugin v28.3 - https:\/\/yoast.com\/product\/yoast-seo-wordpress\/ -->\n<title>Les sanctions de Trump \u00e0 l&#039;encontre de Palestine Action importent la censure britannique aux EU<\/title>\n<meta name=\"description\" content=\"Dans une escalade de son offensive visant la libert\u00e9 d&#039;expression et l&#039;organisation contre le g\u00e9nocide d&#039;Isra\u00ebl \u00e0 Gaza, l&#039;administration Trump a impos\u00e9 des sanctions \u00ab antiterroristes \u00bb au groupe britannique Palestine Action.\" \/>\n<meta name=\"robots\" content=\"index, follow, max-snippet:-1, max-image-preview:large, max-video-preview:-1\" \/>\n<link rel=\"canonical\" href=\"https:\/\/charleroi-pourlapalestine.be\/index.php\/2026\/09\/02\/les-sanctions-de-trump-a-lencontre-de-palestine-action-importent-la-censure-britannique-aux-eu\/\" \/>\n<script type=\"application\/ld+json\" class=\"yoast-schema-graph\">{\"@context\":\"https:\\\/\\\/schema.org\",\"@graph\":[{\"@type\":\"Article\",\"@id\":\"https:\\\/\\\/charleroi-pourlapalestine.be\\\/index.php\\\/2026\\\/09\\\/02\\\/les-sanctions-de-trump-a-lencontre-de-palestine-action-importent-la-censure-britannique-aux-eu\\\/#article\",\"isPartOf\":{\"@id\":\"https:\\\/\\\/charleroi-pourlapalestine.be\\\/index.php\\\/2026\\\/09\\\/02\\\/les-sanctions-de-trump-a-lencontre-de-palestine-action-importent-la-censure-britannique-aux-eu\\\/\"},\"author\":{\"name\":\"admin1873\",\"@id\":\"https:\\\/\\\/charleroi-pourlapalestine.be\\\/#\\\/schema\\\/person\\\/c19ff515112f1299d8c12671d8fe3faa\"},\"headline\":\"Les sanctions de Trump \u00e0 l&rsquo;encontre de Palestine Action importent la censure britannique aux EU\",\"datePublished\":\"2026-09-02T15:02:33+00:00\",\"dateModified\":\"2026-09-04T08:43:10+00:00\",\"mainEntityOfPage\":{\"@id\":\"https:\\\/\\\/charleroi-pourlapalestine.be\\\/index.php\\\/2026\\\/09\\\/02\\\/les-sanctions-de-trump-a-lencontre-de-palestine-action-importent-la-censure-britannique-aux-eu\\\/\"},\"wordCount\":1400,\"publisher\":{\"@id\":\"https:\\\/\\\/charleroi-pourlapalestine.be\\\/#organization\"},\"image\":{\"@id\":\"https:\\\/\\\/charleroi-pourlapalestine.be\\\/index.php\\\/2026\\\/09\\\/02\\\/les-sanctions-de-trump-a-lencontre-de-palestine-action-importent-la-censure-britannique-aux-eu\\\/#primaryimage\"},\"thumbnailUrl\":\"https:\\\/\\\/charleroi-pourlapalestine.be\\\/wp-content\\\/uploads\\\/2025\\\/07\\\/We-are-all-Palestine-Action.png\",\"articleSection\":[\"\\\"Listes terroristes\\\"\",\"Censure\",\"Criminalisation\",\"Libert\u00e9 d'association\",\"Libert\u00e9 d'expression\",\"Lobby\",\"Masar Badil\",\"Palestine Action\"],\"inLanguage\":\"fr-FR\"},{\"@type\":\"WebPage\",\"@id\":\"https:\\\/\\\/charleroi-pourlapalestine.be\\\/index.php\\\/2026\\\/09\\\/02\\\/les-sanctions-de-trump-a-lencontre-de-palestine-action-importent-la-censure-britannique-aux-eu\\\/\",\"url\":\"https:\\\/\\\/charleroi-pourlapalestine.be\\\/index.php\\\/2026\\\/09\\\/02\\\/les-sanctions-de-trump-a-lencontre-de-palestine-action-importent-la-censure-britannique-aux-eu\\\/\",\"name\":\"Les sanctions de Trump \u00e0 l'encontre de Palestine Action importent la censure britannique aux EU\",\"isPartOf\":{\"@id\":\"https:\\\/\\\/charleroi-pourlapalestine.be\\\/#website\"},\"primaryImageOfPage\":{\"@id\":\"https:\\\/\\\/charleroi-pourlapalestine.be\\\/index.php\\\/2026\\\/09\\\/02\\\/les-sanctions-de-trump-a-lencontre-de-palestine-action-importent-la-censure-britannique-aux-eu\\\/#primaryimage\"},\"image\":{\"@id\":\"https:\\\/\\\/charleroi-pourlapalestine.be\\\/index.php\\\/2026\\\/09\\\/02\\\/les-sanctions-de-trump-a-lencontre-de-palestine-action-importent-la-censure-britannique-aux-eu\\\/#primaryimage\"},\"thumbnailUrl\":\"https:\\\/\\\/charleroi-pourlapalestine.be\\\/wp-content\\\/uploads\\\/2025\\\/07\\\/We-are-all-Palestine-Action.png\",\"datePublished\":\"2026-09-02T15:02:33+00:00\",\"dateModified\":\"2026-09-04T08:43:10+00:00\",\"description\":\"Dans une escalade de son offensive visant la libert\u00e9 d'expression et l'organisation contre le g\u00e9nocide d'Isra\u00ebl \u00e0 Gaza, l'administration Trump a impos\u00e9 des sanctions \u00ab antiterroristes \u00bb au groupe britannique Palestine Action.\",\"breadcrumb\":{\"@id\":\"https:\\\/\\\/charleroi-pourlapalestine.be\\\/index.php\\\/2026\\\/09\\\/02\\\/les-sanctions-de-trump-a-lencontre-de-palestine-action-importent-la-censure-britannique-aux-eu\\\/#breadcrumb\"},\"inLanguage\":\"fr-FR\",\"potentialAction\":[{\"@type\":\"ReadAction\",\"target\":[\"https:\\\/\\\/charleroi-pourlapalestine.be\\\/index.php\\\/2026\\\/09\\\/02\\\/les-sanctions-de-trump-a-lencontre-de-palestine-action-importent-la-censure-britannique-aux-eu\\\/\"]}]},{\"@type\":\"ImageObject\",\"inLanguage\":\"fr-FR\",\"@id\":\"https:\\\/\\\/charleroi-pourlapalestine.be\\\/index.php\\\/2026\\\/09\\\/02\\\/les-sanctions-de-trump-a-lencontre-de-palestine-action-importent-la-censure-britannique-aux-eu\\\/#primaryimage\",\"url\":\"https:\\\/\\\/charleroi-pourlapalestine.be\\\/wp-content\\\/uploads\\\/2025\\\/07\\\/We-are-all-Palestine-Action.png\",\"contentUrl\":\"https:\\\/\\\/charleroi-pourlapalestine.be\\\/wp-content\\\/uploads\\\/2025\\\/07\\\/We-are-all-Palestine-Action.png\",\"width\":980,\"height\":980},{\"@type\":\"BreadcrumbList\",\"@id\":\"https:\\\/\\\/charleroi-pourlapalestine.be\\\/index.php\\\/2026\\\/09\\\/02\\\/les-sanctions-de-trump-a-lencontre-de-palestine-action-importent-la-censure-britannique-aux-eu\\\/#breadcrumb\",\"itemListElement\":[{\"@type\":\"ListItem\",\"position\":1,\"name\":\"Accueil\",\"item\":\"https:\\\/\\\/charleroi-pourlapalestine.be\\\/\"},{\"@type\":\"ListItem\",\"position\":2,\"name\":\"Les sanctions de Trump \u00e0 l&rsquo;encontre de Palestine Action importent la censure britannique aux EU\"}]},{\"@type\":\"WebSite\",\"@id\":\"https:\\\/\\\/charleroi-pourlapalestine.be\\\/#website\",\"url\":\"https:\\\/\\\/charleroi-pourlapalestine.be\\\/\",\"name\":\"Charleroi Pour la Palestine\",\"description\":\"\",\"publisher\":{\"@id\":\"https:\\\/\\\/charleroi-pourlapalestine.be\\\/#organization\"},\"potentialAction\":[{\"@type\":\"SearchAction\",\"target\":{\"@type\":\"EntryPoint\",\"urlTemplate\":\"https:\\\/\\\/charleroi-pourlapalestine.be\\\/?s={search_term_string}\"},\"query-input\":{\"@type\":\"PropertyValueSpecification\",\"valueRequired\":true,\"valueName\":\"search_term_string\"}}],\"inLanguage\":\"fr-FR\"},{\"@type\":\"Organization\",\"@id\":\"https:\\\/\\\/charleroi-pourlapalestine.be\\\/#organization\",\"name\":\"Plate-forme Charleroi-Palestine\",\"url\":\"https:\\\/\\\/charleroi-pourlapalestine.be\\\/\",\"logo\":{\"@type\":\"ImageObject\",\"inLanguage\":\"fr-FR\",\"@id\":\"https:\\\/\\\/charleroi-pourlapalestine.be\\\/#\\\/schema\\\/logo\\\/image\\\/\",\"url\":\"https:\\\/\\\/charleroi-pourlapalestine.be\\\/wp-content\\\/uploads\\\/2020\\\/01\\\/logo-Copy.jpg\",\"contentUrl\":\"https:\\\/\\\/charleroi-pourlapalestine.be\\\/wp-content\\\/uploads\\\/2020\\\/01\\\/logo-Copy.jpg\",\"width\":180,\"height\":180,\"caption\":\"Plate-forme Charleroi-Palestine\"},\"image\":{\"@id\":\"https:\\\/\\\/charleroi-pourlapalestine.be\\\/#\\\/schema\\\/logo\\\/image\\\/\"},\"sameAs\":[\"https:\\\/\\\/www.facebook.com\\\/PlateformeCharleroiPalestine\\\/\",\"https:\\\/\\\/x.com\\\/LaCharleroi\"]},{\"@type\":\"Person\",\"@id\":\"https:\\\/\\\/charleroi-pourlapalestine.be\\\/#\\\/schema\\\/person\\\/c19ff515112f1299d8c12671d8fe3faa\",\"name\":\"admin1873\",\"url\":\"https:\\\/\\\/charleroi-pourlapalestine.be\\\/index.php\\\/author\\\/admin1873\\\/\"}]}<\/script>\n<!-- \/ Yoast SEO plugin. -->","yoast_head_json":{"title":"Les sanctions de Trump \u00e0 l'encontre de Palestine Action importent la censure britannique aux EU","description":"Dans une escalade de son offensive visant la libert\u00e9 d'expression et l'organisation contre le g\u00e9nocide d'Isra\u00ebl \u00e0 Gaza, l'administration Trump a impos\u00e9 des sanctions \u00ab antiterroristes \u00bb au groupe britannique Palestine Action.","robots":{"index":"index","follow":"follow","max-snippet":"max-snippet:-1","max-image-preview":"max-image-preview:large","max-video-preview":"max-video-preview:-1"},"canonical":"https:\/\/charleroi-pourlapalestine.be\/index.php\/2026\/09\/02\/les-sanctions-de-trump-a-lencontre-de-palestine-action-importent-la-censure-britannique-aux-eu\/","schema":{"@context":"https:\/\/schema.org","@graph":[{"@type":"Article","@id":"https:\/\/charleroi-pourlapalestine.be\/index.php\/2026\/09\/02\/les-sanctions-de-trump-a-lencontre-de-palestine-action-importent-la-censure-britannique-aux-eu\/#article","isPartOf":{"@id":"https:\/\/charleroi-pourlapalestine.be\/index.php\/2026\/09\/02\/les-sanctions-de-trump-a-lencontre-de-palestine-action-importent-la-censure-britannique-aux-eu\/"},"author":{"name":"admin1873","@id":"https:\/\/charleroi-pourlapalestine.be\/#\/schema\/person\/c19ff515112f1299d8c12671d8fe3faa"},"headline":"Les sanctions de Trump \u00e0 l&rsquo;encontre de Palestine Action importent la censure britannique aux EU","datePublished":"2026-09-02T15:02:33+00:00","dateModified":"2026-09-04T08:43:10+00:00","mainEntityOfPage":{"@id":"https:\/\/charleroi-pourlapalestine.be\/index.php\/2026\/09\/02\/les-sanctions-de-trump-a-lencontre-de-palestine-action-importent-la-censure-britannique-aux-eu\/"},"wordCount":1400,"publisher":{"@id":"https:\/\/charleroi-pourlapalestine.be\/#organization"},"image":{"@id":"https:\/\/charleroi-pourlapalestine.be\/index.php\/2026\/09\/02\/les-sanctions-de-trump-a-lencontre-de-palestine-action-importent-la-censure-britannique-aux-eu\/#primaryimage"},"thumbnailUrl":"https:\/\/charleroi-pourlapalestine.be\/wp-content\/uploads\/2025\/07\/We-are-all-Palestine-Action.png","articleSection":["\"Listes terroristes\"","Censure","Criminalisation","Libert\u00e9 d'association","Libert\u00e9 d'expression","Lobby","Masar Badil","Palestine Action"],"inLanguage":"fr-FR"},{"@type":"WebPage","@id":"https:\/\/charleroi-pourlapalestine.be\/index.php\/2026\/09\/02\/les-sanctions-de-trump-a-lencontre-de-palestine-action-importent-la-censure-britannique-aux-eu\/","url":"https:\/\/charleroi-pourlapalestine.be\/index.php\/2026\/09\/02\/les-sanctions-de-trump-a-lencontre-de-palestine-action-importent-la-censure-britannique-aux-eu\/","name":"Les sanctions de Trump \u00e0 l'encontre de Palestine Action importent la censure britannique aux EU","isPartOf":{"@id":"https:\/\/charleroi-pourlapalestine.be\/#website"},"primaryImageOfPage":{"@id":"https:\/\/charleroi-pourlapalestine.be\/index.php\/2026\/09\/02\/les-sanctions-de-trump-a-lencontre-de-palestine-action-importent-la-censure-britannique-aux-eu\/#primaryimage"},"image":{"@id":"https:\/\/charleroi-pourlapalestine.be\/index.php\/2026\/09\/02\/les-sanctions-de-trump-a-lencontre-de-palestine-action-importent-la-censure-britannique-aux-eu\/#primaryimage"},"thumbnailUrl":"https:\/\/charleroi-pourlapalestine.be\/wp-content\/uploads\/2025\/07\/We-are-all-Palestine-Action.png","datePublished":"2026-09-02T15:02:33+00:00","dateModified":"2026-09-04T08:43:10+00:00","description":"Dans une escalade de son offensive visant la libert\u00e9 d'expression et l'organisation contre le g\u00e9nocide d'Isra\u00ebl \u00e0 Gaza, l'administration Trump a impos\u00e9 des sanctions \u00ab antiterroristes \u00bb au groupe britannique Palestine Action.","breadcrumb":{"@id":"https:\/\/charleroi-pourlapalestine.be\/index.php\/2026\/09\/02\/les-sanctions-de-trump-a-lencontre-de-palestine-action-importent-la-censure-britannique-aux-eu\/#breadcrumb"},"inLanguage":"fr-FR","potentialAction":[{"@type":"ReadAction","target":["https:\/\/charleroi-pourlapalestine.be\/index.php\/2026\/09\/02\/les-sanctions-de-trump-a-lencontre-de-palestine-action-importent-la-censure-britannique-aux-eu\/"]}]},{"@type":"ImageObject","inLanguage":"fr-FR","@id":"https:\/\/charleroi-pourlapalestine.be\/index.php\/2026\/09\/02\/les-sanctions-de-trump-a-lencontre-de-palestine-action-importent-la-censure-britannique-aux-eu\/#primaryimage","url":"https:\/\/charleroi-pourlapalestine.be\/wp-content\/uploads\/2025\/07\/We-are-all-Palestine-Action.png","contentUrl":"https:\/\/charleroi-pourlapalestine.be\/wp-content\/uploads\/2025\/07\/We-are-all-Palestine-Action.png","width":980,"height":980},{"@type":"BreadcrumbList","@id":"https:\/\/charleroi-pourlapalestine.be\/index.php\/2026\/09\/02\/les-sanctions-de-trump-a-lencontre-de-palestine-action-importent-la-censure-britannique-aux-eu\/#breadcrumb","itemListElement":[{"@type":"ListItem","position":1,"name":"Accueil","item":"https:\/\/charleroi-pourlapalestine.be\/"},{"@type":"ListItem","position":2,"name":"Les sanctions de Trump \u00e0 l&rsquo;encontre de Palestine Action importent la censure britannique aux EU"}]},{"@type":"WebSite","@id":"https:\/\/charleroi-pourlapalestine.be\/#website","url":"https:\/\/charleroi-pourlapalestine.be\/","name":"Charleroi Pour la Palestine","description":"","publisher":{"@id":"https:\/\/charleroi-pourlapalestine.be\/#organization"},"potentialAction":[{"@type":"SearchAction","target":{"@type":"EntryPoint","urlTemplate":"https:\/\/charleroi-pourlapalestine.be\/?s={search_term_string}"},"query-input":{"@type":"PropertyValueSpecification","valueRequired":true,"valueName":"search_term_string"}}],"inLanguage":"fr-FR"},{"@type":"Organization","@id":"https:\/\/charleroi-pourlapalestine.be\/#organization","name":"Plate-forme Charleroi-Palestine","url":"https:\/\/charleroi-pourlapalestine.be\/","logo":{"@type":"ImageObject","inLanguage":"fr-FR","@id":"https:\/\/charleroi-pourlapalestine.be\/#\/schema\/logo\/image\/","url":"https:\/\/charleroi-pourlapalestine.be\/wp-content\/uploads\/2020\/01\/logo-Copy.jpg","contentUrl":"https:\/\/charleroi-pourlapalestine.be\/wp-content\/uploads\/2020\/01\/logo-Copy.jpg","width":180,"height":180,"caption":"Plate-forme Charleroi-Palestine"},"image":{"@id":"https:\/\/charleroi-pourlapalestine.be\/#\/schema\/logo\/image\/"},"sameAs":["https:\/\/www.facebook.com\/PlateformeCharleroiPalestine\/","https:\/\/x.com\/LaCharleroi"]},{"@type":"Person","@id":"https:\/\/charleroi-pourlapalestine.be\/#\/schema\/person\/c19ff515112f1299d8c12671d8fe3faa","name":"admin1873","url":"https:\/\/charleroi-pourlapalestine.be\/index.php\/author\/admin1873\/"}]}},"_links":{"self":[{"href":"https:\/\/charleroi-pourlapalestine.be\/index.php\/wp-json\/wp\/v2\/posts\/90069","targetHints":{"allow":["GET"]}}],"collection":[{"href":"https:\/\/charleroi-pourlapalestine.be\/index.php\/wp-json\/wp\/v2\/posts"}],"about":[{"href":"https:\/\/charleroi-pourlapalestine.be\/index.php\/wp-json\/wp\/v2\/types\/post"}],"author":[{"embeddable":true,"href":"https:\/\/charleroi-pourlapalestine.be\/index.php\/wp-json\/wp\/v2\/users\/1"}],"replies":[{"embeddable":true,"href":"https:\/\/charleroi-pourlapalestine.be\/index.php\/wp-json\/wp\/v2\/comments?post=90069"}],"version-history":[{"count":8,"href":"https:\/\/charleroi-pourlapalestine.be\/index.php\/wp-json\/wp\/v2\/posts\/90069\/revisions"}],"predecessor-version":[{"id":90148,"href":"https:\/\/charleroi-pourlapalestine.be\/index.php\/wp-json\/wp\/v2\/posts\/90069\/revisions\/90148"}],"wp:featuredmedia":[{"embeddable":true,"href":"https:\/\/charleroi-pourlapalestine.be\/index.php\/wp-json\/wp\/v2\/media\/85519"}],"wp:attachment":[{"href":"https:\/\/charleroi-pourlapalestine.be\/index.php\/wp-json\/wp\/v2\/media?parent=90069"}],"wp:term":[{"taxonomy":"category","embeddable":true,"href":"https:\/\/charleroi-pourlapalestine.be\/index.php\/wp-json\/wp\/v2\/categories?post=90069"},{"taxonomy":"post_tag","embeddable":true,"href":"https:\/\/charleroi-pourlapalestine.be\/index.php\/wp-json\/wp\/v2\/tags?post=90069"}],"curies":[{"name":"wp","href":"https:\/\/api.w.org\/{rel}","templated":true}]}}