{"id":90149,"date":"2026-09-04T15:51:18","date_gmt":"2026-09-04T13:51:18","guid":{"rendered":"https:\/\/charleroi-pourlapalestine.be\/?p=90149"},"modified":"2026-09-04T16:08:47","modified_gmt":"2026-09-04T14:08:47","slug":"de-la-necessite-et-des-taches-de-la-conference-des-generations-de-la-liberation-a-beyrouth","status":"publish","type":"post","link":"https:\/\/charleroi-pourlapalestine.be\/index.php\/2026\/09\/04\/de-la-necessite-et-des-taches-de-la-conference-des-generations-de-la-liberation-a-beyrouth\/","title":{"rendered":"De la n\u00e9cessit\u00e9 et des t\u00e2ches de la conf\u00e9rence des G\u00e9n\u00e9rations de la Lib\u00e9ration \u00e0 Beyrouth"},"content":{"rendered":"<p>L&rsquo;article qui suit a d&rsquo;abord \u00e9t\u00e9 publi\u00e9 en arabe, le vendredi 4 septembre 2026, dans le journal<a href=\"https:\/\/www.al-akhbar.com\/NewspaperArticles\/topics-opinions\/903269\/%D9%85%D8%A4%D8%AA%D9%85%D8%B1-%D8%A3%D8%AC%D9%8A%D8%A7%D9%84-%D8%A7%D9%84%D8%AA%D8%AD%D8%B1%D9%8A%D8%B1-%D9%81%D9%8A-%D8%A8%D9%8A%D8%B1%D9%88%D8%AA--%D8%B9%D9%86-%D8%A7%D9%84%D8%B6%D8%B1%D9%88%D8%B1%D8%A9-%D9%88%D8%A7%D9%84%D9%85%D9%87%D8%A7%D9%85\" target=\"_blank\" rel=\"noopener\"> <strong>Al-Akhbar<\/strong><\/a> au Liban. <strong>La conf\u00e9rence de Ajyal al-Tahrir (Les G\u00e9n\u00e9rations de la Lib\u00e9ration)<\/strong> aura lieu samedi 19 septembre, d\u00e8s 9 heures du matin, \u00e0 la salle Al-Jinan, \u00e0 la Haute \u00c9cole Batoul, situ\u00e9e \u00e0 Bir Hassan, \u00e0 Beyrouth.(*)<\/p>\n<p>&nbsp;<\/p>\n<p><img loading=\"lazy\" decoding=\"async\" class=\"alignnone wp-image-90155 size-large\" src=\"https:\/\/charleroi-pourlapalestine.be\/wp-content\/uploads\/2026\/09\/Liberation-de-la-Palestine--700x469.png\" alt=\"\" width=\"700\" height=\"469\" srcset=\"https:\/\/charleroi-pourlapalestine.be\/wp-content\/uploads\/2026\/09\/Liberation-de-la-Palestine--700x469.png 700w, https:\/\/charleroi-pourlapalestine.be\/wp-content\/uploads\/2026\/09\/Liberation-de-la-Palestine--350x235.png 350w, https:\/\/charleroi-pourlapalestine.be\/wp-content\/uploads\/2026\/09\/Liberation-de-la-Palestine--768x515.png 768w, https:\/\/charleroi-pourlapalestine.be\/wp-content\/uploads\/2026\/09\/Liberation-de-la-Palestine-.png 897w\" sizes=\"auto, (max-width: 700px) 100vw, 700px\" \/><\/p>\n<p>&nbsp;<\/p>\n<p>Hisham Issawi<strong>,<\/strong> 4 septembre 2026<\/p>\n<p>La capitale du Liban, Beyrouth, se pr\u00e9pare \u00e0 accueillir la conf\u00e9rence des <strong>\u00ab G\u00e9n\u00e9rations de la Lib\u00e9ration \u00bb (Ajyal al-Tahrir)<\/strong>, organis\u00e9e par le Centre international de la Palestine le 19 septembre 2026. La conf\u00e9rence cherche \u00e0 ouvrir un espace de dialogue autour de la Palestine, de la m\u00e9moire de la lutte et du r\u00f4le des nouvelles g\u00e9n\u00e9rations dans la relance de la conscience culturelle, intellectuelle et politique de notre jeunesse dans les camps de r\u00e9fugi\u00e9s palestiniens.<\/p>\n<p>La conf\u00e9rence se tiendra \u00e0 Beyrouth, une ville qui occupe un place sp\u00e9ciale dans l&rsquo;histoire contemporaine de la Palestine. Beyrouth n&rsquo;a jamais \u00e9t\u00e9 simplement une ville qui a accueilli des Palestiniens ; au fil des d\u00e9cennies, elle est devenue un lieu central du d\u00e9bat politique, culturel et m\u00e9diatique des Palestiniens et des Arabes. Elle a accueilli des g\u00e9n\u00e9rations de combattants, d&rsquo;intellectuels, d&rsquo;artistes, d&rsquo;\u00e9tudiants et d&rsquo;activistes et ses rues ont assist\u00e9 \u00e0 de nombreuses batailles et luttes h\u00e9ro\u00efques.<\/p>\n<p>&nbsp;<\/p>\n<h3>D&rsquo;une g\u00e9n\u00e9ration \u00e0 l&rsquo;autre : vers la Palestine<\/h3>\n<p>L&rsquo;intitul\u00e9 de la conf\u00e9rence, <strong>\u00ab Les G\u00e9n\u00e9rations de la Lib\u00e9ration<\/strong> \u00bb, a une signification qui va au-del\u00e0 du sens temporel du mot \u00ab g\u00e9n\u00e9rations \u00bb. Depuis la Nakba, la cause palestinienne n&rsquo;a jamais \u00e9t\u00e9 transmise d&rsquo;une g\u00e9n\u00e9ration \u00e0 la suivante comme un simple souvenir, mais comme une cause vivante associ\u00e9e \u00e0 l&rsquo;identit\u00e9, \u00e0 la justice et au droit du peuple palestinien \u00e0 la lib\u00e9ration et au retour.<\/p>\n<p>Aujourd&rsquo;hui, les jeunes des camps n&rsquo;ont pas besoin de nouvelles plates-formes leurs proposant de simples discours. Au contraire, ils ont besoin d&rsquo;un espace palestinien libre o\u00f9 ils peuvent s&rsquo;exprimer de leurs propres voix sur leur r\u00e9alit\u00e9 et leur souffrance, sur la pauvret\u00e9, le ch\u00f4mage, les privations et les restrictions qu&rsquo;ils subissent, et sur l&rsquo;avenir de leurs camps, l\u00e0 o\u00f9 ils pourront transformer cette souffrance en une force organis\u00e9e en vue de l&rsquo;action, de l&rsquo;initiative et de la lutte pour leurs droits.<\/p>\n<p>En m\u00eame temps, la responsabilit\u00e9 des jeunes Palestiniens au Liban ne cesse pas aux limites des camps. Le peuple palestinien est un, la cause est une et le combat est un. D&rsquo;o\u00f9 la n\u00e9cessit\u00e9 de mettre en place des ponts solides entre les jeunes des camps et les jeunes palestiniens de la patrie et de la diaspora, tout en renfor\u00e7ant la communication avec les mouvements de jeunes et d&rsquo;\u00e9tudiants ainsi qu&rsquo;avec les mouvements de solidarit\u00e9 et de lib\u00e9ration du monde entier.<\/p>\n<p>Au plus profond d&rsquo;eux-m\u00eames, les jeunes Palestiniens comprennent que leur combat n&rsquo;a rien de marginal et qu&rsquo;il ne peut \u00eatre ramen\u00e9 \u00e0 des questions de services ou d&rsquo;activit\u00e9s saisonni\u00e8res. Il s&rsquo;agit d&rsquo;une bataille existentielle contre l&rsquo;oblit\u00e9ration et le g\u00e9nocide et pour leur identit\u00e9, leur dignit\u00e9, leur existence. Il s&rsquo;agit d&rsquo;une bataille en vue de d\u00e9fendre le droit des r\u00e9fugi\u00e9s \u00e0 une existence digne et leur droit inali\u00e9nable au retour en Palestine.<\/p>\n<p>C&rsquo;est l\u00e0 qu&rsquo;appara\u00eet l&rsquo;importance d&rsquo;examiner le r\u00f4le des nouvelles g\u00e9n\u00e9rations. Ils font face \u00e0 une r\u00e9alit\u00e9 palestinienne, arabe et internationale diff\u00e9rente et se servent de nouveaux outils dans les m\u00e9dias, la culture, l&rsquo;organisation des jeunes et la promotion des droits. Ces g\u00e9n\u00e9rations cherchent de nouvelles voies afin de sauvegarder la pr\u00e9sence palestinienne \u00e0 un moment o\u00f9 la bataille sur le discours, la conscience et la m\u00e9moire est devenue une composante essentielle de la lutte.<\/p>\n<p>Le choix de Beyrouth comme endroit de la conf\u00e9rence ajoute une signification sp\u00e9ciale \u00e0 son intitul\u00e9. Historiquement, la ville a \u00e9t\u00e9 \u00e9troitement li\u00e9e \u00e0 la pr\u00e9sence palestinienne, aux camps de r\u00e9fugi\u00e9s palestiniens au Liban et aux mouvements culturels, m\u00e9diatiques et politiques qui ont accompagn\u00e9 les diverses phases de l&rsquo;histoire de la cause palestinienne.<\/p>\n<p>Dans ce contexte, la conf\u00e9rence peut fournir un espace qui r\u00e9unira la m\u00e9moire et l&rsquo;exp\u00e9rience des questions auxquelles est confront\u00e9e la nouvelle g\u00e9n\u00e9ration : Comment pouvons-nous restituer aux camps leur r\u00f4le de pionniers dans la direction du mouvement national palestinien ? Comment la m\u00e9moire se transmet-elle d&rsquo;une g\u00e9n\u00e9ration \u00e0 la suivante ? Quels r\u00f4les la culture, l&rsquo;art, les m\u00e9dias, l&rsquo;\u00e9ducation et les jeunes peuvent-ils jouer dans le maintien de la pr\u00e9sence palestinienne dans la conscience publique ? Et comment pouvons-nous, en tant que jeunes des camps, obtenir nos droits sociaux et \u00e9conomiques au Liban ?<\/p>\n<p>&nbsp;<\/p>\n<h3>Une nouvelle g\u00e9n\u00e9ration avec de nouvelles questions<\/h3>\n<p><strong>\u00ab Les G\u00e9n\u00e9rations de la Lib\u00e9ration \u00bb<\/strong> peuvent offrir l&rsquo;occasion de r\u00e9viser le concept de la lib\u00e9ration palestinienne sous une perspective \u00e9largie. La lib\u00e9ration n&rsquo;est pas li\u00e9e \u00e0 la seule politique ; elle est \u00e9galement associ\u00e9e au savoir, \u00e0 l&rsquo;identit\u00e9, \u00e0 la culture, \u00e0 la r\u00e9sistance et \u00e0 la capacit\u00e9 de produire le narratif palestinien et de le prot\u00e9ger de l&rsquo;oubli.<\/p>\n<p>Elle signifie \u00e9galement la lib\u00e9ration des mesures de restriction et de si\u00e8ge impos\u00e9es par le gouvernement libanais aux camps palestiniens dans les secteurs de l&#8217;emploi, de l&rsquo;\u00e9ducation, de la sant\u00e9, des infrastructures, de l&rsquo;entr\u00e9e des mat\u00e9riaux de constructions et dans d&rsquo;autres domaines encore.<\/p>\n<p>Dans ce cadre, la participation de la jeunesse et des jeunes g\u00e9n\u00e9rations est un \u00e9l\u00e9ment essentiel dans toute discussion autour de l&rsquo;avenir des camps de r\u00e9fugi\u00e9s palestiniens. Les jeunes Palestiniens des camps vivent une r\u00e9alit\u00e9 diff\u00e9rente de celle v\u00e9cue par les g\u00e9n\u00e9rations qui les pr\u00e9c\u00e8dent. En m\u00eame temps, toutefois, ils v\u00e9hiculent une m\u00e9moire qui n&rsquo;a pas d\u00e9but\u00e9 avec eux mais qui leur a \u00e9t\u00e9 transmise d&rsquo;en haut \u2013 une m\u00e9moire qui est aujourd&rsquo;hui en butte \u00e0 des tentatives hostiles de la remanier un fois de plus.<\/p>\n<p>Par cons\u00e9quent, nous disons ceci :<\/p>\n<p>Le temps est venu pour les jeunes hommes et femmes des camps de r\u00e9fugi\u00e9s palestiniens de dire : <strong>C&rsquo;est en fini de jouer avec notre avenir. Nous voulons nos droits complets. Nous voulons revitaliser nos camps. Nous voulons le retour.<\/strong><\/p>\n<p>Le temps est venu pour les jeunes de Palestine de progresser vers les lignes de front, d&rsquo;occuper leur place normale dans la direction nationale et le travail social et de se transformer, d&rsquo;un public en attente, en une g\u00e9n\u00e9ration qui agit et qui prend l&rsquo;initiative et, d&rsquo;\u00e9nergies diss\u00e9min\u00e9es, en une force organis\u00e9e.<\/p>\n<p><strong>Les G\u00e9n\u00e9rations de la Lib\u00e9ration sont n\u00e9es et ont d\u00e9but\u00e9 dans le camp, mais elles ne cessent de progresser sur la voie du retour vers une Palestine lib\u00e9r\u00e9e, du fleuve \u00e0 la mer.<\/strong><\/p>\n<p style=\"text-align: center;\">*****<\/p>\n<p>Il est n\u00e9cessaire de<strong> <a href=\"https:\/\/docs.google.com\/forms\/d\/e\/1FAIpQLSdh-u0DuHm5n-zGPQgOKpjkP09LPs76_cVmVnUgBJi5YTL5Jg\/viewform\" target=\"_blank\" rel=\"noopener\">s&rsquo;inscrire<\/a><\/strong> pour y participer<\/p>\n<p style=\"text-align: center;\">*****<\/p>\n<p>Publi\u00e9 le 4 septembre 2026 sur <a href=\"https:\/\/palestineinternationalcenter.org\/generations-of-liberation-conference-in-beirut-on-its-necessity-and-tasks-hisham-issawi\/\" target=\"_blank\" rel=\"noopener\">The Palestinian International Center<\/a><br \/>\nTraduction : Jean-Marie Fl\u00e9mal, <a href=\"https:\/\/charleroi-pourlapalestine.be\/\" target=\"_blank\" rel=\"noopener\">Charleroi pour la Palestine<\/a><\/p>\n","protected":false},"excerpt":{"rendered":"<p>\u00ab\u00a0Si nous n&rsquo;avons pas la capacit\u00e9 de lib\u00e9rer la Palestine aujourd&rsquo;hui, alors notre responsabilit\u00e9 est de pr\u00e9parer la G\u00e9n\u00e9ration de la Victoire et de la Lib\u00e9ration\u00a0\u00bb<\/p>\n","protected":false},"author":1,"featured_media":90155,"comment_status":"closed","ping_status":"closed","sticky":false,"template":"","format":"standard","meta":{"ngg_post_thumbnail":0,"footnotes":""},"categories":[1184,836,1097,191,480,1183],"tags":[],"class_list":["post-90149","post","type-post","status-publish","format-standard","has-post-thumbnail","hentry","category-beyrouth","category-camps-de-refugies","category-jeunes-2","category-liban","category-liberation","category-palestiniens-de-la-diaspora"],"yoast_head":"<!-- This site is optimized with the Yoast SEO plugin v28.3 - https:\/\/yoast.com\/product\/yoast-seo-wordpress\/ -->\n<title>De la n\u00e9cessit\u00e9 et des t\u00e2ches de la conf\u00e9rence des G\u00e9n\u00e9rations de la Lib\u00e9ration \u00e0 Beyrouth<\/title>\n<meta name=\"description\" content=\"Si nous n&#039;avons pas la capacit\u00e9 de lib\u00e9rer la Palestine aujourd&#039;hui, alors notre responsabilit\u00e9 est de pr\u00e9parer la G\u00e9n\u00e9ration de la Victoire et de la Lib\u00e9ration\" \/>\n<meta name=\"robots\" content=\"index, follow, max-snippet:-1, max-image-preview:large, max-video-preview:-1\" \/>\n<link rel=\"canonical\" href=\"https:\/\/charleroi-pourlapalestine.be\/index.php\/2026\/09\/04\/de-la-necessite-et-des-taches-de-la-conference-des-generations-de-la-liberation-a-beyrouth\/\" \/>\n<script type=\"application\/ld+json\" class=\"yoast-schema-graph\">{\"@context\":\"https:\\\/\\\/schema.org\",\"@graph\":[{\"@type\":\"Article\",\"@id\":\"https:\\\/\\\/charleroi-pourlapalestine.be\\\/index.php\\\/2026\\\/09\\\/04\\\/de-la-necessite-et-des-taches-de-la-conference-des-generations-de-la-liberation-a-beyrouth\\\/#article\",\"isPartOf\":{\"@id\":\"https:\\\/\\\/charleroi-pourlapalestine.be\\\/index.php\\\/2026\\\/09\\\/04\\\/de-la-necessite-et-des-taches-de-la-conference-des-generations-de-la-liberation-a-beyrouth\\\/\"},\"author\":{\"name\":\"admin1873\",\"@id\":\"https:\\\/\\\/charleroi-pourlapalestine.be\\\/#\\\/schema\\\/person\\\/c19ff515112f1299d8c12671d8fe3faa\"},\"headline\":\"De la n\u00e9cessit\u00e9 et des t\u00e2ches de la conf\u00e9rence des G\u00e9n\u00e9rations de la Lib\u00e9ration \u00e0 Beyrouth\",\"datePublished\":\"2026-09-04T13:51:18+00:00\",\"dateModified\":\"2026-09-04T14:08:47+00:00\",\"mainEntityOfPage\":{\"@id\":\"https:\\\/\\\/charleroi-pourlapalestine.be\\\/index.php\\\/2026\\\/09\\\/04\\\/de-la-necessite-et-des-taches-de-la-conference-des-generations-de-la-liberation-a-beyrouth\\\/\"},\"wordCount\":1266,\"publisher\":{\"@id\":\"https:\\\/\\\/charleroi-pourlapalestine.be\\\/#organization\"},\"image\":{\"@id\":\"https:\\\/\\\/charleroi-pourlapalestine.be\\\/index.php\\\/2026\\\/09\\\/04\\\/de-la-necessite-et-des-taches-de-la-conference-des-generations-de-la-liberation-a-beyrouth\\\/#primaryimage\"},\"thumbnailUrl\":\"https:\\\/\\\/charleroi-pourlapalestine.be\\\/wp-content\\\/uploads\\\/2026\\\/09\\\/Liberation-de-la-Palestine-.png\",\"articleSection\":[\"Beyrouth\",\"Camps de r\u00e9fugi\u00e9s\",\"Jeunes\",\"Liban\",\"Lib\u00e9ration\",\"Palestiniens de la Diaspora\"],\"inLanguage\":\"fr-FR\"},{\"@type\":\"WebPage\",\"@id\":\"https:\\\/\\\/charleroi-pourlapalestine.be\\\/index.php\\\/2026\\\/09\\\/04\\\/de-la-necessite-et-des-taches-de-la-conference-des-generations-de-la-liberation-a-beyrouth\\\/\",\"url\":\"https:\\\/\\\/charleroi-pourlapalestine.be\\\/index.php\\\/2026\\\/09\\\/04\\\/de-la-necessite-et-des-taches-de-la-conference-des-generations-de-la-liberation-a-beyrouth\\\/\",\"name\":\"De la n\u00e9cessit\u00e9 et des t\u00e2ches de la conf\u00e9rence des G\u00e9n\u00e9rations de la Lib\u00e9ration \u00e0 Beyrouth\",\"isPartOf\":{\"@id\":\"https:\\\/\\\/charleroi-pourlapalestine.be\\\/#website\"},\"primaryImageOfPage\":{\"@id\":\"https:\\\/\\\/charleroi-pourlapalestine.be\\\/index.php\\\/2026\\\/09\\\/04\\\/de-la-necessite-et-des-taches-de-la-conference-des-generations-de-la-liberation-a-beyrouth\\\/#primaryimage\"},\"image\":{\"@id\":\"https:\\\/\\\/charleroi-pourlapalestine.be\\\/index.php\\\/2026\\\/09\\\/04\\\/de-la-necessite-et-des-taches-de-la-conference-des-generations-de-la-liberation-a-beyrouth\\\/#primaryimage\"},\"thumbnailUrl\":\"https:\\\/\\\/charleroi-pourlapalestine.be\\\/wp-content\\\/uploads\\\/2026\\\/09\\\/Liberation-de-la-Palestine-.png\",\"datePublished\":\"2026-09-04T13:51:18+00:00\",\"dateModified\":\"2026-09-04T14:08:47+00:00\",\"description\":\"Si nous n'avons pas la capacit\u00e9 de lib\u00e9rer la Palestine aujourd'hui, alors notre responsabilit\u00e9 est de pr\u00e9parer la G\u00e9n\u00e9ration de la Victoire et de la Lib\u00e9ration\",\"breadcrumb\":{\"@id\":\"https:\\\/\\\/charleroi-pourlapalestine.be\\\/index.php\\\/2026\\\/09\\\/04\\\/de-la-necessite-et-des-taches-de-la-conference-des-generations-de-la-liberation-a-beyrouth\\\/#breadcrumb\"},\"inLanguage\":\"fr-FR\",\"potentialAction\":[{\"@type\":\"ReadAction\",\"target\":[\"https:\\\/\\\/charleroi-pourlapalestine.be\\\/index.php\\\/2026\\\/09\\\/04\\\/de-la-necessite-et-des-taches-de-la-conference-des-generations-de-la-liberation-a-beyrouth\\\/\"]}]},{\"@type\":\"ImageObject\",\"inLanguage\":\"fr-FR\",\"@id\":\"https:\\\/\\\/charleroi-pourlapalestine.be\\\/index.php\\\/2026\\\/09\\\/04\\\/de-la-necessite-et-des-taches-de-la-conference-des-generations-de-la-liberation-a-beyrouth\\\/#primaryimage\",\"url\":\"https:\\\/\\\/charleroi-pourlapalestine.be\\\/wp-content\\\/uploads\\\/2026\\\/09\\\/Liberation-de-la-Palestine-.png\",\"contentUrl\":\"https:\\\/\\\/charleroi-pourlapalestine.be\\\/wp-content\\\/uploads\\\/2026\\\/09\\\/Liberation-de-la-Palestine-.png\",\"width\":897,\"height\":601},{\"@type\":\"BreadcrumbList\",\"@id\":\"https:\\\/\\\/charleroi-pourlapalestine.be\\\/index.php\\\/2026\\\/09\\\/04\\\/de-la-necessite-et-des-taches-de-la-conference-des-generations-de-la-liberation-a-beyrouth\\\/#breadcrumb\",\"itemListElement\":[{\"@type\":\"ListItem\",\"position\":1,\"name\":\"Accueil\",\"item\":\"https:\\\/\\\/charleroi-pourlapalestine.be\\\/\"},{\"@type\":\"ListItem\",\"position\":2,\"name\":\"De la n\u00e9cessit\u00e9 et des t\u00e2ches de la conf\u00e9rence des G\u00e9n\u00e9rations de la Lib\u00e9ration \u00e0 Beyrouth\"}]},{\"@type\":\"WebSite\",\"@id\":\"https:\\\/\\\/charleroi-pourlapalestine.be\\\/#website\",\"url\":\"https:\\\/\\\/charleroi-pourlapalestine.be\\\/\",\"name\":\"Charleroi Pour la Palestine\",\"description\":\"\",\"publisher\":{\"@id\":\"https:\\\/\\\/charleroi-pourlapalestine.be\\\/#organization\"},\"potentialAction\":[{\"@type\":\"SearchAction\",\"target\":{\"@type\":\"EntryPoint\",\"urlTemplate\":\"https:\\\/\\\/charleroi-pourlapalestine.be\\\/?s={search_term_string}\"},\"query-input\":{\"@type\":\"PropertyValueSpecification\",\"valueRequired\":true,\"valueName\":\"search_term_string\"}}],\"inLanguage\":\"fr-FR\"},{\"@type\":\"Organization\",\"@id\":\"https:\\\/\\\/charleroi-pourlapalestine.be\\\/#organization\",\"name\":\"Plate-forme Charleroi-Palestine\",\"url\":\"https:\\\/\\\/charleroi-pourlapalestine.be\\\/\",\"logo\":{\"@type\":\"ImageObject\",\"inLanguage\":\"fr-FR\",\"@id\":\"https:\\\/\\\/charleroi-pourlapalestine.be\\\/#\\\/schema\\\/logo\\\/image\\\/\",\"url\":\"https:\\\/\\\/charleroi-pourlapalestine.be\\\/wp-content\\\/uploads\\\/2020\\\/01\\\/logo-Copy.jpg\",\"contentUrl\":\"https:\\\/\\\/charleroi-pourlapalestine.be\\\/wp-content\\\/uploads\\\/2020\\\/01\\\/logo-Copy.jpg\",\"width\":180,\"height\":180,\"caption\":\"Plate-forme Charleroi-Palestine\"},\"image\":{\"@id\":\"https:\\\/\\\/charleroi-pourlapalestine.be\\\/#\\\/schema\\\/logo\\\/image\\\/\"},\"sameAs\":[\"https:\\\/\\\/www.facebook.com\\\/PlateformeCharleroiPalestine\\\/\",\"https:\\\/\\\/x.com\\\/LaCharleroi\"]},{\"@type\":\"Person\",\"@id\":\"https:\\\/\\\/charleroi-pourlapalestine.be\\\/#\\\/schema\\\/person\\\/c19ff515112f1299d8c12671d8fe3faa\",\"name\":\"admin1873\",\"url\":\"https:\\\/\\\/charleroi-pourlapalestine.be\\\/index.php\\\/author\\\/admin1873\\\/\"}]}<\/script>\n<!-- \/ Yoast SEO plugin. -->","yoast_head_json":{"title":"De la n\u00e9cessit\u00e9 et des t\u00e2ches de la conf\u00e9rence des G\u00e9n\u00e9rations de la Lib\u00e9ration \u00e0 Beyrouth","description":"Si nous n'avons pas la capacit\u00e9 de lib\u00e9rer la Palestine aujourd'hui, alors notre responsabilit\u00e9 est de pr\u00e9parer la G\u00e9n\u00e9ration de la Victoire et de la Lib\u00e9ration","robots":{"index":"index","follow":"follow","max-snippet":"max-snippet:-1","max-image-preview":"max-image-preview:large","max-video-preview":"max-video-preview:-1"},"canonical":"https:\/\/charleroi-pourlapalestine.be\/index.php\/2026\/09\/04\/de-la-necessite-et-des-taches-de-la-conference-des-generations-de-la-liberation-a-beyrouth\/","schema":{"@context":"https:\/\/schema.org","@graph":[{"@type":"Article","@id":"https:\/\/charleroi-pourlapalestine.be\/index.php\/2026\/09\/04\/de-la-necessite-et-des-taches-de-la-conference-des-generations-de-la-liberation-a-beyrouth\/#article","isPartOf":{"@id":"https:\/\/charleroi-pourlapalestine.be\/index.php\/2026\/09\/04\/de-la-necessite-et-des-taches-de-la-conference-des-generations-de-la-liberation-a-beyrouth\/"},"author":{"name":"admin1873","@id":"https:\/\/charleroi-pourlapalestine.be\/#\/schema\/person\/c19ff515112f1299d8c12671d8fe3faa"},"headline":"De la n\u00e9cessit\u00e9 et des t\u00e2ches de la conf\u00e9rence des G\u00e9n\u00e9rations de la Lib\u00e9ration \u00e0 Beyrouth","datePublished":"2026-09-04T13:51:18+00:00","dateModified":"2026-09-04T14:08:47+00:00","mainEntityOfPage":{"@id":"https:\/\/charleroi-pourlapalestine.be\/index.php\/2026\/09\/04\/de-la-necessite-et-des-taches-de-la-conference-des-generations-de-la-liberation-a-beyrouth\/"},"wordCount":1266,"publisher":{"@id":"https:\/\/charleroi-pourlapalestine.be\/#organization"},"image":{"@id":"https:\/\/charleroi-pourlapalestine.be\/index.php\/2026\/09\/04\/de-la-necessite-et-des-taches-de-la-conference-des-generations-de-la-liberation-a-beyrouth\/#primaryimage"},"thumbnailUrl":"https:\/\/charleroi-pourlapalestine.be\/wp-content\/uploads\/2026\/09\/Liberation-de-la-Palestine-.png","articleSection":["Beyrouth","Camps de r\u00e9fugi\u00e9s","Jeunes","Liban","Lib\u00e9ration","Palestiniens de la Diaspora"],"inLanguage":"fr-FR"},{"@type":"WebPage","@id":"https:\/\/charleroi-pourlapalestine.be\/index.php\/2026\/09\/04\/de-la-necessite-et-des-taches-de-la-conference-des-generations-de-la-liberation-a-beyrouth\/","url":"https:\/\/charleroi-pourlapalestine.be\/index.php\/2026\/09\/04\/de-la-necessite-et-des-taches-de-la-conference-des-generations-de-la-liberation-a-beyrouth\/","name":"De la n\u00e9cessit\u00e9 et des t\u00e2ches de la conf\u00e9rence des G\u00e9n\u00e9rations de la Lib\u00e9ration \u00e0 Beyrouth","isPartOf":{"@id":"https:\/\/charleroi-pourlapalestine.be\/#website"},"primaryImageOfPage":{"@id":"https:\/\/charleroi-pourlapalestine.be\/index.php\/2026\/09\/04\/de-la-necessite-et-des-taches-de-la-conference-des-generations-de-la-liberation-a-beyrouth\/#primaryimage"},"image":{"@id":"https:\/\/charleroi-pourlapalestine.be\/index.php\/2026\/09\/04\/de-la-necessite-et-des-taches-de-la-conference-des-generations-de-la-liberation-a-beyrouth\/#primaryimage"},"thumbnailUrl":"https:\/\/charleroi-pourlapalestine.be\/wp-content\/uploads\/2026\/09\/Liberation-de-la-Palestine-.png","datePublished":"2026-09-04T13:51:18+00:00","dateModified":"2026-09-04T14:08:47+00:00","description":"Si nous n'avons pas la capacit\u00e9 de lib\u00e9rer la Palestine aujourd'hui, alors notre responsabilit\u00e9 est de pr\u00e9parer la G\u00e9n\u00e9ration de la Victoire et de la Lib\u00e9ration","breadcrumb":{"@id":"https:\/\/charleroi-pourlapalestine.be\/index.php\/2026\/09\/04\/de-la-necessite-et-des-taches-de-la-conference-des-generations-de-la-liberation-a-beyrouth\/#breadcrumb"},"inLanguage":"fr-FR","potentialAction":[{"@type":"ReadAction","target":["https:\/\/charleroi-pourlapalestine.be\/index.php\/2026\/09\/04\/de-la-necessite-et-des-taches-de-la-conference-des-generations-de-la-liberation-a-beyrouth\/"]}]},{"@type":"ImageObject","inLanguage":"fr-FR","@id":"https:\/\/charleroi-pourlapalestine.be\/index.php\/2026\/09\/04\/de-la-necessite-et-des-taches-de-la-conference-des-generations-de-la-liberation-a-beyrouth\/#primaryimage","url":"https:\/\/charleroi-pourlapalestine.be\/wp-content\/uploads\/2026\/09\/Liberation-de-la-Palestine-.png","contentUrl":"https:\/\/charleroi-pourlapalestine.be\/wp-content\/uploads\/2026\/09\/Liberation-de-la-Palestine-.png","width":897,"height":601},{"@type":"BreadcrumbList","@id":"https:\/\/charleroi-pourlapalestine.be\/index.php\/2026\/09\/04\/de-la-necessite-et-des-taches-de-la-conference-des-generations-de-la-liberation-a-beyrouth\/#breadcrumb","itemListElement":[{"@type":"ListItem","position":1,"name":"Accueil","item":"https:\/\/charleroi-pourlapalestine.be\/"},{"@type":"ListItem","position":2,"name":"De la n\u00e9cessit\u00e9 et des t\u00e2ches de la conf\u00e9rence des G\u00e9n\u00e9rations de la Lib\u00e9ration \u00e0 Beyrouth"}]},{"@type":"WebSite","@id":"https:\/\/charleroi-pourlapalestine.be\/#website","url":"https:\/\/charleroi-pourlapalestine.be\/","name":"Charleroi Pour la Palestine","description":"","publisher":{"@id":"https:\/\/charleroi-pourlapalestine.be\/#organization"},"potentialAction":[{"@type":"SearchAction","target":{"@type":"EntryPoint","urlTemplate":"https:\/\/charleroi-pourlapalestine.be\/?s={search_term_string}"},"query-input":{"@type":"PropertyValueSpecification","valueRequired":true,"valueName":"search_term_string"}}],"inLanguage":"fr-FR"},{"@type":"Organization","@id":"https:\/\/charleroi-pourlapalestine.be\/#organization","name":"Plate-forme Charleroi-Palestine","url":"https:\/\/charleroi-pourlapalestine.be\/","logo":{"@type":"ImageObject","inLanguage":"fr-FR","@id":"https:\/\/charleroi-pourlapalestine.be\/#\/schema\/logo\/image\/","url":"https:\/\/charleroi-pourlapalestine.be\/wp-content\/uploads\/2020\/01\/logo-Copy.jpg","contentUrl":"https:\/\/charleroi-pourlapalestine.be\/wp-content\/uploads\/2020\/01\/logo-Copy.jpg","width":180,"height":180,"caption":"Plate-forme Charleroi-Palestine"},"image":{"@id":"https:\/\/charleroi-pourlapalestine.be\/#\/schema\/logo\/image\/"},"sameAs":["https:\/\/www.facebook.com\/PlateformeCharleroiPalestine\/","https:\/\/x.com\/LaCharleroi"]},{"@type":"Person","@id":"https:\/\/charleroi-pourlapalestine.be\/#\/schema\/person\/c19ff515112f1299d8c12671d8fe3faa","name":"admin1873","url":"https:\/\/charleroi-pourlapalestine.be\/index.php\/author\/admin1873\/"}]}},"_links":{"self":[{"href":"https:\/\/charleroi-pourlapalestine.be\/index.php\/wp-json\/wp\/v2\/posts\/90149","targetHints":{"allow":["GET"]}}],"collection":[{"href":"https:\/\/charleroi-pourlapalestine.be\/index.php\/wp-json\/wp\/v2\/posts"}],"about":[{"href":"https:\/\/charleroi-pourlapalestine.be\/index.php\/wp-json\/wp\/v2\/types\/post"}],"author":[{"embeddable":true,"href":"https:\/\/charleroi-pourlapalestine.be\/index.php\/wp-json\/wp\/v2\/users\/1"}],"replies":[{"embeddable":true,"href":"https:\/\/charleroi-pourlapalestine.be\/index.php\/wp-json\/wp\/v2\/comments?post=90149"}],"version-history":[{"count":5,"href":"https:\/\/charleroi-pourlapalestine.be\/index.php\/wp-json\/wp\/v2\/posts\/90149\/revisions"}],"predecessor-version":[{"id":90158,"href":"https:\/\/charleroi-pourlapalestine.be\/index.php\/wp-json\/wp\/v2\/posts\/90149\/revisions\/90158"}],"wp:featuredmedia":[{"embeddable":true,"href":"https:\/\/charleroi-pourlapalestine.be\/index.php\/wp-json\/wp\/v2\/media\/90155"}],"wp:attachment":[{"href":"https:\/\/charleroi-pourlapalestine.be\/index.php\/wp-json\/wp\/v2\/media?parent=90149"}],"wp:term":[{"taxonomy":"category","embeddable":true,"href":"https:\/\/charleroi-pourlapalestine.be\/index.php\/wp-json\/wp\/v2\/categories?post=90149"},{"taxonomy":"post_tag","embeddable":true,"href":"https:\/\/charleroi-pourlapalestine.be\/index.php\/wp-json\/wp\/v2\/tags?post=90149"}],"curies":[{"name":"wp","href":"https:\/\/api.w.org\/{rel}","templated":true}]}}