{"id":9134,"date":"2017-04-17T10:43:00","date_gmt":"2017-04-17T08:43:00","guid":{"rendered":"https:\/\/charleroi-pourlapalestine.be\/?p=9134"},"modified":"2020-03-15T10:49:07","modified_gmt":"2020-03-15T09:49:07","slug":"etre-la-fille-dun-ancien-prisonnier-ma-insuffle-une-determination-irresistible","status":"publish","type":"post","link":"https:\/\/charleroi-pourlapalestine.be\/index.php\/2017\/04\/17\/etre-la-fille-dun-ancien-prisonnier-ma-insuffle-une-determination-irresistible\/","title":{"rendered":"<em>\u00ab\u00catre la fille d&rsquo;un ancien prisonnier m&rsquo;a insuffl\u00e9 une d\u00e9termination irr\u00e9sistible\u00a0\u00bb<\/em>"},"content":{"rendered":"<p><strong>Tamam Abusala<\/strong><\/p>\n<div id=\"attachment_9138\" style=\"width: 430px\" class=\"wp-caption alignnone\"><img loading=\"lazy\" decoding=\"async\" aria-describedby=\"caption-attachment-9138\" class=\"wp-image-9138 size-full\" src=\"https:\/\/charleroi-pourlapalestine.be\/wp-content\/uploads\/2020\/03\/shahd-abusalama-Copy.jpg\" alt=\"Shahd Abusalama, une autre fille de l'ancien prisonnier\" width=\"420\" height=\"236\"><p id=\"caption-attachment-9138\" class=\"wp-caption-text\">Shahd Abusalama, la s\u0153ur de Tamam, hurle de joie quand elle apprend qu&rsquo;un autre prisonnier politique a \u00e9t\u00e9 lib\u00e9r\u00e9 \u00e0 l&rsquo;issue d&rsquo;une gr\u00e8ve de la faim, \u00e0 l&rsquo;instar de son p\u00e8re. (Photo : WeAreNotNumbers)<\/p><\/div>\n<p>Les prisonniers palestiniens de tout l&rsquo;\u00e9chiquier politique se sont engag\u00e9s \u00e0 rallier une gr\u00e8ve de la faim dirig\u00e9e par le dirigeant emprisonn\u00e9 du Fatah, Marwan Bargouthi, et dont le d\u00e9but est pr\u00e9vu pour aujourd&rsquo;hui, la Journ\u00e9e des prisonniers palestiniens.<\/p>\n<p>Les prisonniers affili\u00e9s au Parti du peuple palestinien ont annonc\u00e9 qu&rsquo;ils entreprendraient ce qu&rsquo;on a appel\u00e9 la gr\u00e8ve <em>\u00ab&nbsp;de la fiert\u00e9 et de la dignit\u00e9&nbsp;\u00bb.<\/em><\/p>\n<p>Les revendications des gr\u00e9vistes portent surtout sur les conditions de d\u00e9tention, avec des visites plus fr\u00e9quentes de la famille ou l&rsquo;acc\u00e8s \u00e0 de meilleurs soins de sant\u00e9.<\/p>\n<p>Dans le pr\u00e9sent article, Tamam Abusalama \u2013 qui \u00e9crit pour <a href=\"https:\/\/wearenotnumbers.org\/home\/Story\/Jail_cannot_imprison_the_spirit\" target=\"_blank\" rel=\"noopener noreferrer\">WeAreNotNumbers.org \u2013<\/a> rappelle la gr\u00e8ve de la faim historique de son p\u00e8re.<\/p>\n<blockquote><p>\u00ab&nbsp;J&rsquo;\u00e9tais un gar\u00e7on normal et j&rsquo;ai grandi en \u00e9tant t\u00e9moin de l&rsquo;oppression et de la pers\u00e9cution de l&rsquo;occupation isra\u00e9lienne. C&rsquo;est ce qui m&rsquo;a motiv\u00e9 \u00e0 faire mon devoir de Palestinien, c&rsquo;est-\u00e0-dire d\u00e9fendre mon pays de toutes les mani\u00e8res possibles.&nbsp;\u00bb<\/p><\/blockquote>\n<p>Voil\u00e0 comment mon p\u00e8re r\u00e9sumait ses ann\u00e9es d&rsquo;enfance \u00e0 <strong>Jabalya<\/strong>, le plus grand camp de r\u00e9fugi\u00e9s de <strong>Gaza<\/strong>.<\/p>\n<p>\u00ab<em>&nbsp;Faire son devoir&nbsp;\u00bb<\/em>, pour un Palestinien, cela signifie r\u00e9sister \u00e0 l&rsquo;oppression du r\u00e9gime isra\u00e9lien qui a chass\u00e9 ses anc\u00eatres de leurs foyers en 1948 et qui n&rsquo;a toujours pas cess\u00e9 de le faire aujourd&rsquo;hui.<\/p>\n<p>Pour mon p\u00e8re, il en r\u00e9sulta un total de quinze ann\u00e9es de prison.<\/p>\n<p>La premi\u00e8re fois que mon p\u00e8re a mis les pieds dans une prison isra\u00e9lienne, il avait dix-sept ans.<\/p>\n<p>Il venait de participer \u00e0 une manifestation dans le camp, en 1967, l&rsquo;ann\u00e9e o\u00f9 Isra\u00ebl avait envahi la Cisjordanie et J\u00e9rusalem-Est et en avait pris le contr\u00f4le.<\/p>\n<p>Il avait \u00e9t\u00e9 lib\u00e9r\u00e9 apr\u00e8s deux mois d&rsquo;interrogatoire, mais arr\u00eat\u00e9 de nouveau pendant quelques mois, en 1968, puis une nouvelle fois en 1970, alors qu&rsquo;\u00e0 cette \u00e9poque, il \u00e9tait devenu un membre actif et influent du <strong>Front populaire pour la lib\u00e9ration de la Palestine (FPLP).<\/strong><\/p>\n<p>Il est fier du fait qu&rsquo;en d\u00e9pit des techniques de torture utilis\u00e9es par ses ravisseurs (dont il n&rsquo;aime pas parler), ils n&rsquo;\u00e9taient pas parvenus \u00e0 lui soutirer la moindre information.<\/p>\n<p>Puis il y a eu novembre 1972. D&rsquo;autres Palestiniens captur\u00e9s par les Isra\u00e9liens n&rsquo;ont pas \u00e9t\u00e9 aussi forts et ont reconnu son implication dans des actions politiques.<\/p>\n<blockquote><p>\u00ab&nbsp;J&rsquo;ai \u00e9t\u00e9 condamn\u00e9 \u00e0 sept fois la perp\u00e9tuit\u00e9 plus dix ans. J&rsquo;\u00e9tais en col\u00e8re uniquement \u00e0 cause de ma m\u00e8re, qui prenait de l&rsquo;\u00e2ge et qui faisait de son mieux pour retenir ses larmes, m\u00eame si je savais tr\u00e8s bien que son c\u0153ur tombait en morceaux&nbsp;\u00bb,<\/p><\/blockquote>\n<p>rappelait-il quand je lui demandais de me raconter une fois encore cette histoire.<\/p>\n<p>Je lui disais que je serais devenue folle si j&rsquo;avais \u00e9t\u00e9 \u00e0 sa place, mais il r\u00e9pondait simplement que nous, les Palestiniens, n&rsquo;avons pas d&rsquo;autre choix que de r\u00e9sister, et \u00e0 n&rsquo;importe quel prix.<\/p>\n<p>Le fait de r\u00e9fl\u00e9chir profond\u00e9ment aux mots de mon p\u00e8re et d&rsquo;essayer d&rsquo;imaginer les pens\u00e9es et les sentiments d&rsquo;une m\u00e8re qui apprend qu&rsquo;elle sera priv\u00e9e du droit de voir son fils et de l&#8217;embrasser pour le restant de ses jours me liait la langue.<\/p>\n<p>Papa essayait de combler mon silence et de calmer les \u00e9motions qui faisaient surface en d\u00e9crivant son nouveau <em>\u00ab&nbsp;foyer&nbsp;\u00bb<\/em>, \u00e0 la prison de <strong>Beit Lid,<\/strong> en Isra\u00ebl.<\/p>\n<div id=\"attachment_9176\" style=\"width: 430px\" class=\"wp-caption aligncenter\"><img loading=\"lazy\" decoding=\"async\" aria-describedby=\"caption-attachment-9176\" class=\"wp-image-9176 size-full\" src=\"https:\/\/charleroi-pourlapalestine.be\/wp-content\/uploads\/2020\/03\/abusalama.02-Copy.jpg\" alt=\"\u00catre la fille d'un ancien prisonnier m'a insuffl\u00e9 une d\u00e9termination irr\u00e9sistible afin de briser toutes les fronti\u00e8res et limites.\" width=\"420\" height=\"245\" srcset=\"https:\/\/charleroi-pourlapalestine.be\/wp-content\/uploads\/2020\/03\/abusalama.02-Copy.jpg 420w, https:\/\/charleroi-pourlapalestine.be\/wp-content\/uploads\/2020\/03\/abusalama.02-Copy-300x175.jpg 300w\" sizes=\"auto, (max-width: 420px) 100vw, 420px\" \/><p id=\"caption-attachment-9176\" class=\"wp-caption-text\">Le p\u00e8re et la m\u00e8re de Tamam. (Photo : WeAreNotNumbers)<\/p><\/div>\n<blockquote><p>\u00ab&nbsp;Vingt hommes devaient vivre entass\u00e9s dans une pi\u00e8ce de 3,5 m\u00e8tres sur 3,5 seulement, avec une tinette et un \u00e9vier.<\/p>\n<p>Chacun d&rsquo;entre nous disposait d&rsquo;un espace d&rsquo;\u00e0 peine 30 centim\u00e8tres pour dormir, \u00e0 m\u00eame le sol.&nbsp;\u00bb<\/p><\/blockquote>\n<p>Je r\u00e9pondais en plaisantant&nbsp;: <em>\u00ab&nbsp;Tu dois avoir vraiment souffert pour dormir, vu ta taille&nbsp;!&nbsp;\u00bb<\/em> (Il fait pas loin de 2 m\u00e8tres \u2013 6 pieds 5 pouces, en fait, ou 1,95&nbsp;m\u00e8tre&nbsp;!).<\/p>\n<p>Il riait et ajoutait que ses amis lui c\u00e9daient une partie de leur espace pour r\u00e9soudre son probl\u00e8me de sommeil.<\/p>\n<p>Je m&rsquo;arr\u00eatais une nouvelle fois pour me mettre dans ses souliers et lui demandais comment ils passaient leur temps.<\/p>\n<p>Il me dit que les livres que leur envoyait la Croix-Rouge constituaient le rem\u00e8de \u00e0 leurs souffrances.<\/p>\n<p>Je m&rsquo;\u00e9tais demand\u00e9 le nombre de livres qu&rsquo;il avait lus durant ses ann\u00e9es d&#8217;emprisonnement, et c&rsquo;\u00e9tait donc une bonne occasion de lui poser la question.<\/p>\n<blockquote><p>\u00ab&nbsp;On ne pourrait pas les compter. Nous n&rsquo;avions rien d&rsquo;autre \u00e0 faire que de lire des livres. Au minimum, nous lisions trois livres par semaine&nbsp;\u00bb,<\/p><\/blockquote>\n<p>r\u00e9pondit-il.<\/p>\n<p>Pour cr\u00e9er un sentiment d&rsquo;instabilit\u00e9 parmi leurs prisonniers, les forces isra\u00e9liennes d&rsquo;occupation les d\u00e9pla\u00e7aient d&rsquo;une prison \u00e0 l&rsquo;autre.<\/p>\n<p>En 1973, mon p\u00e8re a \u00e9t\u00e9 emmen\u00e9 \u00e0 la prison de Beir Saba\u2019a [Beersheva] et incarc\u00e9r\u00e9 en compagnie de droits communs isra\u00e9liens.<\/p>\n<p>Les conditions \u00e9taient particuli\u00e8rement dures&nbsp;: nourriture infecte, surpeuplement extr\u00eame, et uniquement de tr\u00e8s courtes pauses \u00e0 l&rsquo;ext\u00e9rieur.<\/p>\n<p>Ils ont protest\u00e9 contre cette situation en refusant pendant neuf mois de recevoir des visiteurs, de se raser, de changer de v\u00eatements et de prendre leurs pauses.<\/p>\n<p><em>\u00ab&nbsp;Nous n&rsquo;avons m\u00eame pas vu le soleil une seule fois&nbsp;\u00bb<\/em>, rappelait-il, la voix encore toute tremblante.<\/p>\n<p>Pourant, bien que les Isra\u00e9liens n&rsquo;eussent pas tard\u00e9 \u00e0 r\u00e9pondre aux revendications des prisonniers quand ils s&rsquo;\u00e9taient mis en gr\u00e8ve, <em>\u00ab&nbsp;cela n&rsquo;allait durer qu&rsquo;un mois ou deux avant qu&rsquo;ils ne nous ram\u00e8nent ensuite au niveau z\u00e9ro.&nbsp;\u00bb<\/em><\/p>\n<p>L&rsquo;une des prisons dans lesquelles il a \u00e9t\u00e9 transf\u00e9r\u00e9 \u00e9tait celle de <strong>Nafha<\/strong>, qu&rsquo;il a toujours d\u00e9crite comme une p\u00e9riode diff\u00e9rente de sa vie.<\/p>\n<p>Je n&rsquo;avais jamais \u00e9t\u00e9 consciente de la raison exacte de cela, mais tout s&rsquo;est \u00e9clairci quand il s&rsquo;est mis \u00e0 parler de sa participation \u00e0 une gr\u00e8ve de la faim de 33 jours, en 1982.<\/p>\n<p>Cette gr\u00e8ve, connue comme la premi\u00e8re et la plus longue des gr\u00e8ves de la faim de l&rsquo;histoire du mouvement des prisonniers \u00e0 l&rsquo;\u00e9poque, avait \u00e9t\u00e9 lanc\u00e9e en r\u00e9action aux traitements tr\u00e8s p\u00e9nibles et \u00e0 la privation des droits les plus \u00e9l\u00e9mentaires.<\/p>\n<blockquote><p>\u00ab&nbsp;J&rsquo;ai surv\u00e9cu 18 jours uniquement avec de l&rsquo;eau et du sel, jusqu&rsquo;au moment o\u00f9 un soldat isra\u00e9lien m&rsquo;a nourri de force en faisant entrer du lait dans mon estomac par un tube introduit dans mon nez et passant par mon \u0153sophage&nbsp;\u00bb,<\/p><\/blockquote>\n<p>dit-il.<\/p>\n<p>Trois des gr\u00e9vistes, tous des amis \u00e0 lui, \u00e9taient morts.<\/p>\n<p>\u00c7&rsquo;aurait \u00e9t\u00e9 tout ce qu&rsquo;il fallait savoir de la vie de mon p\u00e8re qu&rsquo;il n&rsquo;y avait eu <strong>Ahmed Jabril<\/strong>, le commandant g\u00e9n\u00e9ral du <strong>FPLP<\/strong>, qui s&rsquo;arrangea pour n\u00e9gocier un march\u00e9 d&rsquo;\u00e9change avec Isra\u00ebl \u00e0 la suite duquel mon p\u00e8re fut lib\u00e9r\u00e9 en 1985.<\/p>\n<p>Il d\u00e9borda de bonheur en apprenant cette nouvelle, mais ce fut un bonheur incomplet.<\/p>\n<blockquote><p>\u00ab&nbsp;Il n&rsquo;y a rien de plus pr\u00e9cieux que la libert\u00e9, mais nous laissions des camarades derri\u00e8re nous. Nombre d&rsquo;entre eux sont toujours d\u00e9tenus aujourd&rsquo;hui dans des prisons isra\u00e9liennes&nbsp;\u00bb,<\/p><\/blockquote>\n<p>dit-il, et la tristesse que j&rsquo;avais per\u00e7ue m&rsquo;avait contrainte \u00e0 garder \u00e0 nouveau le silence.<\/p>\n<p>Le processus de r\u00e9adaptation \u00e0 la vie normale, une fois lib\u00e9r\u00e9, a \u00e9t\u00e9 difficile et tr\u00e8s long.<\/p>\n<p>Cependant, sa vie a consid\u00e9rablement chang\u00e9 pour le mieux qund il a rencontr\u00e9 ma m\u00e8re. Je pouvais entendre le rire heureux de maman au t\u00e9l\u00e9phone quand il exprimait son amour pour elle.<\/p>\n<p>Ce bonheur fut mis \u00e0 l&rsquo;\u00e9preuve \u00e0 maintes reprises. En, effet, mon p\u00e8re fut arr\u00eat\u00e9 trois fois apr\u00e8s son mariage.<\/p>\n<blockquote><p>\u00ab&nbsp;Les moments les plus durs ont \u00e9t\u00e9 quand je n&rsquo;ai pu \u00eatre aux c\u00f4t\u00e9s de ta maman quand elle a donn\u00e9 naissance \u00e0 Majed et Majd (mes fr\u00e8re et s\u0153ur a\u00een\u00e9s)&nbsp;\u00bb,<\/p><\/blockquote>\n<p>dit-il.<\/p>\n<blockquote><p>\u00ab&nbsp;Shahd n&rsquo;avait que vingt jours quand les forces isra\u00e9liennes ont fait irruption chez nous et m&rsquo;ont de nouveau emmen\u00e9 \u00e0 la prison.&nbsp;\u00bb<\/p><\/blockquote>\n<p>Je puis dire qu&rsquo;il retenait ses larmes.<\/p>\n<p>En pendant aux r\u00e9cits sur la naissance de mes fr\u00e8re et s\u0153urs, j&rsquo;ai compris \u00e0 quel point j&rsquo;avais de la chance.<\/p>\n<p>Je n&rsquo;aurais jamais d\u00e9barqu\u00e9 sur cette plan\u00e8te s&rsquo;il avait \u00e9t\u00e9 d\u00e9tenu plus longtemps.<\/p>\n<h4>\u00catre la fille d&rsquo;un ancien prisonnier m&rsquo;a insuffl\u00e9 une d\u00e9termination irr\u00e9sistible afin de briser toutes les fronti\u00e8res et limites.<\/h4>\n<p>L&rsquo;histoire de la famille n&rsquo;est qu&rsquo;une histoire parmi des milliers.<\/p>\n<p>Papa consid\u00e8re que la quinzaine d&rsquo;ann\u00e9es qu&rsquo;il a pass\u00e9es derri\u00e8re les barreaux de l&rsquo;occupation ne sont rien si on les compare au calvaire d&rsquo;autres prisonniers.<\/p>\n<p>Trente-deux ans ont pass\u00e9 depuis sa derni\u00e8re incarc\u00e9ration, mais rien n&rsquo;a chang\u00e9. Isra\u00ebl continue \u00e0 nous priver de nos droits m\u00eame les plus \u00e9l\u00e9mentaires en tant qu&rsquo;\u00eatres humains.<\/p>\n<p>Et la r\u00e9sistance en tout genre est toujours aussi s\u00e9v\u00e8rement punie.<\/p>\n<p>Aujourd&rsquo;hui, il y a 6&nbsp;300 prisonniers politiques palestiniens dans les prisons isra\u00e9liennes, et chacun a une histoire douloureuse \u00e0 raconter.<\/p>\n<p>Mon p\u00e8re a toujours \u00e9t\u00e9 le personnage cl\u00e9 de ma vie.<\/p>\n<p>J&rsquo;ai toujours \u00e9t\u00e9 fi\u00e8re d&rsquo;\u00eatre la fille de mon p\u00e8re.<\/p>\n<p>Sa lutte, sa d\u00e9termination, sa force et son savoir ont contribu\u00e9 pour une part importante \u00e0 ma personnalit\u00e9.<\/p>\n<p>\u00catre la fille d&rsquo;un ancien prisonnier m&rsquo;a insuffl\u00e9 une d\u00e9termination irr\u00e9sistible afin de briser toutes les fronti\u00e8res et limites.<\/p>\n<p>Je lutte contre tout ce qui viole ma libert\u00e9 et celle de mon peuple.<\/p>\n<hr>\n<p>Publi\u00e9 le 17 avril 2017 sur <a href=\"https:\/\/mondoweiss.net\/2017\/04\/instilled-unstoppable-determination\/\" target=\"_blank\" rel=\"noopener noreferrer\">Mondoweiss<\/a><br \/>\nTraduction : Jean-Marie Fl\u00e9mal<\/p>\n<p><strong><img loading=\"lazy\" decoding=\"async\" class=\"wp-image-4713 size-thumbnail alignleft\" src=\"https:\/\/charleroi-pourlapalestine.be\/wp-content\/uploads\/2020\/02\/Tamam-Abusamala-150x150.jpg\" alt=\"\" width=\"150\" height=\"150\">Tamam Abusalama<\/strong> est une blogueuse palestinienne, n\u00e9e et \u00e9lev\u00e9e dans la bande de Gaza. Elle vit actuellement en exil en Belgique. Ses origines se situent au village palestinien de Bayt-Jirja, compl\u00e8tement d\u00e9truit par les forces isra\u00e9liennes en 1948.<\/p>\n<p><a href=\"https:\/\/charleroi-pourlapalestine.be\/index.php\/tag\/tamam-abusalama\/\">Lisez ici d&rsquo;autres articles de Tamam Abusalama<\/a><\/p>\n<p>Photo \u00e0 la une : une peinture du p\u00e8re de Tamam Abusalama, r\u00e9alis\u00e9e par sa soeur, Shahd.<\/p>\n","protected":false},"excerpt":{"rendered":"<p>J&rsquo;ai toujours \u00e9t\u00e9 fi\u00e8re d&rsquo;\u00eatre la fille de mon p\u00e8re. Sa lutte et sa d\u00e9termination ont contribu\u00e9 pour une part importante \u00e0 ma personnalit\u00e9.<\/p>\n","protected":false},"author":1,"featured_media":9185,"comment_status":"closed","ping_status":"closed","sticky":false,"template":"","format":"standard","meta":{"ngg_post_thumbnail":0,"footnotes":""},"categories":[106,6,386,13,25],"tags":[],"class_list":["post-9134","post","type-post","status-publish","format-standard","has-post-thumbnail","hentry","category-fplp","category-gaza","category-greves-de-la-faim","category-les-prisionners-palestiniens","category-la-resistance-palestinienne"],"yoast_head":"<!-- This site is optimized with the Yoast SEO plugin v27.3 - https:\/\/yoast.com\/product\/yoast-seo-wordpress\/ -->\n<title>\u00catre la fille d&#039;un ancien prisonnier m&#039;a insuffl\u00e9 une d\u00e9termination irr\u00e9sistible<\/title>\n<meta name=\"description\" content=\"J&#039;ai toujours \u00e9t\u00e9 fi\u00e8re d&#039;\u00eatre la fille de mon p\u00e8re.Sa lutte et sa d\u00e9termination ont contribu\u00e9 pour une part importante \u00e0 ma personnalit\u00e9.\" \/>\n<meta name=\"robots\" content=\"index, follow, max-snippet:-1, max-image-preview:large, max-video-preview:-1\" \/>\n<link rel=\"canonical\" href=\"https:\/\/charleroi-pourlapalestine.be\/index.php\/2017\/04\/17\/etre-la-fille-dun-ancien-prisonnier-ma-insuffle-une-determination-irresistible\/\" \/>\n<script type=\"application\/ld+json\" class=\"yoast-schema-graph\">{\"@context\":\"https:\\\/\\\/schema.org\",\"@graph\":[{\"@type\":\"Article\",\"@id\":\"https:\\\/\\\/charleroi-pourlapalestine.be\\\/index.php\\\/2017\\\/04\\\/17\\\/etre-la-fille-dun-ancien-prisonnier-ma-insuffle-une-determination-irresistible\\\/#article\",\"isPartOf\":{\"@id\":\"https:\\\/\\\/charleroi-pourlapalestine.be\\\/index.php\\\/2017\\\/04\\\/17\\\/etre-la-fille-dun-ancien-prisonnier-ma-insuffle-une-determination-irresistible\\\/\"},\"author\":{\"name\":\"admin1873\",\"@id\":\"https:\\\/\\\/charleroi-pourlapalestine.be\\\/#\\\/schema\\\/person\\\/c19ff515112f1299d8c12671d8fe3faa\"},\"headline\":\"\u00ab\u00catre la fille d&rsquo;un ancien prisonnier m&rsquo;a insuffl\u00e9 une d\u00e9termination irr\u00e9sistible\u00a0\u00bb\",\"datePublished\":\"2017-04-17T08:43:00+00:00\",\"dateModified\":\"2020-03-15T09:49:07+00:00\",\"mainEntityOfPage\":{\"@id\":\"https:\\\/\\\/charleroi-pourlapalestine.be\\\/index.php\\\/2017\\\/04\\\/17\\\/etre-la-fille-dun-ancien-prisonnier-ma-insuffle-une-determination-irresistible\\\/\"},\"wordCount\":1851,\"publisher\":{\"@id\":\"https:\\\/\\\/charleroi-pourlapalestine.be\\\/#organization\"},\"image\":{\"@id\":\"https:\\\/\\\/charleroi-pourlapalestine.be\\\/index.php\\\/2017\\\/04\\\/17\\\/etre-la-fille-dun-ancien-prisonnier-ma-insuffle-une-determination-irresistible\\\/#primaryimage\"},\"thumbnailUrl\":\"https:\\\/\\\/charleroi-pourlapalestine.be\\\/wp-content\\\/uploads\\\/2017\\\/04\\\/peinture-Abusalama-Copy.jpg\",\"articleSection\":[\"FPLP\",\"Gaza\",\"Gr\u00e8ves de la faim\",\"Prisonniers\",\"R\u00e9sistance\"],\"inLanguage\":\"fr-FR\"},{\"@type\":\"WebPage\",\"@id\":\"https:\\\/\\\/charleroi-pourlapalestine.be\\\/index.php\\\/2017\\\/04\\\/17\\\/etre-la-fille-dun-ancien-prisonnier-ma-insuffle-une-determination-irresistible\\\/\",\"url\":\"https:\\\/\\\/charleroi-pourlapalestine.be\\\/index.php\\\/2017\\\/04\\\/17\\\/etre-la-fille-dun-ancien-prisonnier-ma-insuffle-une-determination-irresistible\\\/\",\"name\":\"\u00catre la fille d'un ancien prisonnier m'a insuffl\u00e9 une d\u00e9termination irr\u00e9sistible\",\"isPartOf\":{\"@id\":\"https:\\\/\\\/charleroi-pourlapalestine.be\\\/#website\"},\"primaryImageOfPage\":{\"@id\":\"https:\\\/\\\/charleroi-pourlapalestine.be\\\/index.php\\\/2017\\\/04\\\/17\\\/etre-la-fille-dun-ancien-prisonnier-ma-insuffle-une-determination-irresistible\\\/#primaryimage\"},\"image\":{\"@id\":\"https:\\\/\\\/charleroi-pourlapalestine.be\\\/index.php\\\/2017\\\/04\\\/17\\\/etre-la-fille-dun-ancien-prisonnier-ma-insuffle-une-determination-irresistible\\\/#primaryimage\"},\"thumbnailUrl\":\"https:\\\/\\\/charleroi-pourlapalestine.be\\\/wp-content\\\/uploads\\\/2017\\\/04\\\/peinture-Abusalama-Copy.jpg\",\"datePublished\":\"2017-04-17T08:43:00+00:00\",\"dateModified\":\"2020-03-15T09:49:07+00:00\",\"description\":\"J'ai toujours \u00e9t\u00e9 fi\u00e8re d'\u00eatre la fille de mon p\u00e8re.Sa lutte et sa d\u00e9termination ont contribu\u00e9 pour une part importante \u00e0 ma personnalit\u00e9.\",\"breadcrumb\":{\"@id\":\"https:\\\/\\\/charleroi-pourlapalestine.be\\\/index.php\\\/2017\\\/04\\\/17\\\/etre-la-fille-dun-ancien-prisonnier-ma-insuffle-une-determination-irresistible\\\/#breadcrumb\"},\"inLanguage\":\"fr-FR\",\"potentialAction\":[{\"@type\":\"ReadAction\",\"target\":[\"https:\\\/\\\/charleroi-pourlapalestine.be\\\/index.php\\\/2017\\\/04\\\/17\\\/etre-la-fille-dun-ancien-prisonnier-ma-insuffle-une-determination-irresistible\\\/\"]}]},{\"@type\":\"ImageObject\",\"inLanguage\":\"fr-FR\",\"@id\":\"https:\\\/\\\/charleroi-pourlapalestine.be\\\/index.php\\\/2017\\\/04\\\/17\\\/etre-la-fille-dun-ancien-prisonnier-ma-insuffle-une-determination-irresistible\\\/#primaryimage\",\"url\":\"https:\\\/\\\/charleroi-pourlapalestine.be\\\/wp-content\\\/uploads\\\/2017\\\/04\\\/peinture-Abusalama-Copy.jpg\",\"contentUrl\":\"https:\\\/\\\/charleroi-pourlapalestine.be\\\/wp-content\\\/uploads\\\/2017\\\/04\\\/peinture-Abusalama-Copy.jpg\",\"width\":420,\"height\":447},{\"@type\":\"BreadcrumbList\",\"@id\":\"https:\\\/\\\/charleroi-pourlapalestine.be\\\/index.php\\\/2017\\\/04\\\/17\\\/etre-la-fille-dun-ancien-prisonnier-ma-insuffle-une-determination-irresistible\\\/#breadcrumb\",\"itemListElement\":[{\"@type\":\"ListItem\",\"position\":1,\"name\":\"Accueil\",\"item\":\"https:\\\/\\\/charleroi-pourlapalestine.be\\\/\"},{\"@type\":\"ListItem\",\"position\":2,\"name\":\"\u00ab\u00catre la fille d&#8217;un ancien prisonnier m&#8217;a insuffl\u00e9 une d\u00e9termination irr\u00e9sistible\u00a0\u00bb\"}]},{\"@type\":\"WebSite\",\"@id\":\"https:\\\/\\\/charleroi-pourlapalestine.be\\\/#website\",\"url\":\"https:\\\/\\\/charleroi-pourlapalestine.be\\\/\",\"name\":\"Charleroi Pour la Palestine\",\"description\":\"\",\"publisher\":{\"@id\":\"https:\\\/\\\/charleroi-pourlapalestine.be\\\/#organization\"},\"potentialAction\":[{\"@type\":\"SearchAction\",\"target\":{\"@type\":\"EntryPoint\",\"urlTemplate\":\"https:\\\/\\\/charleroi-pourlapalestine.be\\\/?s={search_term_string}\"},\"query-input\":{\"@type\":\"PropertyValueSpecification\",\"valueRequired\":true,\"valueName\":\"search_term_string\"}}],\"inLanguage\":\"fr-FR\"},{\"@type\":\"Organization\",\"@id\":\"https:\\\/\\\/charleroi-pourlapalestine.be\\\/#organization\",\"name\":\"Plate-forme Charleroi-Palestine\",\"url\":\"https:\\\/\\\/charleroi-pourlapalestine.be\\\/\",\"logo\":{\"@type\":\"ImageObject\",\"inLanguage\":\"fr-FR\",\"@id\":\"https:\\\/\\\/charleroi-pourlapalestine.be\\\/#\\\/schema\\\/logo\\\/image\\\/\",\"url\":\"https:\\\/\\\/charleroi-pourlapalestine.be\\\/wp-content\\\/uploads\\\/2020\\\/01\\\/logo-Copy.jpg\",\"contentUrl\":\"https:\\\/\\\/charleroi-pourlapalestine.be\\\/wp-content\\\/uploads\\\/2020\\\/01\\\/logo-Copy.jpg\",\"width\":180,\"height\":180,\"caption\":\"Plate-forme Charleroi-Palestine\"},\"image\":{\"@id\":\"https:\\\/\\\/charleroi-pourlapalestine.be\\\/#\\\/schema\\\/logo\\\/image\\\/\"},\"sameAs\":[\"https:\\\/\\\/www.facebook.com\\\/PlateformeCharleroiPalestine\\\/\",\"https:\\\/\\\/x.com\\\/LaCharleroi\"]},{\"@type\":\"Person\",\"@id\":\"https:\\\/\\\/charleroi-pourlapalestine.be\\\/#\\\/schema\\\/person\\\/c19ff515112f1299d8c12671d8fe3faa\",\"name\":\"admin1873\",\"url\":\"https:\\\/\\\/charleroi-pourlapalestine.be\\\/index.php\\\/author\\\/admin1873\\\/\"}]}<\/script>\n<!-- \/ Yoast SEO plugin. -->","yoast_head_json":{"title":"\u00catre la fille d'un ancien prisonnier m'a insuffl\u00e9 une d\u00e9termination irr\u00e9sistible","description":"J'ai toujours \u00e9t\u00e9 fi\u00e8re d'\u00eatre la fille de mon p\u00e8re.Sa lutte et sa d\u00e9termination ont contribu\u00e9 pour une part importante \u00e0 ma personnalit\u00e9.","robots":{"index":"index","follow":"follow","max-snippet":"max-snippet:-1","max-image-preview":"max-image-preview:large","max-video-preview":"max-video-preview:-1"},"canonical":"https:\/\/charleroi-pourlapalestine.be\/index.php\/2017\/04\/17\/etre-la-fille-dun-ancien-prisonnier-ma-insuffle-une-determination-irresistible\/","schema":{"@context":"https:\/\/schema.org","@graph":[{"@type":"Article","@id":"https:\/\/charleroi-pourlapalestine.be\/index.php\/2017\/04\/17\/etre-la-fille-dun-ancien-prisonnier-ma-insuffle-une-determination-irresistible\/#article","isPartOf":{"@id":"https:\/\/charleroi-pourlapalestine.be\/index.php\/2017\/04\/17\/etre-la-fille-dun-ancien-prisonnier-ma-insuffle-une-determination-irresistible\/"},"author":{"name":"admin1873","@id":"https:\/\/charleroi-pourlapalestine.be\/#\/schema\/person\/c19ff515112f1299d8c12671d8fe3faa"},"headline":"\u00ab\u00catre la fille d&rsquo;un ancien prisonnier m&rsquo;a insuffl\u00e9 une d\u00e9termination irr\u00e9sistible\u00a0\u00bb","datePublished":"2017-04-17T08:43:00+00:00","dateModified":"2020-03-15T09:49:07+00:00","mainEntityOfPage":{"@id":"https:\/\/charleroi-pourlapalestine.be\/index.php\/2017\/04\/17\/etre-la-fille-dun-ancien-prisonnier-ma-insuffle-une-determination-irresistible\/"},"wordCount":1851,"publisher":{"@id":"https:\/\/charleroi-pourlapalestine.be\/#organization"},"image":{"@id":"https:\/\/charleroi-pourlapalestine.be\/index.php\/2017\/04\/17\/etre-la-fille-dun-ancien-prisonnier-ma-insuffle-une-determination-irresistible\/#primaryimage"},"thumbnailUrl":"https:\/\/charleroi-pourlapalestine.be\/wp-content\/uploads\/2017\/04\/peinture-Abusalama-Copy.jpg","articleSection":["FPLP","Gaza","Gr\u00e8ves de la faim","Prisonniers","R\u00e9sistance"],"inLanguage":"fr-FR"},{"@type":"WebPage","@id":"https:\/\/charleroi-pourlapalestine.be\/index.php\/2017\/04\/17\/etre-la-fille-dun-ancien-prisonnier-ma-insuffle-une-determination-irresistible\/","url":"https:\/\/charleroi-pourlapalestine.be\/index.php\/2017\/04\/17\/etre-la-fille-dun-ancien-prisonnier-ma-insuffle-une-determination-irresistible\/","name":"\u00catre la fille d'un ancien prisonnier m'a insuffl\u00e9 une d\u00e9termination irr\u00e9sistible","isPartOf":{"@id":"https:\/\/charleroi-pourlapalestine.be\/#website"},"primaryImageOfPage":{"@id":"https:\/\/charleroi-pourlapalestine.be\/index.php\/2017\/04\/17\/etre-la-fille-dun-ancien-prisonnier-ma-insuffle-une-determination-irresistible\/#primaryimage"},"image":{"@id":"https:\/\/charleroi-pourlapalestine.be\/index.php\/2017\/04\/17\/etre-la-fille-dun-ancien-prisonnier-ma-insuffle-une-determination-irresistible\/#primaryimage"},"thumbnailUrl":"https:\/\/charleroi-pourlapalestine.be\/wp-content\/uploads\/2017\/04\/peinture-Abusalama-Copy.jpg","datePublished":"2017-04-17T08:43:00+00:00","dateModified":"2020-03-15T09:49:07+00:00","description":"J'ai toujours \u00e9t\u00e9 fi\u00e8re d'\u00eatre la fille de mon p\u00e8re.Sa lutte et sa d\u00e9termination ont contribu\u00e9 pour une part importante \u00e0 ma personnalit\u00e9.","breadcrumb":{"@id":"https:\/\/charleroi-pourlapalestine.be\/index.php\/2017\/04\/17\/etre-la-fille-dun-ancien-prisonnier-ma-insuffle-une-determination-irresistible\/#breadcrumb"},"inLanguage":"fr-FR","potentialAction":[{"@type":"ReadAction","target":["https:\/\/charleroi-pourlapalestine.be\/index.php\/2017\/04\/17\/etre-la-fille-dun-ancien-prisonnier-ma-insuffle-une-determination-irresistible\/"]}]},{"@type":"ImageObject","inLanguage":"fr-FR","@id":"https:\/\/charleroi-pourlapalestine.be\/index.php\/2017\/04\/17\/etre-la-fille-dun-ancien-prisonnier-ma-insuffle-une-determination-irresistible\/#primaryimage","url":"https:\/\/charleroi-pourlapalestine.be\/wp-content\/uploads\/2017\/04\/peinture-Abusalama-Copy.jpg","contentUrl":"https:\/\/charleroi-pourlapalestine.be\/wp-content\/uploads\/2017\/04\/peinture-Abusalama-Copy.jpg","width":420,"height":447},{"@type":"BreadcrumbList","@id":"https:\/\/charleroi-pourlapalestine.be\/index.php\/2017\/04\/17\/etre-la-fille-dun-ancien-prisonnier-ma-insuffle-une-determination-irresistible\/#breadcrumb","itemListElement":[{"@type":"ListItem","position":1,"name":"Accueil","item":"https:\/\/charleroi-pourlapalestine.be\/"},{"@type":"ListItem","position":2,"name":"\u00ab\u00catre la fille d&#8217;un ancien prisonnier m&#8217;a insuffl\u00e9 une d\u00e9termination irr\u00e9sistible\u00a0\u00bb"}]},{"@type":"WebSite","@id":"https:\/\/charleroi-pourlapalestine.be\/#website","url":"https:\/\/charleroi-pourlapalestine.be\/","name":"Charleroi Pour la Palestine","description":"","publisher":{"@id":"https:\/\/charleroi-pourlapalestine.be\/#organization"},"potentialAction":[{"@type":"SearchAction","target":{"@type":"EntryPoint","urlTemplate":"https:\/\/charleroi-pourlapalestine.be\/?s={search_term_string}"},"query-input":{"@type":"PropertyValueSpecification","valueRequired":true,"valueName":"search_term_string"}}],"inLanguage":"fr-FR"},{"@type":"Organization","@id":"https:\/\/charleroi-pourlapalestine.be\/#organization","name":"Plate-forme Charleroi-Palestine","url":"https:\/\/charleroi-pourlapalestine.be\/","logo":{"@type":"ImageObject","inLanguage":"fr-FR","@id":"https:\/\/charleroi-pourlapalestine.be\/#\/schema\/logo\/image\/","url":"https:\/\/charleroi-pourlapalestine.be\/wp-content\/uploads\/2020\/01\/logo-Copy.jpg","contentUrl":"https:\/\/charleroi-pourlapalestine.be\/wp-content\/uploads\/2020\/01\/logo-Copy.jpg","width":180,"height":180,"caption":"Plate-forme Charleroi-Palestine"},"image":{"@id":"https:\/\/charleroi-pourlapalestine.be\/#\/schema\/logo\/image\/"},"sameAs":["https:\/\/www.facebook.com\/PlateformeCharleroiPalestine\/","https:\/\/x.com\/LaCharleroi"]},{"@type":"Person","@id":"https:\/\/charleroi-pourlapalestine.be\/#\/schema\/person\/c19ff515112f1299d8c12671d8fe3faa","name":"admin1873","url":"https:\/\/charleroi-pourlapalestine.be\/index.php\/author\/admin1873\/"}]}},"_links":{"self":[{"href":"https:\/\/charleroi-pourlapalestine.be\/index.php\/wp-json\/wp\/v2\/posts\/9134","targetHints":{"allow":["GET"]}}],"collection":[{"href":"https:\/\/charleroi-pourlapalestine.be\/index.php\/wp-json\/wp\/v2\/posts"}],"about":[{"href":"https:\/\/charleroi-pourlapalestine.be\/index.php\/wp-json\/wp\/v2\/types\/post"}],"author":[{"embeddable":true,"href":"https:\/\/charleroi-pourlapalestine.be\/index.php\/wp-json\/wp\/v2\/users\/1"}],"replies":[{"embeddable":true,"href":"https:\/\/charleroi-pourlapalestine.be\/index.php\/wp-json\/wp\/v2\/comments?post=9134"}],"version-history":[{"count":0,"href":"https:\/\/charleroi-pourlapalestine.be\/index.php\/wp-json\/wp\/v2\/posts\/9134\/revisions"}],"wp:featuredmedia":[{"embeddable":true,"href":"https:\/\/charleroi-pourlapalestine.be\/index.php\/wp-json\/wp\/v2\/media\/9185"}],"wp:attachment":[{"href":"https:\/\/charleroi-pourlapalestine.be\/index.php\/wp-json\/wp\/v2\/media?parent=9134"}],"wp:term":[{"taxonomy":"category","embeddable":true,"href":"https:\/\/charleroi-pourlapalestine.be\/index.php\/wp-json\/wp\/v2\/categories?post=9134"},{"taxonomy":"post_tag","embeddable":true,"href":"https:\/\/charleroi-pourlapalestine.be\/index.php\/wp-json\/wp\/v2\/tags?post=9134"}],"curies":[{"name":"wp","href":"https:\/\/api.w.org\/{rel}","templated":true}]}}