{"id":9473,"date":"2020-03-20T18:21:04","date_gmt":"2020-03-20T17:21:04","guid":{"rendered":"https:\/\/charleroi-pourlapalestine.be\/?p=9473"},"modified":"2021-08-05T08:38:46","modified_gmt":"2021-08-05T06:38:46","slug":"israel-doit-liberer-tous-les-enfants-palestiniens-detenus-dans-ses-prisons","status":"publish","type":"post","link":"https:\/\/charleroi-pourlapalestine.be\/index.php\/2020\/03\/20\/israel-doit-liberer-tous-les-enfants-palestiniens-detenus-dans-ses-prisons\/","title":{"rendered":"Isra\u00ebl doit lib\u00e9rer tous les enfants palestiniens d\u00e9tenus dans ses prisons"},"content":{"rendered":"<h4>&nbsp;<\/h4>\n<h4>DCI-Palestine : Vu la pand\u00e9mie de COVID-19, Isra\u00ebl doit lib\u00e9rer tous les enfants palestiniens d\u00e9tenus dans ses prisons<\/h4>\n<p><img loading=\"lazy\" decoding=\"async\" class=\"aligncenter wp-image-9485 size-full\" src=\"https:\/\/charleroi-pourlapalestine.be\/wp-content\/uploads\/2020\/03\/arrestation-enfant-x-Copy.jpg\" alt=\"DCI-Palestine : Vu la pand\u00e9mie de COVID-19, Isra\u00ebl doit lib\u00e9rer tous les enfants palestiniens d\u00e9tenus dans ses prisons\" width=\"457\" height=\"304\"><\/p>\n<p>Ramallah, 19 mars 2020 \u2013 En raison de la propagation rapide du virus COVID-19 dans le monde entier, <strong>Defense for Children International &#8211; Palestine<\/strong> invite les autorit\u00e9s isra\u00e9liennes \u00e0 prendre imm\u00e9diatement des mesures en vue de lib\u00e9rer tous les enfants palestiniens d\u00e9tenus dans les prisons isra\u00e9liennes.<\/p>\n<p>Les enfants palestiniens emprisonn\u00e9s par les autorit\u00e9s isra\u00e9liennes vivent entass\u00e9s les uns sur les autres, souvent dans des conditions sanitaires d\u00e9plorables, avec un acc\u00e8s limit\u00e9 aux ressources n\u00e9cessaires pour maintenir des habitudes hygi\u00e9niques minimales, montrent des documents rassembl\u00e9s par DCI-P.<\/p>\n<p>L&rsquo;impact du<strong> COVID-19<\/strong> est encore exacerb\u00e9 par ces conditions de vie qui rendent de plus en plus vuln\u00e9rables les enfants palestiniens enferm\u00e9s dans les prisons et centres de d\u00e9tention isra\u00e9liens.<\/p>\n<p>\u00c0 la date du 19 mars, quelque 573 Isra\u00e9liens ont \u00e9t\u00e9 d\u00e9clar\u00e9s positifs aux tests concernant le virus COVID-19, signale le quotidien Haaretz, qui dit encore que <strong>quatre Palestiniens d\u00e9tenus \u00e0 la prison isra\u00e9lienne de Megiddo<\/strong> (au N-O de la ville de J\u00e9nine, en Cisjordanie occup\u00e9e), ont \u00e9t\u00e9 plac\u00e9s en isolement apr\u00e8s avoir \u00e9t\u00e9 en contact avec un agent isra\u00e9lien positif au COVID-19.<\/p>\n<p>La prison de Megiddo est l&rsquo;un des divers centres de d\u00e9tention situ\u00e9s \u00e0 l&rsquo;int\u00e9rieur d&rsquo;Isra\u00ebl o\u00f9 sont emprisonn\u00e9s les <em>\u00ab&nbsp;prisonniers s\u00e9curitaires&nbsp;\u00bb<\/em> palestiniens encore mineurs d&rsquo;\u00e2ge.<\/p>\n<blockquote><p>\u00ab&nbsp;Nous savons que la meilleure fa\u00e7on d&#8217;emp\u00eacher la propagation du COVID-19 est d&rsquo;\u00e9viter que les gens se trouvent \u00e0 proximit\u00e9 imm\u00e9diate les uns des autres&nbsp;\u00bb,<\/p><\/blockquote>\n<p>a d\u00e9clar\u00e9 Ayed Abu Eqtaish, directeur du programme de responsabilisation de DCI-P.<\/p>\n<blockquote><p>\u00ab&nbsp;En aucune fa\u00e7on, les autorit\u00e9s carc\u00e9rales isra\u00e9liennes ne sont en mesure de garantir la sant\u00e9 et le bien-\u00eatre des enfants palestiniens d\u00e9tenus tant que ceux-ci continueront \u00e0 devoir s\u00e9journer dans des conditions de d\u00e9tention.&nbsp;\u00bb<\/p><\/blockquote>\n<p>Une enqu\u00eate de DCI-P avait r\u00e9v\u00e9l\u00e9 il y a quelque temps que les enfants palestiniens d\u00e9tenus \u00e0 la prison de <strong>Damon<\/strong> \u00e9taient soumis \u00e0 des conditions de d\u00e9tention tr\u00e8s d\u00e9plorables, dans des cellules exigu\u00ebs, sans acc\u00e8s \u00e0 des \u00e9quipements de bain propres et priv\u00e9s.<\/p>\n<p>De telles conditions accroissent les risques d&rsquo;exposition \u00e0 des conditions malsaines facilitant la propagation du virus COVID-19.<\/p>\n<p>Selon les derniers chiffres \u00e9mis par les Services p\u00e9nitentiaires isra\u00e9liens (IPS), fin d\u00e9cembre 2019, quelque <strong>186 enfants palestiniens<\/strong> \u00e9taient d\u00e9tenus dans les prisons isra\u00e9liennes.<\/p>\n<p>Alors que les lois internationales requi\u00e8rent que les enfants ne soient arr\u00eat\u00e9s que s&rsquo;il n&rsquo;y a vraiment pas d&rsquo;autre recours, la d\u00e9tention <em>\u00ab&nbsp;provisoire&nbsp;\u00bb<\/em>, avant proc\u00e8s, est la norme pour tous les enfants palestiniens arr\u00eat\u00e9s par les forces isra\u00e9liennes en Cisjordanie occup\u00e9e.<\/p>\n<p>Isra\u00ebl pr\u00e9sente la particularit\u00e9 tr\u00e8s douteuse d&rsquo;\u00eatre le seul pays au monde qui arr\u00eate automatiquement et syst\u00e9matiquement des enfants et les poursuit devant des tribunaux militaires o\u00f9 sont absolument absents tous les droits fondamentaux \u00e0 un proc\u00e8s \u00e9quitable ainsi que toute forme de protection.<\/p>\n<p>Chaque ann\u00e9e, Isra\u00ebl arr\u00eate et poursuit<strong> entre 500 et 700 enfants palestiniens<\/strong> devant ses tribunaux militaires.<\/p>\n<p>Pr\u00e8s de trois enfants palestiniens sur quatre arr\u00eat\u00e9s par les forces isra\u00e9liennes font l&rsquo;exp\u00e9rience de l&rsquo;une ou l&rsquo;autre forme de violence physique, renseigne la documentation collect\u00e9e par DCI-P.<\/p>\n<p>Depuis 1967, Isra\u00ebl recourt \u00e0 deux syst\u00e8mes juridiques bien distincts dans un m\u00eame territoire.<\/p>\n<p>En Cisjordanie occup\u00e9e, les colons isra\u00e9liens sont soumis au syst\u00e8me juridique civil et p\u00e9nal, alors que les Palestiniens vivent sous la loi martiale. Aucun enfant isra\u00e9lien n&rsquo;entre jamais en contact avec un tribunal militaire.<\/p>\n<p>Isra\u00ebl a ratifi\u00e9 la Convention (des Nations unies) relative aux droits de l&rsquo;enfant en 1991, s&rsquo;engageant ainsi a appliquer la totalit\u00e9 des droits et protections repris dans le trait\u00e9, y compris le fait que les meilleurs int\u00e9r\u00eats de l&rsquo;enfant doivent constituer une consid\u00e9ration prioritaire dans toutes les d\u00e9cisions le concernant.<\/p>\n<p>La Convention requiert que les enfants ne puissent \u00eatre arr\u00eat\u00e9s que s&rsquo;il n&rsquo;y a vraiment pas d&rsquo;autre recours, et elle oblige les \u00c9tats \u00e0 garantir et prot\u00e9ger le droit \u00e0 la vie, \u00e0 la survie et au d\u00e9veloppement de l&rsquo;enfant, sans oublier son droit \u00e0 la sant\u00e9.<\/p>\n<p>\u00c0 l&rsquo;\u00e9chelle mondiale, \u00e0 la date du 18 mars, il y avait 191&nbsp;127 cas de COVID-19 et 7&nbsp;807 d\u00e9c\u00e8s, selon l&rsquo;Organisation mondiale de la sant\u00e9.<\/p>\n<p>Le Bureau de la coordination des affaires humanitaires des Nations unies (BCAH ou OCHA) a rapport\u00e9 que, <strong>le 19 mars, il y avait 47 cas confirm\u00e9s de COVID-19 en Cisjordanie<\/strong>, la plupart \u00e0 <strong>Bethl\u00e9em<\/strong> et dans deux localit\u00e9s voisines. Il n&rsquo;y avait pas de cas signal\u00e9s dans la bande de Gaza, rapportait le BCAH.<\/p>\n<p>Le 5 mars, dans une tentative d&rsquo;endiguer la propagation du COVID-19, le Premier ministre palestinien Mohammad Shtayyeh a proclam\u00e9 l&rsquo;\u00e9tat d&rsquo;urgence dans tout le territoire palestinien occup\u00e9.<\/p>\n<p>Dans une d\u00e9claration prononc\u00e9e le 19 mars, Michael Lynk, rapporteur sp\u00e9cial de l&rsquo;ONU pour la situation des droits de l&rsquo;homme dans les territoires palestiniens occup\u00e9s depuis 1967, a invit\u00e9 instamment Isra\u00ebl, l&rsquo;Autorit\u00e9 palestinienne et le Hamas \u00e0 se montrer \u00e0 la hauteur de leurs responsabilit\u00e9s juridiques internationales en garantissant que le droit \u00e0 la sant\u00e9 soit enti\u00e8rement accord\u00e9 aux Palestiniens \u00e0 Gaza et en Cisjordanie, y compris J\u00e9rusalem-Est, durant toute la dur\u00e9e de la pand\u00e9mie de COVID-19.<\/p>\n<blockquote><p>\u00ab&nbsp;Le devoir juridique, fix\u00e9 dans l&rsquo;article 56 de la Quatri\u00e8me Convention de Gen\u00e8ve, requiert qu&rsquo;Isra\u00ebl, la puissance occupante, doive assurer que tous les moyens pr\u00e9ventifs n\u00e9cessaires qui sont \u00e0 sa disposition soient utilis\u00e9s pour <em>\u00ab&nbsp;combattre la propagation de maladies contagieuses et d&rsquo;\u00e9pid\u00e9mies&nbsp;\u00bb,<\/em><\/p><\/blockquote>\n<p>a d\u00e9clar\u00e9 Michael Lynk.<\/p>\n<p>Les autorit\u00e9s isra\u00e9liennes doivent prendre des mesures imm\u00e9diates en vue de lib\u00e9rer tous les enfants palestiniens d\u00e9tenus dans les prisons et centres de d\u00e9tention isra\u00e9liens en raison de la vuln\u00e9rabilit\u00e9 accrue occasionn\u00e9e par la propagation mondiale rapide du COVID-19, et de sauvegarder ainsi leur droit \u00e0 la vie, \u00e0 la survie, au d\u00e9veloppement et \u00e0 la sant\u00e9, en conformit\u00e9 avec ce que requi\u00e8rent les lois internationales.<\/p>\n<hr>\n<p>Publi\u00e9 le 19 mars 2020 sur <a href=\"https:\/\/www.dci-palestine.org\/israel_must_release_all_palestinian_child_detainees_amid_covid_19_pandemic\" target=\"_blank\" rel=\"noopener noreferrer\">DCI-Palestine<\/a><br \/>\nTraduction : Jean-Marie Fl\u00e9mal<\/p>\n<p><a href=\"https:\/\/charleroi-pourlapalestine.be\/index.php\/category\/palestine\/les-enfants-jeunes\/dci-p\/\">Trouvez ici tous les articles de DCI-Palestine, ou le concernant, publi\u00e9s sur ce site<\/a><\/p>\n","protected":false},"excerpt":{"rendered":"<p>Les enfants palestiniens emprisonn\u00e9s par les autorit\u00e9s isra\u00e9liennes vivent entass\u00e9s les uns sur les autres, souvent dans des conditions sanitaires d\u00e9plorables<\/p>\n","protected":false},"author":1,"featured_media":0,"comment_status":"closed","ping_status":"closed","sticky":false,"template":"","format":"standard","meta":{"ngg_post_thumbnail":0,"footnotes":""},"categories":[412,354,17,192,13],"tags":[],"class_list":["post-9473","post","type-post","status-publish","format-standard","hentry","category-coronavirus","category-dci-p","category-les-enfants-jeunes","category-palestine","category-les-prisionners-palestiniens"],"yoast_head":"<!-- This site is optimized with the Yoast SEO plugin v27.3 - https:\/\/yoast.com\/product\/yoast-seo-wordpress\/ -->\n<title>Isra\u00ebl doit lib\u00e9rer tous les enfants palestiniens d\u00e9tenus dans ses prisons<\/title>\n<meta name=\"description\" content=\"Les enfants palestiniens emprisonn\u00e9s par les autorit\u00e9s isra\u00e9liennes vivent entass\u00e9s les uns sur les autres, souvent dans des conditions sanitaires d\u00e9plorables\" \/>\n<meta name=\"robots\" content=\"index, follow, max-snippet:-1, max-image-preview:large, max-video-preview:-1\" \/>\n<link rel=\"canonical\" href=\"https:\/\/charleroi-pourlapalestine.be\/index.php\/2020\/03\/20\/israel-doit-liberer-tous-les-enfants-palestiniens-detenus-dans-ses-prisons\/\" \/>\n<script type=\"application\/ld+json\" class=\"yoast-schema-graph\">{\"@context\":\"https:\\\/\\\/schema.org\",\"@graph\":[{\"@type\":\"Article\",\"@id\":\"https:\\\/\\\/charleroi-pourlapalestine.be\\\/index.php\\\/2020\\\/03\\\/20\\\/israel-doit-liberer-tous-les-enfants-palestiniens-detenus-dans-ses-prisons\\\/#article\",\"isPartOf\":{\"@id\":\"https:\\\/\\\/charleroi-pourlapalestine.be\\\/index.php\\\/2020\\\/03\\\/20\\\/israel-doit-liberer-tous-les-enfants-palestiniens-detenus-dans-ses-prisons\\\/\"},\"author\":{\"name\":\"admin1873\",\"@id\":\"https:\\\/\\\/charleroi-pourlapalestine.be\\\/#\\\/schema\\\/person\\\/c19ff515112f1299d8c12671d8fe3faa\"},\"headline\":\"Isra\u00ebl doit lib\u00e9rer tous les enfants palestiniens d\u00e9tenus dans ses prisons\",\"datePublished\":\"2020-03-20T17:21:04+00:00\",\"dateModified\":\"2021-08-05T06:38:46+00:00\",\"mainEntityOfPage\":{\"@id\":\"https:\\\/\\\/charleroi-pourlapalestine.be\\\/index.php\\\/2020\\\/03\\\/20\\\/israel-doit-liberer-tous-les-enfants-palestiniens-detenus-dans-ses-prisons\\\/\"},\"wordCount\":1128,\"publisher\":{\"@id\":\"https:\\\/\\\/charleroi-pourlapalestine.be\\\/#organization\"},\"image\":{\"@id\":\"https:\\\/\\\/charleroi-pourlapalestine.be\\\/index.php\\\/2020\\\/03\\\/20\\\/israel-doit-liberer-tous-les-enfants-palestiniens-detenus-dans-ses-prisons\\\/#primaryimage\"},\"thumbnailUrl\":\"https:\\\/\\\/charleroi-pourlapalestine.be\\\/wp-content\\\/uploads\\\/2020\\\/03\\\/arrestation-enfant-x-Copy.jpg\",\"articleSection\":[\"Coronavirus\",\"DCI-P\",\"Enfants\",\"Palestine\",\"Prisonniers\"],\"inLanguage\":\"fr-FR\"},{\"@type\":\"WebPage\",\"@id\":\"https:\\\/\\\/charleroi-pourlapalestine.be\\\/index.php\\\/2020\\\/03\\\/20\\\/israel-doit-liberer-tous-les-enfants-palestiniens-detenus-dans-ses-prisons\\\/\",\"url\":\"https:\\\/\\\/charleroi-pourlapalestine.be\\\/index.php\\\/2020\\\/03\\\/20\\\/israel-doit-liberer-tous-les-enfants-palestiniens-detenus-dans-ses-prisons\\\/\",\"name\":\"Isra\u00ebl doit lib\u00e9rer tous les enfants palestiniens d\u00e9tenus dans ses prisons\",\"isPartOf\":{\"@id\":\"https:\\\/\\\/charleroi-pourlapalestine.be\\\/#website\"},\"primaryImageOfPage\":{\"@id\":\"https:\\\/\\\/charleroi-pourlapalestine.be\\\/index.php\\\/2020\\\/03\\\/20\\\/israel-doit-liberer-tous-les-enfants-palestiniens-detenus-dans-ses-prisons\\\/#primaryimage\"},\"image\":{\"@id\":\"https:\\\/\\\/charleroi-pourlapalestine.be\\\/index.php\\\/2020\\\/03\\\/20\\\/israel-doit-liberer-tous-les-enfants-palestiniens-detenus-dans-ses-prisons\\\/#primaryimage\"},\"thumbnailUrl\":\"https:\\\/\\\/charleroi-pourlapalestine.be\\\/wp-content\\\/uploads\\\/2020\\\/03\\\/arrestation-enfant-x-Copy.jpg\",\"datePublished\":\"2020-03-20T17:21:04+00:00\",\"dateModified\":\"2021-08-05T06:38:46+00:00\",\"description\":\"Les enfants palestiniens emprisonn\u00e9s par les autorit\u00e9s isra\u00e9liennes vivent entass\u00e9s les uns sur les autres, souvent dans des conditions sanitaires d\u00e9plorables\",\"breadcrumb\":{\"@id\":\"https:\\\/\\\/charleroi-pourlapalestine.be\\\/index.php\\\/2020\\\/03\\\/20\\\/israel-doit-liberer-tous-les-enfants-palestiniens-detenus-dans-ses-prisons\\\/#breadcrumb\"},\"inLanguage\":\"fr-FR\",\"potentialAction\":[{\"@type\":\"ReadAction\",\"target\":[\"https:\\\/\\\/charleroi-pourlapalestine.be\\\/index.php\\\/2020\\\/03\\\/20\\\/israel-doit-liberer-tous-les-enfants-palestiniens-detenus-dans-ses-prisons\\\/\"]}]},{\"@type\":\"ImageObject\",\"inLanguage\":\"fr-FR\",\"@id\":\"https:\\\/\\\/charleroi-pourlapalestine.be\\\/index.php\\\/2020\\\/03\\\/20\\\/israel-doit-liberer-tous-les-enfants-palestiniens-detenus-dans-ses-prisons\\\/#primaryimage\",\"url\":\"https:\\\/\\\/charleroi-pourlapalestine.be\\\/wp-content\\\/uploads\\\/2020\\\/03\\\/arrestation-enfant-x-Copy.jpg\",\"contentUrl\":\"https:\\\/\\\/charleroi-pourlapalestine.be\\\/wp-content\\\/uploads\\\/2020\\\/03\\\/arrestation-enfant-x-Copy.jpg\"},{\"@type\":\"BreadcrumbList\",\"@id\":\"https:\\\/\\\/charleroi-pourlapalestine.be\\\/index.php\\\/2020\\\/03\\\/20\\\/israel-doit-liberer-tous-les-enfants-palestiniens-detenus-dans-ses-prisons\\\/#breadcrumb\",\"itemListElement\":[{\"@type\":\"ListItem\",\"position\":1,\"name\":\"Accueil\",\"item\":\"https:\\\/\\\/charleroi-pourlapalestine.be\\\/\"},{\"@type\":\"ListItem\",\"position\":2,\"name\":\"Isra\u00ebl doit lib\u00e9rer tous les enfants palestiniens d\u00e9tenus dans ses prisons\"}]},{\"@type\":\"WebSite\",\"@id\":\"https:\\\/\\\/charleroi-pourlapalestine.be\\\/#website\",\"url\":\"https:\\\/\\\/charleroi-pourlapalestine.be\\\/\",\"name\":\"Charleroi Pour la Palestine\",\"description\":\"\",\"publisher\":{\"@id\":\"https:\\\/\\\/charleroi-pourlapalestine.be\\\/#organization\"},\"potentialAction\":[{\"@type\":\"SearchAction\",\"target\":{\"@type\":\"EntryPoint\",\"urlTemplate\":\"https:\\\/\\\/charleroi-pourlapalestine.be\\\/?s={search_term_string}\"},\"query-input\":{\"@type\":\"PropertyValueSpecification\",\"valueRequired\":true,\"valueName\":\"search_term_string\"}}],\"inLanguage\":\"fr-FR\"},{\"@type\":\"Organization\",\"@id\":\"https:\\\/\\\/charleroi-pourlapalestine.be\\\/#organization\",\"name\":\"Plate-forme Charleroi-Palestine\",\"url\":\"https:\\\/\\\/charleroi-pourlapalestine.be\\\/\",\"logo\":{\"@type\":\"ImageObject\",\"inLanguage\":\"fr-FR\",\"@id\":\"https:\\\/\\\/charleroi-pourlapalestine.be\\\/#\\\/schema\\\/logo\\\/image\\\/\",\"url\":\"https:\\\/\\\/charleroi-pourlapalestine.be\\\/wp-content\\\/uploads\\\/2020\\\/01\\\/logo-Copy.jpg\",\"contentUrl\":\"https:\\\/\\\/charleroi-pourlapalestine.be\\\/wp-content\\\/uploads\\\/2020\\\/01\\\/logo-Copy.jpg\",\"width\":180,\"height\":180,\"caption\":\"Plate-forme Charleroi-Palestine\"},\"image\":{\"@id\":\"https:\\\/\\\/charleroi-pourlapalestine.be\\\/#\\\/schema\\\/logo\\\/image\\\/\"},\"sameAs\":[\"https:\\\/\\\/www.facebook.com\\\/PlateformeCharleroiPalestine\\\/\",\"https:\\\/\\\/x.com\\\/LaCharleroi\"]},{\"@type\":\"Person\",\"@id\":\"https:\\\/\\\/charleroi-pourlapalestine.be\\\/#\\\/schema\\\/person\\\/c19ff515112f1299d8c12671d8fe3faa\",\"name\":\"admin1873\",\"url\":\"https:\\\/\\\/charleroi-pourlapalestine.be\\\/index.php\\\/author\\\/admin1873\\\/\"}]}<\/script>\n<!-- \/ Yoast SEO plugin. -->","yoast_head_json":{"title":"Isra\u00ebl doit lib\u00e9rer tous les enfants palestiniens d\u00e9tenus dans ses prisons","description":"Les enfants palestiniens emprisonn\u00e9s par les autorit\u00e9s isra\u00e9liennes vivent entass\u00e9s les uns sur les autres, souvent dans des conditions sanitaires d\u00e9plorables","robots":{"index":"index","follow":"follow","max-snippet":"max-snippet:-1","max-image-preview":"max-image-preview:large","max-video-preview":"max-video-preview:-1"},"canonical":"https:\/\/charleroi-pourlapalestine.be\/index.php\/2020\/03\/20\/israel-doit-liberer-tous-les-enfants-palestiniens-detenus-dans-ses-prisons\/","schema":{"@context":"https:\/\/schema.org","@graph":[{"@type":"Article","@id":"https:\/\/charleroi-pourlapalestine.be\/index.php\/2020\/03\/20\/israel-doit-liberer-tous-les-enfants-palestiniens-detenus-dans-ses-prisons\/#article","isPartOf":{"@id":"https:\/\/charleroi-pourlapalestine.be\/index.php\/2020\/03\/20\/israel-doit-liberer-tous-les-enfants-palestiniens-detenus-dans-ses-prisons\/"},"author":{"name":"admin1873","@id":"https:\/\/charleroi-pourlapalestine.be\/#\/schema\/person\/c19ff515112f1299d8c12671d8fe3faa"},"headline":"Isra\u00ebl doit lib\u00e9rer tous les enfants palestiniens d\u00e9tenus dans ses prisons","datePublished":"2020-03-20T17:21:04+00:00","dateModified":"2021-08-05T06:38:46+00:00","mainEntityOfPage":{"@id":"https:\/\/charleroi-pourlapalestine.be\/index.php\/2020\/03\/20\/israel-doit-liberer-tous-les-enfants-palestiniens-detenus-dans-ses-prisons\/"},"wordCount":1128,"publisher":{"@id":"https:\/\/charleroi-pourlapalestine.be\/#organization"},"image":{"@id":"https:\/\/charleroi-pourlapalestine.be\/index.php\/2020\/03\/20\/israel-doit-liberer-tous-les-enfants-palestiniens-detenus-dans-ses-prisons\/#primaryimage"},"thumbnailUrl":"https:\/\/charleroi-pourlapalestine.be\/wp-content\/uploads\/2020\/03\/arrestation-enfant-x-Copy.jpg","articleSection":["Coronavirus","DCI-P","Enfants","Palestine","Prisonniers"],"inLanguage":"fr-FR"},{"@type":"WebPage","@id":"https:\/\/charleroi-pourlapalestine.be\/index.php\/2020\/03\/20\/israel-doit-liberer-tous-les-enfants-palestiniens-detenus-dans-ses-prisons\/","url":"https:\/\/charleroi-pourlapalestine.be\/index.php\/2020\/03\/20\/israel-doit-liberer-tous-les-enfants-palestiniens-detenus-dans-ses-prisons\/","name":"Isra\u00ebl doit lib\u00e9rer tous les enfants palestiniens d\u00e9tenus dans ses prisons","isPartOf":{"@id":"https:\/\/charleroi-pourlapalestine.be\/#website"},"primaryImageOfPage":{"@id":"https:\/\/charleroi-pourlapalestine.be\/index.php\/2020\/03\/20\/israel-doit-liberer-tous-les-enfants-palestiniens-detenus-dans-ses-prisons\/#primaryimage"},"image":{"@id":"https:\/\/charleroi-pourlapalestine.be\/index.php\/2020\/03\/20\/israel-doit-liberer-tous-les-enfants-palestiniens-detenus-dans-ses-prisons\/#primaryimage"},"thumbnailUrl":"https:\/\/charleroi-pourlapalestine.be\/wp-content\/uploads\/2020\/03\/arrestation-enfant-x-Copy.jpg","datePublished":"2020-03-20T17:21:04+00:00","dateModified":"2021-08-05T06:38:46+00:00","description":"Les enfants palestiniens emprisonn\u00e9s par les autorit\u00e9s isra\u00e9liennes vivent entass\u00e9s les uns sur les autres, souvent dans des conditions sanitaires d\u00e9plorables","breadcrumb":{"@id":"https:\/\/charleroi-pourlapalestine.be\/index.php\/2020\/03\/20\/israel-doit-liberer-tous-les-enfants-palestiniens-detenus-dans-ses-prisons\/#breadcrumb"},"inLanguage":"fr-FR","potentialAction":[{"@type":"ReadAction","target":["https:\/\/charleroi-pourlapalestine.be\/index.php\/2020\/03\/20\/israel-doit-liberer-tous-les-enfants-palestiniens-detenus-dans-ses-prisons\/"]}]},{"@type":"ImageObject","inLanguage":"fr-FR","@id":"https:\/\/charleroi-pourlapalestine.be\/index.php\/2020\/03\/20\/israel-doit-liberer-tous-les-enfants-palestiniens-detenus-dans-ses-prisons\/#primaryimage","url":"https:\/\/charleroi-pourlapalestine.be\/wp-content\/uploads\/2020\/03\/arrestation-enfant-x-Copy.jpg","contentUrl":"https:\/\/charleroi-pourlapalestine.be\/wp-content\/uploads\/2020\/03\/arrestation-enfant-x-Copy.jpg"},{"@type":"BreadcrumbList","@id":"https:\/\/charleroi-pourlapalestine.be\/index.php\/2020\/03\/20\/israel-doit-liberer-tous-les-enfants-palestiniens-detenus-dans-ses-prisons\/#breadcrumb","itemListElement":[{"@type":"ListItem","position":1,"name":"Accueil","item":"https:\/\/charleroi-pourlapalestine.be\/"},{"@type":"ListItem","position":2,"name":"Isra\u00ebl doit lib\u00e9rer tous les enfants palestiniens d\u00e9tenus dans ses prisons"}]},{"@type":"WebSite","@id":"https:\/\/charleroi-pourlapalestine.be\/#website","url":"https:\/\/charleroi-pourlapalestine.be\/","name":"Charleroi Pour la Palestine","description":"","publisher":{"@id":"https:\/\/charleroi-pourlapalestine.be\/#organization"},"potentialAction":[{"@type":"SearchAction","target":{"@type":"EntryPoint","urlTemplate":"https:\/\/charleroi-pourlapalestine.be\/?s={search_term_string}"},"query-input":{"@type":"PropertyValueSpecification","valueRequired":true,"valueName":"search_term_string"}}],"inLanguage":"fr-FR"},{"@type":"Organization","@id":"https:\/\/charleroi-pourlapalestine.be\/#organization","name":"Plate-forme Charleroi-Palestine","url":"https:\/\/charleroi-pourlapalestine.be\/","logo":{"@type":"ImageObject","inLanguage":"fr-FR","@id":"https:\/\/charleroi-pourlapalestine.be\/#\/schema\/logo\/image\/","url":"https:\/\/charleroi-pourlapalestine.be\/wp-content\/uploads\/2020\/01\/logo-Copy.jpg","contentUrl":"https:\/\/charleroi-pourlapalestine.be\/wp-content\/uploads\/2020\/01\/logo-Copy.jpg","width":180,"height":180,"caption":"Plate-forme Charleroi-Palestine"},"image":{"@id":"https:\/\/charleroi-pourlapalestine.be\/#\/schema\/logo\/image\/"},"sameAs":["https:\/\/www.facebook.com\/PlateformeCharleroiPalestine\/","https:\/\/x.com\/LaCharleroi"]},{"@type":"Person","@id":"https:\/\/charleroi-pourlapalestine.be\/#\/schema\/person\/c19ff515112f1299d8c12671d8fe3faa","name":"admin1873","url":"https:\/\/charleroi-pourlapalestine.be\/index.php\/author\/admin1873\/"}]}},"_links":{"self":[{"href":"https:\/\/charleroi-pourlapalestine.be\/index.php\/wp-json\/wp\/v2\/posts\/9473","targetHints":{"allow":["GET"]}}],"collection":[{"href":"https:\/\/charleroi-pourlapalestine.be\/index.php\/wp-json\/wp\/v2\/posts"}],"about":[{"href":"https:\/\/charleroi-pourlapalestine.be\/index.php\/wp-json\/wp\/v2\/types\/post"}],"author":[{"embeddable":true,"href":"https:\/\/charleroi-pourlapalestine.be\/index.php\/wp-json\/wp\/v2\/users\/1"}],"replies":[{"embeddable":true,"href":"https:\/\/charleroi-pourlapalestine.be\/index.php\/wp-json\/wp\/v2\/comments?post=9473"}],"version-history":[{"count":0,"href":"https:\/\/charleroi-pourlapalestine.be\/index.php\/wp-json\/wp\/v2\/posts\/9473\/revisions"}],"wp:attachment":[{"href":"https:\/\/charleroi-pourlapalestine.be\/index.php\/wp-json\/wp\/v2\/media?parent=9473"}],"wp:term":[{"taxonomy":"category","embeddable":true,"href":"https:\/\/charleroi-pourlapalestine.be\/index.php\/wp-json\/wp\/v2\/categories?post=9473"},{"taxonomy":"post_tag","embeddable":true,"href":"https:\/\/charleroi-pourlapalestine.be\/index.php\/wp-json\/wp\/v2\/tags?post=9473"}],"curies":[{"name":"wp","href":"https:\/\/api.w.org\/{rel}","templated":true}]}}