{"id":9525,"date":"2020-03-21T17:20:56","date_gmt":"2020-03-21T16:20:56","guid":{"rendered":"https:\/\/charleroi-pourlapalestine.be\/?p=9525"},"modified":"2020-03-21T17:30:00","modified_gmt":"2020-03-21T16:30:00","slug":"le-coronavirus-en-palestine-occupee-le-point-sur-la-situation","status":"publish","type":"post","link":"https:\/\/charleroi-pourlapalestine.be\/index.php\/2020\/03\/21\/le-coronavirus-en-palestine-occupee-le-point-sur-la-situation\/","title":{"rendered":"Le coronavirus en Palestine occup\u00e9e : le point sur la situation"},"content":{"rendered":"<p><strong>Tamara Nassar, <\/strong>20 mars 2020<\/p>\n<div id=\"attachment_9527\" style=\"width: 467px\" class=\"wp-caption aligncenter\"><img loading=\"lazy\" decoding=\"async\" aria-describedby=\"caption-attachment-9527\" class=\"wp-image-9527 size-full\" src=\"https:\/\/charleroi-pourlapalestine.be\/wp-content\/uploads\/2020\/03\/coronavirus-gaza-west-bank1-Copy.jpg\" alt=\"Des travailleurs palestiniens d\u00e9sinfectent les march\u00e9s de Gaza en guise de pr\u00e9vention, vu les craintes de propagation du coronavirus\" width=\"457\" height=\"304\"><p id=\"caption-attachment-9527\" class=\"wp-caption-text\">19 mars. Des travailleurs palestiniens d\u00e9sinfectent les march\u00e9s de Gaza en guise de pr\u00e9vention, vu les craintes de propagation du coronavirus, qui a provoqu\u00e9 une pand\u00e9mie mondiale. (Photo :&nbsp; Ashraf Amra APA images)<\/p><\/div>\n<p>Du fait que le nombre de cas non confirm\u00e9s de coronavirus continue d&rsquo;augmenter, Isra\u00ebl et la Cisjordanie occup\u00e9e se rapprochent d&rsquo;un confinement total.<\/p>\n<p>Au moment o\u00f9 j&rsquo;\u00e9cris ceci, on annonce que plus de 700 Isra\u00e9liens ont \u00e9t\u00e9 test\u00e9s positivement au COVID-19, la maladie caus\u00e9e par le nouveau coronavirus, outre les 48 cas confirm\u00e9s en Cisjordanie occup\u00e9e.<\/p>\n<p>Il n&rsquo;y a toujours pas de cas confirm\u00e9s dans la bande de Gaza, qu&rsquo;un blocus isra\u00e9lien isole pour ainsi dire herm\u00e9tiquement du reste du monde depuis plus d&rsquo;une d\u00e9cennie.<\/p>\n<p>Le 18 mars, l&rsquo;Organisation mondiale de la sant\u00e9 (OMS) d\u00e9clarait que le risque d&rsquo;une pouss\u00e9e du COVID-19 en Cisjordanie occup\u00e9e et dans la bande de Gaza, ainsi que dans la r\u00e9gion au sens large, \u00e9tait tr\u00e8s \u00e9lev\u00e9.<\/p>\n<p>Le Premier ministre int\u00e9rimaire isra\u00e9lien, Benjamin Netanyahou, a annonc\u00e9 jeudi que les mesures de confinement total seront juridiquement contraignantes \u00e0 partir de vendredi, du fait qu&rsquo;Isra\u00ebl entend bien endiguer le nouveau coronavirus.<\/p>\n<p>La police isra\u00e9lienne, aid\u00e9e par l&rsquo;arm\u00e9e, aura le pouvoir d&rsquo;arr\u00eater ou de sanctionner ceux qui d\u00e9fieront les ordres gouvernementaux de rester chez soi, sauf pour se mettre en qu\u00eate de nourriture, de m\u00e9dicaments ou de traitement m\u00e9dical.<\/p>\n<h3>Blocage de la surveillance<\/h3>\n<p>Dans l&rsquo;intervalle, ce jeudi, la Cour supr\u00eame isra\u00e9lienne a sorti une injonction temporaire emp\u00eachant le Shin Bet, le service de renseignement int\u00e9rieur isra\u00e9lien, de recourir \u00e0 la g\u00e9olocalisation et \u00e0 d&rsquo;autres techniques de surveillance pour espionner les portables des patients, r\u00e9els ou potentiels, du coronavirus.<\/p>\n<p>Netanyahou a approuv\u00e9 la mesure mercredi lorsqu&rsquo;il a propos\u00e9 d&#8217;emp\u00eacher la propagation du virus, contournant par la m\u00eame occasion l&rsquo;approbation n\u00e9cessaire ded la Knesset, le Parlement isra\u00e9lien.<\/p>\n<p>La Cour accorde au gouvernement le temps jusque mardi de constituer une commission parlementaire cens\u00e9e superviser l&rsquo;op\u00e9ration de surveillance. S&rsquo;il ne le fait pas, la Cour interdira le programme.<\/p>\n<p>La d\u00e9cision de la Cour a \u00e9t\u00e9 prise apr\u00e8s qu&rsquo;elle a pris connaissance d&rsquo;une requ\u00eate soumise par <strong>Adalah<\/strong>, une association d\u00e9fendant les droits des Palestiniens en Isra\u00ebl, et par la <strong>Liste unie<\/strong>, une coalition de partis palestiniens en Isra\u00ebl, demandant au procureur g\u00e9n\u00e9ral d&rsquo;Isra\u00ebl de geler la mesure.<\/p>\n<p>L&rsquo;association a applaudi \u00e0 la d\u00e9cision de la Cour supr\u00eame, jeudi, mais a insist\u00e9 sur le fait que le danger r\u00e9sidait davantage dans une surveillance importune que dans l&rsquo;organisme de contr\u00f4le.<\/p>\n<p>\u00ab<em>&nbsp;M\u00eame le contr\u00f4le par le Parlement ne peut l\u00e9gitimer une violation aussi grave des droits humains&nbsp;\u00bb<\/em>, a d\u00e9clar\u00e9 Adalah.<\/p>\n<blockquote><p>\u00ab&nbsp;Il ne faut pas exploiter les urgences de la sant\u00e9 publique pour accorder des pouvoirs additionnels aux services de s\u00e9curit\u00e9 du Shin Bet et \u00e0 la police isra\u00e9lienne.&nbsp;\u00bb<\/p><\/blockquote>\n<p>Jeudi, des centaines d&rsquo;Isra\u00e9liens ont protest\u00e9 contre les tentatives de Netanyahou d&rsquo;organiser une surveillance de masse et de d&rsquo;imposer un shotdown (arr\u00eat) \u00e0 la Cour.<\/p>\n<h3>Des kits inad\u00e9quats<\/h3>\n<p>Pendant ce temps, le <strong>Mossad<\/strong>, le c\u00e9l\u00e8bre service de renseignement isra\u00e9lien, s&rsquo;est arrang\u00e9 pour se procurer 100&nbsp;000 kits de test du coronavirus, mais aucun n&rsquo;\u00e9tait \u00e9quip\u00e9 du dispositif de pr\u00e9l\u00e8vement indispensable, a d\u00e9clar\u00e9 le minist\u00e8re isra\u00e9lien de la Sant\u00e9.<\/p>\n<p>On ne sait pas tr\u00e8s bien d&rsquo;o\u00f9 provenaient ces kits, mais le journaliste isra\u00e9lien Barak Ravid a d\u00e9clar\u00e9 qu&rsquo;on les avait achet\u00e9s <em>\u00ab&nbsp;aupr\u00e8s de deux pays qui n&rsquo;entretenaient pas de relations diplomatiques avec Isra\u00ebl&nbsp;\u00bb.<\/em><\/p>\n<blockquote class=\"twitter-tweet\" data-width=\"500\" data-dnt=\"true\">\n<p lang=\"en\" dir=\"ltr\">Amazing story: The Mossad intelligence service bought 100K Corona Virus tests from 2 countries that have no diplomatic relations with Israel. When the tests arrived in Israel tonight, ministry of health officials discovered it wasn&#39;t the right kind of tests. I kid you not<\/p>\n<p>&mdash; Barak Ravid (@BarakRavid) <a href=\"https:\/\/twitter.com\/BarakRavid\/status\/1240556969792090113?ref_src=twsrc%5Etfw\">March 19, 2020<\/a><\/p><\/blockquote>\n<p><script async src=\"https:\/\/platform.twitter.com\/widgets.js\" charset=\"utf-8\"><\/script><\/p>\n<h3>Pas de cas \u00e0 Gaza<\/h3>\n<p>On n&rsquo;a pas encore fait \u00e9tat d&rsquo;un seul cas de COVID-19 dans la bande de Gaza, mais les pr\u00e9paratifs sont en cours en cas de perc\u00e9e. Si le virus touche l&rsquo;enclave, son impact<em> \u00ab&nbsp;pourrait \u00eatre catastrophique&nbsp;\u00bb<\/em>, a d\u00e9clar\u00e9 <strong>Medical Aid for Palestinians.<\/strong><\/p>\n<blockquote class=\"twitter-tweet\" data-width=\"500\" data-dnt=\"true\">\n<p lang=\"en\" dir=\"ltr\">2 million Palestinians trapped by Israel in the Gaza ghetto are at great risk from coronavirus due to high population density, weakened health services and poverty.<\/p>\n<p>Global civil society must pressure Israel through <a href=\"https:\/\/twitter.com\/hashtag\/BDS?src=hash&amp;ref_src=twsrc%5Etfw\">#BDS<\/a> to respect Palestinian rights. <a href=\"https:\/\/t.co\/myelnKDTwp\">https:\/\/t.co\/myelnKDTwp<\/a><\/p>\n<p>&mdash; BDS movement (@BDSmovement) <a href=\"https:\/\/twitter.com\/BDSmovement\/status\/1240293337069953025?ref_src=twsrc%5Etfw\">March 18, 2020<\/a><\/p><\/blockquote>\n<p><script async src=\"https:\/\/platform.twitter.com\/widgets.js\" charset=\"utf-8\"><\/script><\/p>\n<p>Depuis 13 ans, Isra\u00ebl impose un si\u00e8ge mortel aux deux millions de Palestiniens \u2013 dont une moiti\u00e9 d&rsquo;enfants \u2013 vivant dans la bande de Gaza.<\/p>\n<p>Actuellement, Isra\u00ebl continue \u00e0 durcir plus encore les restrictions de passage au check-point d&rsquo;Erez, le seul passage que les gens peuvent emprunter entre Gaza et Isra\u00ebl. Les sorties de Gaza et les entr\u00e9es en Isra\u00ebl sont presque essentiellement limit\u00e9es aux cas m\u00e9dicaux.<\/p>\n<p>Certaines autres personnes ont \u00e9t\u00e9 d\u00e9sign\u00e9es comme pouvant toujours demander des permis de sortie aux autorit\u00e9s isra\u00e9liennes, a d\u00e9clar\u00e9 ce mercredi l&rsquo;association des droits humains, Gisha.<\/p>\n<p>Les passages par Erez avaient d\u00e9j\u00e0 \u00e9t\u00e9 limit\u00e9s plus t\u00f4t ce mois-ci pour la f\u00eate juive de Pourim, mais avaient encore \u00e9t\u00e9 restreints ensuite afin de combattre la pand\u00e9mie.<\/p>\n<p>Le passage par le carrefour de Rafah, le seul point d&rsquo;entr\u00e9e et de sortie reliant l&rsquo;immense majorit\u00e9 des r\u00e9sidents de Gaza et le monde ext\u00e9rieur, a lui aussi \u00e9t\u00e9 limit\u00e9 <em>\u00ab&nbsp;au retour des r\u00e9sidents vers la bande de Gaza et \u00e0 la sortie des cas humanitaires urgents&nbsp;\u00bb,<\/em> a encore d\u00e9clar\u00e9 Gisha.<\/p>\n<p>Le check-point de Kerem Shalom, le seul endroit par lequel Isra\u00ebl autorise le passage de marchandises en provenance ou \u00e0 destination de Gaza, est toujours op\u00e9rationnel.<\/p>\n<p>Depuis le 15 mars, toutes les personnes entrant \u00e0 Gaza sont plac\u00e9es en quarantaine dans trois \u00e9coles diff\u00e9rentes dans le sud, o\u00f9 les conditions sont tout sauf optimales, a annonc\u00e9 le Centre palestinien pour les Droits de l&rsquo;homme (PCHR).<\/p>\n<blockquote><p>\u00ab&nbsp;Chaque salle de classe est occup\u00e9e par un groupe de 10 personnes, sans lits ni couverures&nbsp;\u00bb,<\/p>\n<p>\u00ab&nbsp;Les toilettes et sanitaires sont utilis\u00e9s en commun, sans hygi\u00e8ne, sans mat\u00e9riel de nettoyage ou de d\u00e9sinfection&nbsp;; de plus, la fourniture d&rsquo;eau n&rsquo;est pas constante et les coupures durent plusieurs heures.&nbsp;\u00bb<\/p><\/blockquote>\n<p>Le PCHR a ajout\u00e9 que certaines des personnes en quarantaine n\u00e9cessitaient \u00e9galement une attention m\u00e9dicale.<\/p>\n<p><strong>Medical Aid for Palestinians<\/strong> offre gracieusement des kits hygi\u00e9niques \u2013 assez pour 800 \u2013 1200 individus \u2013 \u00e0 utiliser par les Palestiniens en quarantaine. On s&rsquo;attend \u00e0 ce qu&rsquo;il y ait des centaines de quarantaines en plus au cours des prochains jours, avec les retours par Rafah.<\/p>\n<blockquote class=\"twitter-tweet\" data-width=\"500\" data-dnt=\"true\">\n<p lang=\"en\" dir=\"ltr\">The impact of <a href=\"https:\/\/twitter.com\/hashtag\/COVID_19?src=hash&amp;ref_src=twsrc%5Etfw\">#COVID_19<\/a> on <a href=\"https:\/\/twitter.com\/hashtag\/Gaza?src=hash&amp;ref_src=twsrc%5Etfw\">#Gaza<\/a> could be catastrophic. MAP is releasing hygiene kits for Palestinians quarantined in Gaza. It&#39;s essential to prevent spread of the disease &amp; support hygiene measures during this critical time. Read more &amp; support our work: <a href=\"https:\/\/t.co\/ZSfq775y0C\">https:\/\/t.co\/ZSfq775y0C<\/a> <a href=\"https:\/\/t.co\/EI031J7ReB\">pic.twitter.com\/EI031J7ReB<\/a><\/p>\n<p>&mdash; Medical Aid for Palestinians (@MedicalAidPal) <a href=\"https:\/\/twitter.com\/MedicalAidPal\/status\/1240554624622440448?ref_src=twsrc%5Etfw\">March 19, 2020<\/a><\/p><\/blockquote>\n<p><script async src=\"https:\/\/platform.twitter.com\/widgets.js\" charset=\"utf-8\"><\/script><\/p>\n<p>Le <strong>COGAT<\/strong> (le bras bureaucratique de l&rsquo;occupation militaire isra\u00e9lienne) a fait savoir que, ces quelques derni\u00e8res semaines, il \u00e9tait en train de livrer des centaines de kits de tests \u00e0 la Cisjordanie occup\u00e9e et \u00e0 la bande de Gaza.<\/p>\n<blockquote class=\"twitter-tweet\" data-width=\"500\" data-dnt=\"true\">\n<p lang=\"en\" dir=\"ltr\">Yesterday, hundreds of <a href=\"https:\/\/twitter.com\/hashtag\/COVID19?src=hash&amp;ref_src=twsrc%5Etfw\">#COVID19<\/a> testing kits, along with hundreds of protective suits and masks for medical teams, were transferred to Gaza through the Erez Crossing in coordination with COGAT. The equipment was donated by <a href=\"https:\/\/twitter.com\/WHO?ref_src=twsrc%5Etfw\">@WHO<\/a> and the transfer done at their request. <a href=\"https:\/\/t.co\/zCwSDBOzi0\">pic.twitter.com\/zCwSDBOzi0<\/a><\/p>\n<p>&mdash; COGAT (@cogatonline) <a href=\"https:\/\/twitter.com\/cogatonline\/status\/1240579707168489472?ref_src=twsrc%5Etfw\">March 19, 2020<\/a><\/p><\/blockquote>\n<p><script async src=\"https:\/\/platform.twitter.com\/widgets.js\" charset=\"utf-8\"><\/script><\/p>\n<h3>Les travailleurs et les prisonniers palestininiens<\/h3>\n<p>Les Palestiniens qui travaillent dans les colonies isra\u00e9liennes, pendant ce temps, enfreignent les ordres de cesser le travail.<\/p>\n<p><em>\u00ab&nbsp;Nous avons le loyer, nous avons des d\u00e9penses, nous avons des tas d&rsquo;autres choses&nbsp;\u00bb<\/em>, a d\u00e9clar\u00e9 un ouvrier de la construction au quotidien isra\u00e9lien Haaretz.<\/p>\n<p>Isra\u00ebl renouvelle automatiquement les permis de r\u00e9sidence pour les Palestiniens de la Cisjordanie occup\u00e9e et de Gaza qui travaillent en Isra\u00ebl, mais il para\u00eet que ceux qui regagnent leurs foyers ne sont plus autoris\u00e9s \u00e0 revenir en Isra\u00ebl.<\/p>\n<p>Isra\u00ebl n\u00e9glige \u00e9galement de fournir aux d\u00e9tenus palestiniens de ses prisons le mat\u00e9riel hygi\u00e9nique ad\u00e9quat, affirme le Club des prisonniers palestiniens.<\/p>\n<p>Les autorit\u00e9s carc\u00e9rales isra\u00e9liennes ont supprim\u00e9 quelque 140 produits dans les cantines des prisons, y compris des produits de nettoyage et d&rsquo;hygi\u00e8ne.<\/p>\n<p>Parmi ces produits retir\u00e9s figurent \u00e9galement les l\u00e9gumes frais et congel\u00e9s, la viande, le poisson, l&rsquo;huile et les herbes que l&rsquo;on substitue souvent aux m\u00e9dicaments.<\/p>\n<blockquote><p>\u00ab&nbsp;L&rsquo;administration de la prison tente d&rsquo;exploiter les circonstances actuelles de propagation du coronavirus afin d&rsquo;imposer des mesures plus punitives encore aux prisonniers&nbsp;\u00bb,<\/p><\/blockquote>\n<p>a ajout\u00e9 le club des prisonniers.<\/p>\n<blockquote class=\"twitter-tweet\" data-width=\"500\" data-dnt=\"true\">\n<p lang=\"en\" dir=\"ltr\">THREAD: The ICRC has not received any notification of confirmed cases of COVID-19 among the Palestinian detainee population from the Israel Prison Service. <\/p>\n<p>If we were to receive such notification, our first action would be to inform the family of the person concerned. <a href=\"https:\/\/t.co\/E3abCI0jDv\">pic.twitter.com\/E3abCI0jDv<\/a><\/p>\n<p>&mdash; ICRC in Israel &amp; OT (@ICRC_ilot) <a href=\"https:\/\/twitter.com\/ICRC_ilot\/status\/1240651415934119936?ref_src=twsrc%5Etfw\">March 19, 2020<\/a><\/p><\/blockquote>\n<p><script async src=\"https:\/\/platform.twitter.com\/widgets.js\" charset=\"utf-8\"><\/script><\/p>\n<blockquote><p>\u00ab&nbsp;En ce moment, alors que le monde souffre de la pand\u00e9mie du COVID-19, les prisonniers palestiniens souffrent toujours de n\u00e9gligence m\u00e9dicale&nbsp;\u00bb,<\/p><\/blockquote>\n<p>a d\u00e9clar\u00e9 l&rsquo;association Addameer, qui s&rsquo;occupe des droits des prisonniers.<\/p>\n<p>\u00c0 la prison de <strong>Megiddo<\/strong>, dans le nord d&rsquo;Isra\u00ebl, il a \u00e9t\u00e9 rapport\u00e9 que quatre d\u00e9tenus palestiniens avaient \u00e9t\u00e9 enferm\u00e9s en isolement apr\u00e8s \u00eatre entr\u00e9s en contact avec un agent isra\u00e9lien infect\u00e9 par le virus.<\/p>\n<p>Isra\u00ebl a suspendu les visites familiales aupr\u00e8s des prisonniers palestiniens afin d&rsquo;infl\u00e9chir la propagation du virus, a annonc\u00e9 la Comit\u00e9 international de la Croix-Rouge (CICR).<\/p>\n<p>Human Rights Watch a recommand\u00e9 aux gouvernements de r\u00e9duire le plus possible leur population carc\u00e9rale, durant l&rsquo;\u00e9pid\u00e9mie, et ce, en proc\u00e9dant \u00e0 la lib\u00e9ration anticip\u00e9e des d\u00e9tenus<em> \u00ab&nbsp;\u00e0 faible risque&nbsp;\u00bb<\/em>.<\/p>\n<blockquote><p>\u00ab&nbsp;Les d\u00e9tenus pr\u00e9sentant des risques \u00e9lev\u00e9s de souffrir des graves effets du virus, comme les d\u00e9tenus plus \u00e2g\u00e9s et ceux \u00e0 la sant\u00e9 d\u00e9ficiente, devraient \u00e9galement \u00eatre pris en consid\u00e9ration pour ce genre de lib\u00e9ration, au cas o\u00f9 le centre de d\u00e9tention ne serait pas en mesure de prot\u00e9ger correctement leur sant\u00e9&nbsp;\u00bb,<\/p><\/blockquote>\n<p>a ajout\u00e9 Human Rights Watch.<\/p>\n<blockquote class=\"twitter-tweet\" data-width=\"500\" data-dnt=\"true\">\n<p lang=\"en\" dir=\"ltr\">4 Palestinians in Israeli detention put in isolation after contact w\/ Israeli officer that had <a href=\"https:\/\/twitter.com\/hashtag\/COVID19?src=hash&amp;ref_src=twsrc%5Etfw\">#COVID19<\/a>. Prisoners at high risk. Israel should consider release of detainees, ensure quality health care for all &amp; aggressively guard against spread, says <a href=\"https:\/\/twitter.com\/hrw?ref_src=twsrc%5Etfw\">@hrw<\/a> <a href=\"https:\/\/t.co\/7bqk8jo5SG\">https:\/\/t.co\/7bqk8jo5SG<\/a> <a href=\"https:\/\/t.co\/pWsnFVHKx0\">pic.twitter.com\/pWsnFVHKx0<\/a><\/p>\n<p>&mdash; Omar Shakir (@OmarSShakir) <a href=\"https:\/\/twitter.com\/OmarSShakir\/status\/1240588591945965569?ref_src=twsrc%5Etfw\">March 19, 2020<\/a><\/p><\/blockquote>\n<p><script async src=\"https:\/\/platform.twitter.com\/widgets.js\" charset=\"utf-8\"><\/script><\/p>\n<h3>Les enfants prisonniers<\/h3>\n<p>Defense for Children International \u2013 Palestine invite instamment Isra\u00ebl a l<a href=\"https:\/\/charleroi-pourlapalestine.be\/index.php\/2020\/03\/20\/israel-doit-liberer-tous-les-enfants-palestiniens-detenus-dans-ses-prisons\/\">ib\u00e9rer tous les enfants palestiniens d\u00e9tenus dans ses prisons, vu la pand\u00e9mie.<\/a><\/p>\n<blockquote><p>\u00ab&nbsp;Les enfants palestiniens emprisonn\u00e9s par les autorit\u00e9s isra\u00e9liennes vivent en proximit\u00e9 \u00e9troite les uns avec les autres, souvent dans des conditions sanitaires en dessous de tout, avec un acc\u00e8s limit\u00e9 aux ressources n\u00e9cessaires pour maintenir des habitudes hygi\u00e9niques minimales&nbsp;\u00bb,<\/p><\/blockquote>\n<p>a d\u00e9clar\u00e9 DCI-P.<\/p>\n<p>Il y a actuellement 5&nbsp;000 d\u00e9tenus palestiniens dans les prisons isra\u00e9liennes, dont 180 mineurs d&rsquo;\u00e2ge.<\/p>\n<hr>\n<p>Publi\u00e9 le 20 mars 2020 sur <a href=\"https:\/\/electronicintifada.net\/blogs\/tamara-nassar\/israeli-high-court-limits-surveillance-coronavirus-patients\" target=\"_blank\" rel=\"noopener noreferrer\">The Electronic Intifada<\/a> sous le titre :<br \/>\n<em>Israeli high court limits surveillance of coronavirus patients<br \/>\n<\/em>Traduction : Jean-Marie Fl\u00e9mal<em><br \/>\n<\/em><\/p>\n","protected":false},"excerpt":{"rendered":"<p>Le point sur le coronavirus en Palestine occup\u00e9e : la surveillance, les kits, Gaza, les travailleurs, les prisonniers, les enfants prisonniers<\/p>\n","protected":false},"author":1,"featured_media":0,"comment_status":"closed","ping_status":"closed","sticky":false,"template":"","format":"standard","meta":{"ngg_post_thumbnail":0,"footnotes":""},"categories":[7,412,6,107],"tags":[],"class_list":["post-9525","post","type-post","status-publish","format-standard","hentry","category-cisjordanie","category-coronavirus","category-gaza","category-services-secrets-israeliens"],"yoast_head":"<!-- This site is optimized with the Yoast SEO plugin v27.3 - https:\/\/yoast.com\/product\/yoast-seo-wordpress\/ -->\n<title>Le coronavirus en Palestine occup\u00e9e : le point sur la situation<\/title>\n<meta name=\"description\" content=\"Le point sur le coronavirus en Palestine occup\u00e9e : la surveillance, les kits, Gaza, les travailleurs, les prisonniers, les enfants prisonniers\" \/>\n<meta name=\"robots\" content=\"index, follow, max-snippet:-1, max-image-preview:large, max-video-preview:-1\" \/>\n<link rel=\"canonical\" href=\"https:\/\/charleroi-pourlapalestine.be\/index.php\/2020\/03\/21\/le-coronavirus-en-palestine-occupee-le-point-sur-la-situation\/\" \/>\n<script type=\"application\/ld+json\" class=\"yoast-schema-graph\">{\"@context\":\"https:\\\/\\\/schema.org\",\"@graph\":[{\"@type\":\"Article\",\"@id\":\"https:\\\/\\\/charleroi-pourlapalestine.be\\\/index.php\\\/2020\\\/03\\\/21\\\/le-coronavirus-en-palestine-occupee-le-point-sur-la-situation\\\/#article\",\"isPartOf\":{\"@id\":\"https:\\\/\\\/charleroi-pourlapalestine.be\\\/index.php\\\/2020\\\/03\\\/21\\\/le-coronavirus-en-palestine-occupee-le-point-sur-la-situation\\\/\"},\"author\":{\"name\":\"admin1873\",\"@id\":\"https:\\\/\\\/charleroi-pourlapalestine.be\\\/#\\\/schema\\\/person\\\/c19ff515112f1299d8c12671d8fe3faa\"},\"headline\":\"Le coronavirus en Palestine occup\u00e9e : le point sur la situation\",\"datePublished\":\"2020-03-21T16:20:56+00:00\",\"dateModified\":\"2020-03-21T16:30:00+00:00\",\"mainEntityOfPage\":{\"@id\":\"https:\\\/\\\/charleroi-pourlapalestine.be\\\/index.php\\\/2020\\\/03\\\/21\\\/le-coronavirus-en-palestine-occupee-le-point-sur-la-situation\\\/\"},\"wordCount\":1858,\"publisher\":{\"@id\":\"https:\\\/\\\/charleroi-pourlapalestine.be\\\/#organization\"},\"image\":{\"@id\":\"https:\\\/\\\/charleroi-pourlapalestine.be\\\/index.php\\\/2020\\\/03\\\/21\\\/le-coronavirus-en-palestine-occupee-le-point-sur-la-situation\\\/#primaryimage\"},\"thumbnailUrl\":\"https:\\\/\\\/charleroi-pourlapalestine.be\\\/wp-content\\\/uploads\\\/2020\\\/03\\\/coronavirus-gaza-west-bank1-Copy.jpg\",\"articleSection\":[\"Cisjordanie\",\"Coronavirus\",\"Gaza\",\"Services secrets\"],\"inLanguage\":\"fr-FR\"},{\"@type\":\"WebPage\",\"@id\":\"https:\\\/\\\/charleroi-pourlapalestine.be\\\/index.php\\\/2020\\\/03\\\/21\\\/le-coronavirus-en-palestine-occupee-le-point-sur-la-situation\\\/\",\"url\":\"https:\\\/\\\/charleroi-pourlapalestine.be\\\/index.php\\\/2020\\\/03\\\/21\\\/le-coronavirus-en-palestine-occupee-le-point-sur-la-situation\\\/\",\"name\":\"Le coronavirus en Palestine occup\u00e9e : le point sur la situation\",\"isPartOf\":{\"@id\":\"https:\\\/\\\/charleroi-pourlapalestine.be\\\/#website\"},\"primaryImageOfPage\":{\"@id\":\"https:\\\/\\\/charleroi-pourlapalestine.be\\\/index.php\\\/2020\\\/03\\\/21\\\/le-coronavirus-en-palestine-occupee-le-point-sur-la-situation\\\/#primaryimage\"},\"image\":{\"@id\":\"https:\\\/\\\/charleroi-pourlapalestine.be\\\/index.php\\\/2020\\\/03\\\/21\\\/le-coronavirus-en-palestine-occupee-le-point-sur-la-situation\\\/#primaryimage\"},\"thumbnailUrl\":\"https:\\\/\\\/charleroi-pourlapalestine.be\\\/wp-content\\\/uploads\\\/2020\\\/03\\\/coronavirus-gaza-west-bank1-Copy.jpg\",\"datePublished\":\"2020-03-21T16:20:56+00:00\",\"dateModified\":\"2020-03-21T16:30:00+00:00\",\"description\":\"Le point sur le coronavirus en Palestine occup\u00e9e : la surveillance, les kits, Gaza, les travailleurs, les prisonniers, les enfants prisonniers\",\"breadcrumb\":{\"@id\":\"https:\\\/\\\/charleroi-pourlapalestine.be\\\/index.php\\\/2020\\\/03\\\/21\\\/le-coronavirus-en-palestine-occupee-le-point-sur-la-situation\\\/#breadcrumb\"},\"inLanguage\":\"fr-FR\",\"potentialAction\":[{\"@type\":\"ReadAction\",\"target\":[\"https:\\\/\\\/charleroi-pourlapalestine.be\\\/index.php\\\/2020\\\/03\\\/21\\\/le-coronavirus-en-palestine-occupee-le-point-sur-la-situation\\\/\"]}]},{\"@type\":\"ImageObject\",\"inLanguage\":\"fr-FR\",\"@id\":\"https:\\\/\\\/charleroi-pourlapalestine.be\\\/index.php\\\/2020\\\/03\\\/21\\\/le-coronavirus-en-palestine-occupee-le-point-sur-la-situation\\\/#primaryimage\",\"url\":\"\",\"contentUrl\":\"\"},{\"@type\":\"BreadcrumbList\",\"@id\":\"https:\\\/\\\/charleroi-pourlapalestine.be\\\/index.php\\\/2020\\\/03\\\/21\\\/le-coronavirus-en-palestine-occupee-le-point-sur-la-situation\\\/#breadcrumb\",\"itemListElement\":[{\"@type\":\"ListItem\",\"position\":1,\"name\":\"Accueil\",\"item\":\"https:\\\/\\\/charleroi-pourlapalestine.be\\\/\"},{\"@type\":\"ListItem\",\"position\":2,\"name\":\"Le coronavirus en Palestine occup\u00e9e : le point sur la situation\"}]},{\"@type\":\"WebSite\",\"@id\":\"https:\\\/\\\/charleroi-pourlapalestine.be\\\/#website\",\"url\":\"https:\\\/\\\/charleroi-pourlapalestine.be\\\/\",\"name\":\"Charleroi Pour la Palestine\",\"description\":\"\",\"publisher\":{\"@id\":\"https:\\\/\\\/charleroi-pourlapalestine.be\\\/#organization\"},\"potentialAction\":[{\"@type\":\"SearchAction\",\"target\":{\"@type\":\"EntryPoint\",\"urlTemplate\":\"https:\\\/\\\/charleroi-pourlapalestine.be\\\/?s={search_term_string}\"},\"query-input\":{\"@type\":\"PropertyValueSpecification\",\"valueRequired\":true,\"valueName\":\"search_term_string\"}}],\"inLanguage\":\"fr-FR\"},{\"@type\":\"Organization\",\"@id\":\"https:\\\/\\\/charleroi-pourlapalestine.be\\\/#organization\",\"name\":\"Plate-forme Charleroi-Palestine\",\"url\":\"https:\\\/\\\/charleroi-pourlapalestine.be\\\/\",\"logo\":{\"@type\":\"ImageObject\",\"inLanguage\":\"fr-FR\",\"@id\":\"https:\\\/\\\/charleroi-pourlapalestine.be\\\/#\\\/schema\\\/logo\\\/image\\\/\",\"url\":\"https:\\\/\\\/charleroi-pourlapalestine.be\\\/wp-content\\\/uploads\\\/2020\\\/01\\\/logo-Copy.jpg\",\"contentUrl\":\"https:\\\/\\\/charleroi-pourlapalestine.be\\\/wp-content\\\/uploads\\\/2020\\\/01\\\/logo-Copy.jpg\",\"width\":180,\"height\":180,\"caption\":\"Plate-forme Charleroi-Palestine\"},\"image\":{\"@id\":\"https:\\\/\\\/charleroi-pourlapalestine.be\\\/#\\\/schema\\\/logo\\\/image\\\/\"},\"sameAs\":[\"https:\\\/\\\/www.facebook.com\\\/PlateformeCharleroiPalestine\\\/\",\"https:\\\/\\\/x.com\\\/LaCharleroi\"]},{\"@type\":\"Person\",\"@id\":\"https:\\\/\\\/charleroi-pourlapalestine.be\\\/#\\\/schema\\\/person\\\/c19ff515112f1299d8c12671d8fe3faa\",\"name\":\"admin1873\",\"url\":\"https:\\\/\\\/charleroi-pourlapalestine.be\\\/index.php\\\/author\\\/admin1873\\\/\"}]}<\/script>\n<!-- \/ Yoast SEO plugin. -->","yoast_head_json":{"title":"Le coronavirus en Palestine occup\u00e9e : le point sur la situation","description":"Le point sur le coronavirus en Palestine occup\u00e9e : la surveillance, les kits, Gaza, les travailleurs, les prisonniers, les enfants prisonniers","robots":{"index":"index","follow":"follow","max-snippet":"max-snippet:-1","max-image-preview":"max-image-preview:large","max-video-preview":"max-video-preview:-1"},"canonical":"https:\/\/charleroi-pourlapalestine.be\/index.php\/2020\/03\/21\/le-coronavirus-en-palestine-occupee-le-point-sur-la-situation\/","schema":{"@context":"https:\/\/schema.org","@graph":[{"@type":"Article","@id":"https:\/\/charleroi-pourlapalestine.be\/index.php\/2020\/03\/21\/le-coronavirus-en-palestine-occupee-le-point-sur-la-situation\/#article","isPartOf":{"@id":"https:\/\/charleroi-pourlapalestine.be\/index.php\/2020\/03\/21\/le-coronavirus-en-palestine-occupee-le-point-sur-la-situation\/"},"author":{"name":"admin1873","@id":"https:\/\/charleroi-pourlapalestine.be\/#\/schema\/person\/c19ff515112f1299d8c12671d8fe3faa"},"headline":"Le coronavirus en Palestine occup\u00e9e : le point sur la situation","datePublished":"2020-03-21T16:20:56+00:00","dateModified":"2020-03-21T16:30:00+00:00","mainEntityOfPage":{"@id":"https:\/\/charleroi-pourlapalestine.be\/index.php\/2020\/03\/21\/le-coronavirus-en-palestine-occupee-le-point-sur-la-situation\/"},"wordCount":1858,"publisher":{"@id":"https:\/\/charleroi-pourlapalestine.be\/#organization"},"image":{"@id":"https:\/\/charleroi-pourlapalestine.be\/index.php\/2020\/03\/21\/le-coronavirus-en-palestine-occupee-le-point-sur-la-situation\/#primaryimage"},"thumbnailUrl":"https:\/\/charleroi-pourlapalestine.be\/wp-content\/uploads\/2020\/03\/coronavirus-gaza-west-bank1-Copy.jpg","articleSection":["Cisjordanie","Coronavirus","Gaza","Services secrets"],"inLanguage":"fr-FR"},{"@type":"WebPage","@id":"https:\/\/charleroi-pourlapalestine.be\/index.php\/2020\/03\/21\/le-coronavirus-en-palestine-occupee-le-point-sur-la-situation\/","url":"https:\/\/charleroi-pourlapalestine.be\/index.php\/2020\/03\/21\/le-coronavirus-en-palestine-occupee-le-point-sur-la-situation\/","name":"Le coronavirus en Palestine occup\u00e9e : le point sur la situation","isPartOf":{"@id":"https:\/\/charleroi-pourlapalestine.be\/#website"},"primaryImageOfPage":{"@id":"https:\/\/charleroi-pourlapalestine.be\/index.php\/2020\/03\/21\/le-coronavirus-en-palestine-occupee-le-point-sur-la-situation\/#primaryimage"},"image":{"@id":"https:\/\/charleroi-pourlapalestine.be\/index.php\/2020\/03\/21\/le-coronavirus-en-palestine-occupee-le-point-sur-la-situation\/#primaryimage"},"thumbnailUrl":"https:\/\/charleroi-pourlapalestine.be\/wp-content\/uploads\/2020\/03\/coronavirus-gaza-west-bank1-Copy.jpg","datePublished":"2020-03-21T16:20:56+00:00","dateModified":"2020-03-21T16:30:00+00:00","description":"Le point sur le coronavirus en Palestine occup\u00e9e : la surveillance, les kits, Gaza, les travailleurs, les prisonniers, les enfants prisonniers","breadcrumb":{"@id":"https:\/\/charleroi-pourlapalestine.be\/index.php\/2020\/03\/21\/le-coronavirus-en-palestine-occupee-le-point-sur-la-situation\/#breadcrumb"},"inLanguage":"fr-FR","potentialAction":[{"@type":"ReadAction","target":["https:\/\/charleroi-pourlapalestine.be\/index.php\/2020\/03\/21\/le-coronavirus-en-palestine-occupee-le-point-sur-la-situation\/"]}]},{"@type":"ImageObject","inLanguage":"fr-FR","@id":"https:\/\/charleroi-pourlapalestine.be\/index.php\/2020\/03\/21\/le-coronavirus-en-palestine-occupee-le-point-sur-la-situation\/#primaryimage","url":"","contentUrl":""},{"@type":"BreadcrumbList","@id":"https:\/\/charleroi-pourlapalestine.be\/index.php\/2020\/03\/21\/le-coronavirus-en-palestine-occupee-le-point-sur-la-situation\/#breadcrumb","itemListElement":[{"@type":"ListItem","position":1,"name":"Accueil","item":"https:\/\/charleroi-pourlapalestine.be\/"},{"@type":"ListItem","position":2,"name":"Le coronavirus en Palestine occup\u00e9e : le point sur la situation"}]},{"@type":"WebSite","@id":"https:\/\/charleroi-pourlapalestine.be\/#website","url":"https:\/\/charleroi-pourlapalestine.be\/","name":"Charleroi Pour la Palestine","description":"","publisher":{"@id":"https:\/\/charleroi-pourlapalestine.be\/#organization"},"potentialAction":[{"@type":"SearchAction","target":{"@type":"EntryPoint","urlTemplate":"https:\/\/charleroi-pourlapalestine.be\/?s={search_term_string}"},"query-input":{"@type":"PropertyValueSpecification","valueRequired":true,"valueName":"search_term_string"}}],"inLanguage":"fr-FR"},{"@type":"Organization","@id":"https:\/\/charleroi-pourlapalestine.be\/#organization","name":"Plate-forme Charleroi-Palestine","url":"https:\/\/charleroi-pourlapalestine.be\/","logo":{"@type":"ImageObject","inLanguage":"fr-FR","@id":"https:\/\/charleroi-pourlapalestine.be\/#\/schema\/logo\/image\/","url":"https:\/\/charleroi-pourlapalestine.be\/wp-content\/uploads\/2020\/01\/logo-Copy.jpg","contentUrl":"https:\/\/charleroi-pourlapalestine.be\/wp-content\/uploads\/2020\/01\/logo-Copy.jpg","width":180,"height":180,"caption":"Plate-forme Charleroi-Palestine"},"image":{"@id":"https:\/\/charleroi-pourlapalestine.be\/#\/schema\/logo\/image\/"},"sameAs":["https:\/\/www.facebook.com\/PlateformeCharleroiPalestine\/","https:\/\/x.com\/LaCharleroi"]},{"@type":"Person","@id":"https:\/\/charleroi-pourlapalestine.be\/#\/schema\/person\/c19ff515112f1299d8c12671d8fe3faa","name":"admin1873","url":"https:\/\/charleroi-pourlapalestine.be\/index.php\/author\/admin1873\/"}]}},"_links":{"self":[{"href":"https:\/\/charleroi-pourlapalestine.be\/index.php\/wp-json\/wp\/v2\/posts\/9525","targetHints":{"allow":["GET"]}}],"collection":[{"href":"https:\/\/charleroi-pourlapalestine.be\/index.php\/wp-json\/wp\/v2\/posts"}],"about":[{"href":"https:\/\/charleroi-pourlapalestine.be\/index.php\/wp-json\/wp\/v2\/types\/post"}],"author":[{"embeddable":true,"href":"https:\/\/charleroi-pourlapalestine.be\/index.php\/wp-json\/wp\/v2\/users\/1"}],"replies":[{"embeddable":true,"href":"https:\/\/charleroi-pourlapalestine.be\/index.php\/wp-json\/wp\/v2\/comments?post=9525"}],"version-history":[{"count":0,"href":"https:\/\/charleroi-pourlapalestine.be\/index.php\/wp-json\/wp\/v2\/posts\/9525\/revisions"}],"wp:attachment":[{"href":"https:\/\/charleroi-pourlapalestine.be\/index.php\/wp-json\/wp\/v2\/media?parent=9525"}],"wp:term":[{"taxonomy":"category","embeddable":true,"href":"https:\/\/charleroi-pourlapalestine.be\/index.php\/wp-json\/wp\/v2\/categories?post=9525"},{"taxonomy":"post_tag","embeddable":true,"href":"https:\/\/charleroi-pourlapalestine.be\/index.php\/wp-json\/wp\/v2\/tags?post=9525"}],"curies":[{"name":"wp","href":"https:\/\/api.w.org\/{rel}","templated":true}]}}