{"id":9639,"date":"2020-03-23T10:50:16","date_gmt":"2020-03-23T09:50:16","guid":{"rendered":"https:\/\/charleroi-pourlapalestine.be\/?p=9639"},"modified":"2020-03-23T10:57:23","modified_gmt":"2020-03-23T09:57:23","slug":"appel-video-du-dr-muhanna-de-lunion-des-comites-de-sante-a-gaza","status":"publish","type":"post","link":"https:\/\/charleroi-pourlapalestine.be\/index.php\/2020\/03\/23\/appel-video-du-dr-muhanna-de-lunion-des-comites-de-sante-a-gaza\/","title":{"rendered":"Appel (vid\u00e9o) du Dr Muhanna de l&rsquo;Union des comit\u00e9s de sant\u00e9 \u00e0 Gaza"},"content":{"rendered":"<p>&nbsp;<\/p>\n<p>Dimanche 22 mars, Dr <strong>Ahmad Muhanna<\/strong>, pr\u00e9sident de l\u2019<strong>UHWC (Union of Health Work Committees)<\/strong>, nous a adress\u00e9 un message vid\u00e9o qui fait le point sur la situation sanitaire \u00e0 Gaza sous blocus face \u00e0 l\u2019\u00e9pid\u00e9mie de COVID-19.<\/p>\n<div class=\"video-container\"><iframe loading=\"lazy\" title=\"Les travailleurs de la sant\u00e9 de Gaza appellent \u00e0 la mobilisation face au COVID-19\" width=\"500\" height=\"281\" src=\"https:\/\/www.youtube.com\/embed\/M-qdyKdDx9g?feature=oembed&#038;wmode=opaque\" frameborder=\"0\" allow=\"accelerometer; autoplay; clipboard-write; encrypted-media; gyroscope; picture-in-picture; web-share\" referrerpolicy=\"strict-origin-when-cross-origin\" allowfullscreen><\/iframe><\/div>\n<blockquote><p>\nJe suis le Dr Ahmad Muhanna, le pr\u00e9sident de l\u2019<strong>UHWC<\/strong>, l\u2019<em>Union of Health Work Committees<\/em>. Il s\u2019agit d\u2019une organisation non gouvernementale de sant\u00e9 \u00e0 Gaza, qui comprend six centres de sant\u00e9 primaires et l\u2019h\u00f4pital <strong>Al-Awda<\/strong>.<\/p>\n<p>Au sein de l\u2019Union des comit\u00e9s de sant\u00e9, nous avons effectivement mis un plan d\u2019urgence, un plan s\u00e9rieux, dans nos centres et \u00e0 l\u2019h\u00f4pital, mais avec le blocus, qui dure depuis plus de 14 ans, le syst\u00e8me de sant\u00e9 en g\u00e9n\u00e9ral souffre d\u2019une grave p\u00e9nurie de m\u00e9dicaments, de produits jetables et de compl\u00e9ments alimentaires.<\/p>\n<p>Nous avons donc besoin de soutien dans certains domaines, comme la formation de notre personnel \u00e0 l\u2019h\u00f4pital, car il est tr\u00e8s important de diffuser l\u2019\u00e9ducation \u00e0 la sant\u00e9 de notre population pour prot\u00e9ger notre population contre cette pand\u00e9mie et ce virus.<\/p>\n<p>Deuxi\u00e8mement, nous avons besoin de mat\u00e9riel, comme des masques N95, des draps de protection, des compl\u00e9ments alimentaires, des m\u00e9dicaments et des vitamines, et il est \u00e9galement tr\u00e8s important de commencer par des programmes d\u2019\u00e9ducation \u00e0 travers nos cliniques et nos centres dans tout le centre de Gaza.<\/p>\n<p>En fait, nous avons besoin d\u2019appareils qui sont utilis\u00e9s pour la st\u00e9rilisation des installations de l\u2019Union.<\/p>\n<p>Nous avons un besoin urgent de soutien sur ces points pour commencer l\u2019application de notre plan d\u2019urgence et agir dans un court d\u00e9lai car <a href=\"https:\/\/palestinevaincra.com\/2020\/03\/les-autorites-de-gaza-confirment-deux-premiers-cas-de-covid-19\/\" target=\"_blank\" rel=\"noopener noreferrer\">le minist\u00e8re de la Sant\u00e9 a annonc\u00e9 hier, comme vous le savez, deux cas confirm\u00e9s<\/a>, et peut-\u00eatre que le nombre augmentera de jour en jour, donc nous devons \u00eatre pr\u00eats \u00e0 r\u00e9duire le nombre et \u00e0 lutter contre cette pand\u00e9mie.<\/p>\n<p>De notre avis en tant qu\u2019organisation sanitaire, nous devons \u00eatre pr\u00eats au pire.<\/p><\/blockquote>\n<hr>\n<p>Publi\u00e9 le 22 mars 2020 sur <a href=\"https:\/\/palestinevaincra.com\/2020\/03\/les-travailleurs-de-la-sante-de-gaza-appellent-a-la-mobilisation-face-a-lepidemie-de-covid-19\/\" target=\"_blank\" rel=\"noopener noreferrer\">Palestine Vaincra<\/a><\/p>\n<p><a href=\"https:\/\/charleroi-pourlapalestine.be\/index.php\/category\/sante\/coronavirus\/\" target=\"_blank\" rel=\"noopener noreferrer\">Trouvez ici tous les articles concernant le coronavirus en Palestine occup\u00e9e, publi\u00e9s sur ce site<\/a><\/p>\n","protected":false},"excerpt":{"rendered":"<p>Dr Muhanna : Nous avons un besoin urgent de soutien pour commencer l\u2019application de notre plan d\u2019urgence et agir dans un court d\u00e9lai<\/p>\n","protected":false},"author":1,"featured_media":0,"comment_status":"closed","ping_status":"closed","sticky":false,"template":"","format":"standard","meta":{"ngg_post_thumbnail":0,"footnotes":""},"categories":[412,6,47,112],"tags":[],"class_list":["post-9639","post","type-post","status-publish","format-standard","hentry","category-coronavirus","category-gaza","category-loccupation-militaire","category-video"],"yoast_head":"<!-- This site is optimized with the Yoast SEO plugin v27.3 - https:\/\/yoast.com\/product\/yoast-seo-wordpress\/ -->\n<title>Appel (vid\u00e9o) du Dr Muhanna de l&#039;Union des comit\u00e9s de sant\u00e9 \u00e0 Gaza<\/title>\n<meta name=\"description\" content=\"Dr Muhanna : Nous avons un besoin urgent de soutien pour commencer l\u2019application de notre plan d\u2019urgence et agir dans un court d\u00e9lai\" \/>\n<meta name=\"robots\" content=\"index, follow, max-snippet:-1, max-image-preview:large, max-video-preview:-1\" \/>\n<link rel=\"canonical\" href=\"https:\/\/charleroi-pourlapalestine.be\/index.php\/2020\/03\/23\/appel-video-du-dr-muhanna-de-lunion-des-comites-de-sante-a-gaza\/\" \/>\n<script type=\"application\/ld+json\" class=\"yoast-schema-graph\">{\"@context\":\"https:\\\/\\\/schema.org\",\"@graph\":[{\"@type\":\"Article\",\"@id\":\"https:\\\/\\\/charleroi-pourlapalestine.be\\\/index.php\\\/2020\\\/03\\\/23\\\/appel-video-du-dr-muhanna-de-lunion-des-comites-de-sante-a-gaza\\\/#article\",\"isPartOf\":{\"@id\":\"https:\\\/\\\/charleroi-pourlapalestine.be\\\/index.php\\\/2020\\\/03\\\/23\\\/appel-video-du-dr-muhanna-de-lunion-des-comites-de-sante-a-gaza\\\/\"},\"author\":{\"name\":\"admin1873\",\"@id\":\"https:\\\/\\\/charleroi-pourlapalestine.be\\\/#\\\/schema\\\/person\\\/c19ff515112f1299d8c12671d8fe3faa\"},\"headline\":\"Appel (vid\u00e9o) du Dr Muhanna de l&rsquo;Union des comit\u00e9s de sant\u00e9 \u00e0 Gaza\",\"datePublished\":\"2020-03-23T09:50:16+00:00\",\"dateModified\":\"2020-03-23T09:57:23+00:00\",\"mainEntityOfPage\":{\"@id\":\"https:\\\/\\\/charleroi-pourlapalestine.be\\\/index.php\\\/2020\\\/03\\\/23\\\/appel-video-du-dr-muhanna-de-lunion-des-comites-de-sante-a-gaza\\\/\"},\"wordCount\":392,\"publisher\":{\"@id\":\"https:\\\/\\\/charleroi-pourlapalestine.be\\\/#organization\"},\"articleSection\":[\"Coronavirus\",\"Gaza\",\"Occupation\",\"Vid\u00e9os\"],\"inLanguage\":\"fr-FR\"},{\"@type\":\"WebPage\",\"@id\":\"https:\\\/\\\/charleroi-pourlapalestine.be\\\/index.php\\\/2020\\\/03\\\/23\\\/appel-video-du-dr-muhanna-de-lunion-des-comites-de-sante-a-gaza\\\/\",\"url\":\"https:\\\/\\\/charleroi-pourlapalestine.be\\\/index.php\\\/2020\\\/03\\\/23\\\/appel-video-du-dr-muhanna-de-lunion-des-comites-de-sante-a-gaza\\\/\",\"name\":\"Appel (vid\u00e9o) du Dr Muhanna de l'Union des comit\u00e9s de sant\u00e9 \u00e0 Gaza\",\"isPartOf\":{\"@id\":\"https:\\\/\\\/charleroi-pourlapalestine.be\\\/#website\"},\"datePublished\":\"2020-03-23T09:50:16+00:00\",\"dateModified\":\"2020-03-23T09:57:23+00:00\",\"description\":\"Dr Muhanna : Nous avons un besoin urgent de soutien pour commencer l\u2019application de notre plan d\u2019urgence et agir dans un court d\u00e9lai\",\"breadcrumb\":{\"@id\":\"https:\\\/\\\/charleroi-pourlapalestine.be\\\/index.php\\\/2020\\\/03\\\/23\\\/appel-video-du-dr-muhanna-de-lunion-des-comites-de-sante-a-gaza\\\/#breadcrumb\"},\"inLanguage\":\"fr-FR\",\"potentialAction\":[{\"@type\":\"ReadAction\",\"target\":[\"https:\\\/\\\/charleroi-pourlapalestine.be\\\/index.php\\\/2020\\\/03\\\/23\\\/appel-video-du-dr-muhanna-de-lunion-des-comites-de-sante-a-gaza\\\/\"]}]},{\"@type\":\"BreadcrumbList\",\"@id\":\"https:\\\/\\\/charleroi-pourlapalestine.be\\\/index.php\\\/2020\\\/03\\\/23\\\/appel-video-du-dr-muhanna-de-lunion-des-comites-de-sante-a-gaza\\\/#breadcrumb\",\"itemListElement\":[{\"@type\":\"ListItem\",\"position\":1,\"name\":\"Accueil\",\"item\":\"https:\\\/\\\/charleroi-pourlapalestine.be\\\/\"},{\"@type\":\"ListItem\",\"position\":2,\"name\":\"Appel (vid\u00e9o) du Dr Muhanna de l&#8217;Union des comit\u00e9s de sant\u00e9 \u00e0 Gaza\"}]},{\"@type\":\"WebSite\",\"@id\":\"https:\\\/\\\/charleroi-pourlapalestine.be\\\/#website\",\"url\":\"https:\\\/\\\/charleroi-pourlapalestine.be\\\/\",\"name\":\"Charleroi Pour la Palestine\",\"description\":\"\",\"publisher\":{\"@id\":\"https:\\\/\\\/charleroi-pourlapalestine.be\\\/#organization\"},\"potentialAction\":[{\"@type\":\"SearchAction\",\"target\":{\"@type\":\"EntryPoint\",\"urlTemplate\":\"https:\\\/\\\/charleroi-pourlapalestine.be\\\/?s={search_term_string}\"},\"query-input\":{\"@type\":\"PropertyValueSpecification\",\"valueRequired\":true,\"valueName\":\"search_term_string\"}}],\"inLanguage\":\"fr-FR\"},{\"@type\":\"Organization\",\"@id\":\"https:\\\/\\\/charleroi-pourlapalestine.be\\\/#organization\",\"name\":\"Plate-forme Charleroi-Palestine\",\"url\":\"https:\\\/\\\/charleroi-pourlapalestine.be\\\/\",\"logo\":{\"@type\":\"ImageObject\",\"inLanguage\":\"fr-FR\",\"@id\":\"https:\\\/\\\/charleroi-pourlapalestine.be\\\/#\\\/schema\\\/logo\\\/image\\\/\",\"url\":\"https:\\\/\\\/charleroi-pourlapalestine.be\\\/wp-content\\\/uploads\\\/2020\\\/01\\\/logo-Copy.jpg\",\"contentUrl\":\"https:\\\/\\\/charleroi-pourlapalestine.be\\\/wp-content\\\/uploads\\\/2020\\\/01\\\/logo-Copy.jpg\",\"width\":180,\"height\":180,\"caption\":\"Plate-forme Charleroi-Palestine\"},\"image\":{\"@id\":\"https:\\\/\\\/charleroi-pourlapalestine.be\\\/#\\\/schema\\\/logo\\\/image\\\/\"},\"sameAs\":[\"https:\\\/\\\/www.facebook.com\\\/PlateformeCharleroiPalestine\\\/\",\"https:\\\/\\\/x.com\\\/LaCharleroi\"]},{\"@type\":\"Person\",\"@id\":\"https:\\\/\\\/charleroi-pourlapalestine.be\\\/#\\\/schema\\\/person\\\/c19ff515112f1299d8c12671d8fe3faa\",\"name\":\"admin1873\",\"url\":\"https:\\\/\\\/charleroi-pourlapalestine.be\\\/index.php\\\/author\\\/admin1873\\\/\"}]}<\/script>\n<!-- \/ Yoast SEO plugin. -->","yoast_head_json":{"title":"Appel (vid\u00e9o) du Dr Muhanna de l'Union des comit\u00e9s de sant\u00e9 \u00e0 Gaza","description":"Dr Muhanna : Nous avons un besoin urgent de soutien pour commencer l\u2019application de notre plan d\u2019urgence et agir dans un court d\u00e9lai","robots":{"index":"index","follow":"follow","max-snippet":"max-snippet:-1","max-image-preview":"max-image-preview:large","max-video-preview":"max-video-preview:-1"},"canonical":"https:\/\/charleroi-pourlapalestine.be\/index.php\/2020\/03\/23\/appel-video-du-dr-muhanna-de-lunion-des-comites-de-sante-a-gaza\/","schema":{"@context":"https:\/\/schema.org","@graph":[{"@type":"Article","@id":"https:\/\/charleroi-pourlapalestine.be\/index.php\/2020\/03\/23\/appel-video-du-dr-muhanna-de-lunion-des-comites-de-sante-a-gaza\/#article","isPartOf":{"@id":"https:\/\/charleroi-pourlapalestine.be\/index.php\/2020\/03\/23\/appel-video-du-dr-muhanna-de-lunion-des-comites-de-sante-a-gaza\/"},"author":{"name":"admin1873","@id":"https:\/\/charleroi-pourlapalestine.be\/#\/schema\/person\/c19ff515112f1299d8c12671d8fe3faa"},"headline":"Appel (vid\u00e9o) du Dr Muhanna de l&rsquo;Union des comit\u00e9s de sant\u00e9 \u00e0 Gaza","datePublished":"2020-03-23T09:50:16+00:00","dateModified":"2020-03-23T09:57:23+00:00","mainEntityOfPage":{"@id":"https:\/\/charleroi-pourlapalestine.be\/index.php\/2020\/03\/23\/appel-video-du-dr-muhanna-de-lunion-des-comites-de-sante-a-gaza\/"},"wordCount":392,"publisher":{"@id":"https:\/\/charleroi-pourlapalestine.be\/#organization"},"articleSection":["Coronavirus","Gaza","Occupation","Vid\u00e9os"],"inLanguage":"fr-FR"},{"@type":"WebPage","@id":"https:\/\/charleroi-pourlapalestine.be\/index.php\/2020\/03\/23\/appel-video-du-dr-muhanna-de-lunion-des-comites-de-sante-a-gaza\/","url":"https:\/\/charleroi-pourlapalestine.be\/index.php\/2020\/03\/23\/appel-video-du-dr-muhanna-de-lunion-des-comites-de-sante-a-gaza\/","name":"Appel (vid\u00e9o) du Dr Muhanna de l'Union des comit\u00e9s de sant\u00e9 \u00e0 Gaza","isPartOf":{"@id":"https:\/\/charleroi-pourlapalestine.be\/#website"},"datePublished":"2020-03-23T09:50:16+00:00","dateModified":"2020-03-23T09:57:23+00:00","description":"Dr Muhanna : Nous avons un besoin urgent de soutien pour commencer l\u2019application de notre plan d\u2019urgence et agir dans un court d\u00e9lai","breadcrumb":{"@id":"https:\/\/charleroi-pourlapalestine.be\/index.php\/2020\/03\/23\/appel-video-du-dr-muhanna-de-lunion-des-comites-de-sante-a-gaza\/#breadcrumb"},"inLanguage":"fr-FR","potentialAction":[{"@type":"ReadAction","target":["https:\/\/charleroi-pourlapalestine.be\/index.php\/2020\/03\/23\/appel-video-du-dr-muhanna-de-lunion-des-comites-de-sante-a-gaza\/"]}]},{"@type":"BreadcrumbList","@id":"https:\/\/charleroi-pourlapalestine.be\/index.php\/2020\/03\/23\/appel-video-du-dr-muhanna-de-lunion-des-comites-de-sante-a-gaza\/#breadcrumb","itemListElement":[{"@type":"ListItem","position":1,"name":"Accueil","item":"https:\/\/charleroi-pourlapalestine.be\/"},{"@type":"ListItem","position":2,"name":"Appel (vid\u00e9o) du Dr Muhanna de l&#8217;Union des comit\u00e9s de sant\u00e9 \u00e0 Gaza"}]},{"@type":"WebSite","@id":"https:\/\/charleroi-pourlapalestine.be\/#website","url":"https:\/\/charleroi-pourlapalestine.be\/","name":"Charleroi Pour la Palestine","description":"","publisher":{"@id":"https:\/\/charleroi-pourlapalestine.be\/#organization"},"potentialAction":[{"@type":"SearchAction","target":{"@type":"EntryPoint","urlTemplate":"https:\/\/charleroi-pourlapalestine.be\/?s={search_term_string}"},"query-input":{"@type":"PropertyValueSpecification","valueRequired":true,"valueName":"search_term_string"}}],"inLanguage":"fr-FR"},{"@type":"Organization","@id":"https:\/\/charleroi-pourlapalestine.be\/#organization","name":"Plate-forme Charleroi-Palestine","url":"https:\/\/charleroi-pourlapalestine.be\/","logo":{"@type":"ImageObject","inLanguage":"fr-FR","@id":"https:\/\/charleroi-pourlapalestine.be\/#\/schema\/logo\/image\/","url":"https:\/\/charleroi-pourlapalestine.be\/wp-content\/uploads\/2020\/01\/logo-Copy.jpg","contentUrl":"https:\/\/charleroi-pourlapalestine.be\/wp-content\/uploads\/2020\/01\/logo-Copy.jpg","width":180,"height":180,"caption":"Plate-forme Charleroi-Palestine"},"image":{"@id":"https:\/\/charleroi-pourlapalestine.be\/#\/schema\/logo\/image\/"},"sameAs":["https:\/\/www.facebook.com\/PlateformeCharleroiPalestine\/","https:\/\/x.com\/LaCharleroi"]},{"@type":"Person","@id":"https:\/\/charleroi-pourlapalestine.be\/#\/schema\/person\/c19ff515112f1299d8c12671d8fe3faa","name":"admin1873","url":"https:\/\/charleroi-pourlapalestine.be\/index.php\/author\/admin1873\/"}]}},"_links":{"self":[{"href":"https:\/\/charleroi-pourlapalestine.be\/index.php\/wp-json\/wp\/v2\/posts\/9639","targetHints":{"allow":["GET"]}}],"collection":[{"href":"https:\/\/charleroi-pourlapalestine.be\/index.php\/wp-json\/wp\/v2\/posts"}],"about":[{"href":"https:\/\/charleroi-pourlapalestine.be\/index.php\/wp-json\/wp\/v2\/types\/post"}],"author":[{"embeddable":true,"href":"https:\/\/charleroi-pourlapalestine.be\/index.php\/wp-json\/wp\/v2\/users\/1"}],"replies":[{"embeddable":true,"href":"https:\/\/charleroi-pourlapalestine.be\/index.php\/wp-json\/wp\/v2\/comments?post=9639"}],"version-history":[{"count":0,"href":"https:\/\/charleroi-pourlapalestine.be\/index.php\/wp-json\/wp\/v2\/posts\/9639\/revisions"}],"wp:attachment":[{"href":"https:\/\/charleroi-pourlapalestine.be\/index.php\/wp-json\/wp\/v2\/media?parent=9639"}],"wp:term":[{"taxonomy":"category","embeddable":true,"href":"https:\/\/charleroi-pourlapalestine.be\/index.php\/wp-json\/wp\/v2\/categories?post=9639"},{"taxonomy":"post_tag","embeddable":true,"href":"https:\/\/charleroi-pourlapalestine.be\/index.php\/wp-json\/wp\/v2\/tags?post=9639"}],"curies":[{"name":"wp","href":"https:\/\/api.w.org\/{rel}","templated":true}]}}