{"id":9723,"date":"2020-03-24T21:36:46","date_gmt":"2020-03-24T20:36:46","guid":{"rendered":"https:\/\/charleroi-pourlapalestine.be\/?p=9723"},"modified":"2020-03-28T15:02:53","modified_gmt":"2020-03-28T14:02:53","slug":"appels-du-conseil-palestinien-des-organisations-des-droits-de-lhomme","status":"publish","type":"post","link":"https:\/\/charleroi-pourlapalestine.be\/index.php\/2020\/03\/24\/appels-du-conseil-palestinien-des-organisations-des-droits-de-lhomme\/","title":{"rendered":"Appels du Conseil palestinien des organisations des droits de l&rsquo;homme"},"content":{"rendered":"<p lang=\"fr-BE\"><img loading=\"lazy\" decoding=\"async\" class=\"size-medium wp-image-9731 aligncenter\" src=\"https:\/\/charleroi-pourlapalestine.be\/wp-content\/uploads\/2020\/03\/PHROC-Copy-300x200.jpg\" alt=\"\" width=\"300\" height=\"200\"><\/p>\n<p lang=\"fr-BE\"><strong>Communiqu\u00e9 de presse<\/strong><\/p>\n<blockquote>\n<p lang=\"fr-BE\">Aujourd&rsquo;hui, 23 mars 2020, le <strong>Conseil palestinien des organisations des droits de l&rsquo;homme (CPODH)<\/strong> a envoy\u00e9 deux lettres, l&rsquo;une au Comit\u00e9 international de la Croix-Rouge et l&rsquo;autre \u00e0 la communaut\u00e9 diplomatique en Palestine.<\/p>\n<p lang=\"fr-BE\">Les lettres sont des appels urgents \u00e0 propos de la rapidit\u00e9 \u00e0 laquelle se d\u00e9t\u00e9riorent les conditions des prisonniers et d\u00e9tenus palestiniens dans les prisons isra\u00e9liennes suite \u00e0 la propagation continuelle de la nouvelle maladie du coronavirus (COVID-19).<\/p>\n<p lang=\"fr-BE\">Les organisations palestiniennes des droits de l&rsquo;homme ont requis d&rsquo;urgence leur intervention afin d&rsquo;activer la communication n\u00e9cessaire en vue de <strong>garantir la sant\u00e9 et la s\u00e9curit\u00e9 des prisonniers palestiniens actuellement en captivit\u00e9<\/strong>, particuli\u00e8rement du fait que nombre d&rsquo;entre eux sont des mineurs, des gens atteints de maladies chroniques et des gens g\u00e9n\u00e9ralement vuln\u00e9rables, ou encore des personnes en d\u00e9tention administrative, ce qui constitue une infraction aux lois internationales.<\/p>\n<p lang=\"fr-BE\">La semaine derni\u00e8re, l&rsquo;association <strong>Addameer<\/strong> a \u00e9t\u00e9 inform\u00e9e qu&rsquo;un d\u00e9tenu palestinien sous interrogatoire pourrait avoir \u00e9t\u00e9 expos\u00e9 au COVID-19 transmis lors d&rsquo;un contact avec un interrogateur de l&rsquo;Agence isra\u00e9lienne de s\u00e9curit\u00e9, lui-m\u00eame test\u00e9 positif au coronavirus.<\/p>\n<p lang=\"fr-BE\">Le d\u00e9tenu et plusieurs autres ont \u00e9t\u00e9 d\u00e9sormais plac\u00e9s en quarantaine, mais leurs conditions actuelles nous sont toujours inconnues.<\/p>\n<p lang=\"fr-BE\">Notre inqui\u00e9tude croissante \u00e0 propos des prisonniers et d\u00e9tenus palestiniens au cours de l&rsquo;actuelle pand\u00e9mie de COVID-19 \u00e9mane entre autres de la n\u00e9gligence m\u00e9dicale syst\u00e9matique et routini\u00e8re qui r\u00e8gne \u00e0 l&rsquo;int\u00e9rieur des centres isra\u00e9liens de d\u00e9tention et d&rsquo;interrogatoire.<\/p>\n<p lang=\"fr-BE\">En 2019, cinq d\u00e9tenus palestiniens en tout sont morts, dont trois suite \u00e0 des n\u00e9gligences m\u00e9dicales d\u00e9lib\u00e9r\u00e9es, et, dans le m\u00eame temps, des centaines d&rsquo;autres souffrent de maladies chroniques qui restent sans traitement.<\/p>\n<p lang=\"fr-BE\">De plus, les conditions des plus p\u00e9nibles, y compris le surpeuplement, les conditions sanitaires et la nutrition d\u00e9ficientes, font des prisons des terrains dangereusement propices \u00e0 la propagation du COVID-19. &nbsp;<\/p>\n<p lang=\"fr-BE\">La principale requ\u00eate de ces lettres visait \u00e0 assurer la s\u00e9curit\u00e9 des d\u00e9tenus et prisonniers palestiniens.<\/p>\n<p lang=\"fr-BE\">Les lettres comprenaient \u00e9galement un appel en vue de r\u00e9clamer leur lib\u00e9ration afin de les prot\u00e9ger des progr\u00e8s rapides de la pand\u00e9mie, surtout parmi les plus susceptibles d&rsquo;\u00eatre malades, c&rsquo;est-\u00e0-dire les enfants, les personnes plus \u00e2g\u00e9es, les malades et les bless\u00e9s.<\/p>\n<\/blockquote>\n<hr>\n<p lang=\"fr-BE\">Publi\u00e9 le 23 mars 2020 sur <a href=\"http:\/\/www.mezan.org\/en\/post\/23689\" target=\"_blank\" rel=\"noopener noreferrer\">Al Mezan Center for Human Rights<\/a><br \/>\nTraduction : Jean-Marie Fl\u00e9mal<\/p>\n<p lang=\"fr-BE\"><a href=\"https:\/\/charleroi-pourlapalestine.be\/index.php\/category\/sante\/coronavirus\/\" target=\"_blank\" rel=\"noopener noreferrer\">Trouvez ici&nbsp; d&rsquo;autres articles concernant le coronavirus en Palestine occup\u00e9e, publi\u00e9s sur ce site<\/a><\/p>\n","protected":false},"excerpt":{"rendered":"<p>Les organisations palestiniennes des droits de l&rsquo;homme ont lanc\u00e9 des appels urgents en vue de garantir la sant\u00e9 et la s\u00e9curit\u00e9 des prisonniers palestiniens <\/p>\n","protected":false},"author":1,"featured_media":0,"comment_status":"closed","ping_status":"closed","sticky":false,"template":"","format":"standard","meta":{"ngg_post_thumbnail":0,"footnotes":""},"categories":[412,47,13],"tags":[],"class_list":["post-9723","post","type-post","status-publish","format-standard","hentry","category-coronavirus","category-loccupation-militaire","category-les-prisionners-palestiniens"],"yoast_head":"<!-- This site is optimized with the Yoast SEO plugin v27.3 - https:\/\/yoast.com\/product\/yoast-seo-wordpress\/ -->\n<title>Appels du Conseil des organisations palestiniens des droits de l&#039;homme<\/title>\n<meta name=\"description\" content=\"Les organisations palestiniennes des droits de l&#039;homme ont lanc\u00e9 des appels urgents en vue de garantir la sant\u00e9 et la s\u00e9curit\u00e9 des prisonniers palestiniens\" \/>\n<meta name=\"robots\" content=\"index, follow, max-snippet:-1, max-image-preview:large, max-video-preview:-1\" \/>\n<link rel=\"canonical\" href=\"https:\/\/charleroi-pourlapalestine.be\/index.php\/2020\/03\/24\/appels-du-conseil-palestinien-des-organisations-des-droits-de-lhomme\/\" \/>\n<script type=\"application\/ld+json\" class=\"yoast-schema-graph\">{\"@context\":\"https:\\\/\\\/schema.org\",\"@graph\":[{\"@type\":\"Article\",\"@id\":\"https:\\\/\\\/charleroi-pourlapalestine.be\\\/index.php\\\/2020\\\/03\\\/24\\\/appels-du-conseil-palestinien-des-organisations-des-droits-de-lhomme\\\/#article\",\"isPartOf\":{\"@id\":\"https:\\\/\\\/charleroi-pourlapalestine.be\\\/index.php\\\/2020\\\/03\\\/24\\\/appels-du-conseil-palestinien-des-organisations-des-droits-de-lhomme\\\/\"},\"author\":{\"name\":\"admin1873\",\"@id\":\"https:\\\/\\\/charleroi-pourlapalestine.be\\\/#\\\/schema\\\/person\\\/c19ff515112f1299d8c12671d8fe3faa\"},\"headline\":\"Appels du Conseil palestinien des organisations des droits de l&rsquo;homme\",\"datePublished\":\"2020-03-24T20:36:46+00:00\",\"dateModified\":\"2020-03-28T14:02:53+00:00\",\"mainEntityOfPage\":{\"@id\":\"https:\\\/\\\/charleroi-pourlapalestine.be\\\/index.php\\\/2020\\\/03\\\/24\\\/appels-du-conseil-palestinien-des-organisations-des-droits-de-lhomme\\\/\"},\"wordCount\":456,\"publisher\":{\"@id\":\"https:\\\/\\\/charleroi-pourlapalestine.be\\\/#organization\"},\"image\":{\"@id\":\"https:\\\/\\\/charleroi-pourlapalestine.be\\\/index.php\\\/2020\\\/03\\\/24\\\/appels-du-conseil-palestinien-des-organisations-des-droits-de-lhomme\\\/#primaryimage\"},\"thumbnailUrl\":\"https:\\\/\\\/charleroi-pourlapalestine.be\\\/wp-content\\\/uploads\\\/2020\\\/03\\\/PHROC-Copy-300x200.jpg\",\"articleSection\":[\"Coronavirus\",\"Occupation\",\"Prisonniers\"],\"inLanguage\":\"fr-FR\"},{\"@type\":\"WebPage\",\"@id\":\"https:\\\/\\\/charleroi-pourlapalestine.be\\\/index.php\\\/2020\\\/03\\\/24\\\/appels-du-conseil-palestinien-des-organisations-des-droits-de-lhomme\\\/\",\"url\":\"https:\\\/\\\/charleroi-pourlapalestine.be\\\/index.php\\\/2020\\\/03\\\/24\\\/appels-du-conseil-palestinien-des-organisations-des-droits-de-lhomme\\\/\",\"name\":\"Appels du Conseil des organisations palestiniens des droits de l'homme\",\"isPartOf\":{\"@id\":\"https:\\\/\\\/charleroi-pourlapalestine.be\\\/#website\"},\"primaryImageOfPage\":{\"@id\":\"https:\\\/\\\/charleroi-pourlapalestine.be\\\/index.php\\\/2020\\\/03\\\/24\\\/appels-du-conseil-palestinien-des-organisations-des-droits-de-lhomme\\\/#primaryimage\"},\"image\":{\"@id\":\"https:\\\/\\\/charleroi-pourlapalestine.be\\\/index.php\\\/2020\\\/03\\\/24\\\/appels-du-conseil-palestinien-des-organisations-des-droits-de-lhomme\\\/#primaryimage\"},\"thumbnailUrl\":\"https:\\\/\\\/charleroi-pourlapalestine.be\\\/wp-content\\\/uploads\\\/2020\\\/03\\\/PHROC-Copy-300x200.jpg\",\"datePublished\":\"2020-03-24T20:36:46+00:00\",\"dateModified\":\"2020-03-28T14:02:53+00:00\",\"description\":\"Les organisations palestiniennes des droits de l'homme ont lanc\u00e9 des appels urgents en vue de garantir la sant\u00e9 et la s\u00e9curit\u00e9 des prisonniers palestiniens\",\"breadcrumb\":{\"@id\":\"https:\\\/\\\/charleroi-pourlapalestine.be\\\/index.php\\\/2020\\\/03\\\/24\\\/appels-du-conseil-palestinien-des-organisations-des-droits-de-lhomme\\\/#breadcrumb\"},\"inLanguage\":\"fr-FR\",\"potentialAction\":[{\"@type\":\"ReadAction\",\"target\":[\"https:\\\/\\\/charleroi-pourlapalestine.be\\\/index.php\\\/2020\\\/03\\\/24\\\/appels-du-conseil-palestinien-des-organisations-des-droits-de-lhomme\\\/\"]}]},{\"@type\":\"ImageObject\",\"inLanguage\":\"fr-FR\",\"@id\":\"https:\\\/\\\/charleroi-pourlapalestine.be\\\/index.php\\\/2020\\\/03\\\/24\\\/appels-du-conseil-palestinien-des-organisations-des-droits-de-lhomme\\\/#primaryimage\",\"url\":\"https:\\\/\\\/charleroi-pourlapalestine.be\\\/wp-content\\\/uploads\\\/2020\\\/03\\\/PHROC-Copy-300x200.jpg\",\"contentUrl\":\"https:\\\/\\\/charleroi-pourlapalestine.be\\\/wp-content\\\/uploads\\\/2020\\\/03\\\/PHROC-Copy-300x200.jpg\"},{\"@type\":\"BreadcrumbList\",\"@id\":\"https:\\\/\\\/charleroi-pourlapalestine.be\\\/index.php\\\/2020\\\/03\\\/24\\\/appels-du-conseil-palestinien-des-organisations-des-droits-de-lhomme\\\/#breadcrumb\",\"itemListElement\":[{\"@type\":\"ListItem\",\"position\":1,\"name\":\"Accueil\",\"item\":\"https:\\\/\\\/charleroi-pourlapalestine.be\\\/\"},{\"@type\":\"ListItem\",\"position\":2,\"name\":\"Appels du Conseil palestinien des organisations des droits de l&#8217;homme\"}]},{\"@type\":\"WebSite\",\"@id\":\"https:\\\/\\\/charleroi-pourlapalestine.be\\\/#website\",\"url\":\"https:\\\/\\\/charleroi-pourlapalestine.be\\\/\",\"name\":\"Charleroi Pour la Palestine\",\"description\":\"\",\"publisher\":{\"@id\":\"https:\\\/\\\/charleroi-pourlapalestine.be\\\/#organization\"},\"potentialAction\":[{\"@type\":\"SearchAction\",\"target\":{\"@type\":\"EntryPoint\",\"urlTemplate\":\"https:\\\/\\\/charleroi-pourlapalestine.be\\\/?s={search_term_string}\"},\"query-input\":{\"@type\":\"PropertyValueSpecification\",\"valueRequired\":true,\"valueName\":\"search_term_string\"}}],\"inLanguage\":\"fr-FR\"},{\"@type\":\"Organization\",\"@id\":\"https:\\\/\\\/charleroi-pourlapalestine.be\\\/#organization\",\"name\":\"Plate-forme Charleroi-Palestine\",\"url\":\"https:\\\/\\\/charleroi-pourlapalestine.be\\\/\",\"logo\":{\"@type\":\"ImageObject\",\"inLanguage\":\"fr-FR\",\"@id\":\"https:\\\/\\\/charleroi-pourlapalestine.be\\\/#\\\/schema\\\/logo\\\/image\\\/\",\"url\":\"https:\\\/\\\/charleroi-pourlapalestine.be\\\/wp-content\\\/uploads\\\/2020\\\/01\\\/logo-Copy.jpg\",\"contentUrl\":\"https:\\\/\\\/charleroi-pourlapalestine.be\\\/wp-content\\\/uploads\\\/2020\\\/01\\\/logo-Copy.jpg\",\"width\":180,\"height\":180,\"caption\":\"Plate-forme Charleroi-Palestine\"},\"image\":{\"@id\":\"https:\\\/\\\/charleroi-pourlapalestine.be\\\/#\\\/schema\\\/logo\\\/image\\\/\"},\"sameAs\":[\"https:\\\/\\\/www.facebook.com\\\/PlateformeCharleroiPalestine\\\/\",\"https:\\\/\\\/x.com\\\/LaCharleroi\"]},{\"@type\":\"Person\",\"@id\":\"https:\\\/\\\/charleroi-pourlapalestine.be\\\/#\\\/schema\\\/person\\\/c19ff515112f1299d8c12671d8fe3faa\",\"name\":\"admin1873\",\"url\":\"https:\\\/\\\/charleroi-pourlapalestine.be\\\/index.php\\\/author\\\/admin1873\\\/\"}]}<\/script>\n<!-- \/ Yoast SEO plugin. -->","yoast_head_json":{"title":"Appels du Conseil des organisations palestiniens des droits de l'homme","description":"Les organisations palestiniennes des droits de l'homme ont lanc\u00e9 des appels urgents en vue de garantir la sant\u00e9 et la s\u00e9curit\u00e9 des prisonniers palestiniens","robots":{"index":"index","follow":"follow","max-snippet":"max-snippet:-1","max-image-preview":"max-image-preview:large","max-video-preview":"max-video-preview:-1"},"canonical":"https:\/\/charleroi-pourlapalestine.be\/index.php\/2020\/03\/24\/appels-du-conseil-palestinien-des-organisations-des-droits-de-lhomme\/","schema":{"@context":"https:\/\/schema.org","@graph":[{"@type":"Article","@id":"https:\/\/charleroi-pourlapalestine.be\/index.php\/2020\/03\/24\/appels-du-conseil-palestinien-des-organisations-des-droits-de-lhomme\/#article","isPartOf":{"@id":"https:\/\/charleroi-pourlapalestine.be\/index.php\/2020\/03\/24\/appels-du-conseil-palestinien-des-organisations-des-droits-de-lhomme\/"},"author":{"name":"admin1873","@id":"https:\/\/charleroi-pourlapalestine.be\/#\/schema\/person\/c19ff515112f1299d8c12671d8fe3faa"},"headline":"Appels du Conseil palestinien des organisations des droits de l&rsquo;homme","datePublished":"2020-03-24T20:36:46+00:00","dateModified":"2020-03-28T14:02:53+00:00","mainEntityOfPage":{"@id":"https:\/\/charleroi-pourlapalestine.be\/index.php\/2020\/03\/24\/appels-du-conseil-palestinien-des-organisations-des-droits-de-lhomme\/"},"wordCount":456,"publisher":{"@id":"https:\/\/charleroi-pourlapalestine.be\/#organization"},"image":{"@id":"https:\/\/charleroi-pourlapalestine.be\/index.php\/2020\/03\/24\/appels-du-conseil-palestinien-des-organisations-des-droits-de-lhomme\/#primaryimage"},"thumbnailUrl":"https:\/\/charleroi-pourlapalestine.be\/wp-content\/uploads\/2020\/03\/PHROC-Copy-300x200.jpg","articleSection":["Coronavirus","Occupation","Prisonniers"],"inLanguage":"fr-FR"},{"@type":"WebPage","@id":"https:\/\/charleroi-pourlapalestine.be\/index.php\/2020\/03\/24\/appels-du-conseil-palestinien-des-organisations-des-droits-de-lhomme\/","url":"https:\/\/charleroi-pourlapalestine.be\/index.php\/2020\/03\/24\/appels-du-conseil-palestinien-des-organisations-des-droits-de-lhomme\/","name":"Appels du Conseil des organisations palestiniens des droits de l'homme","isPartOf":{"@id":"https:\/\/charleroi-pourlapalestine.be\/#website"},"primaryImageOfPage":{"@id":"https:\/\/charleroi-pourlapalestine.be\/index.php\/2020\/03\/24\/appels-du-conseil-palestinien-des-organisations-des-droits-de-lhomme\/#primaryimage"},"image":{"@id":"https:\/\/charleroi-pourlapalestine.be\/index.php\/2020\/03\/24\/appels-du-conseil-palestinien-des-organisations-des-droits-de-lhomme\/#primaryimage"},"thumbnailUrl":"https:\/\/charleroi-pourlapalestine.be\/wp-content\/uploads\/2020\/03\/PHROC-Copy-300x200.jpg","datePublished":"2020-03-24T20:36:46+00:00","dateModified":"2020-03-28T14:02:53+00:00","description":"Les organisations palestiniennes des droits de l'homme ont lanc\u00e9 des appels urgents en vue de garantir la sant\u00e9 et la s\u00e9curit\u00e9 des prisonniers palestiniens","breadcrumb":{"@id":"https:\/\/charleroi-pourlapalestine.be\/index.php\/2020\/03\/24\/appels-du-conseil-palestinien-des-organisations-des-droits-de-lhomme\/#breadcrumb"},"inLanguage":"fr-FR","potentialAction":[{"@type":"ReadAction","target":["https:\/\/charleroi-pourlapalestine.be\/index.php\/2020\/03\/24\/appels-du-conseil-palestinien-des-organisations-des-droits-de-lhomme\/"]}]},{"@type":"ImageObject","inLanguage":"fr-FR","@id":"https:\/\/charleroi-pourlapalestine.be\/index.php\/2020\/03\/24\/appels-du-conseil-palestinien-des-organisations-des-droits-de-lhomme\/#primaryimage","url":"https:\/\/charleroi-pourlapalestine.be\/wp-content\/uploads\/2020\/03\/PHROC-Copy-300x200.jpg","contentUrl":"https:\/\/charleroi-pourlapalestine.be\/wp-content\/uploads\/2020\/03\/PHROC-Copy-300x200.jpg"},{"@type":"BreadcrumbList","@id":"https:\/\/charleroi-pourlapalestine.be\/index.php\/2020\/03\/24\/appels-du-conseil-palestinien-des-organisations-des-droits-de-lhomme\/#breadcrumb","itemListElement":[{"@type":"ListItem","position":1,"name":"Accueil","item":"https:\/\/charleroi-pourlapalestine.be\/"},{"@type":"ListItem","position":2,"name":"Appels du Conseil palestinien des organisations des droits de l&#8217;homme"}]},{"@type":"WebSite","@id":"https:\/\/charleroi-pourlapalestine.be\/#website","url":"https:\/\/charleroi-pourlapalestine.be\/","name":"Charleroi Pour la Palestine","description":"","publisher":{"@id":"https:\/\/charleroi-pourlapalestine.be\/#organization"},"potentialAction":[{"@type":"SearchAction","target":{"@type":"EntryPoint","urlTemplate":"https:\/\/charleroi-pourlapalestine.be\/?s={search_term_string}"},"query-input":{"@type":"PropertyValueSpecification","valueRequired":true,"valueName":"search_term_string"}}],"inLanguage":"fr-FR"},{"@type":"Organization","@id":"https:\/\/charleroi-pourlapalestine.be\/#organization","name":"Plate-forme Charleroi-Palestine","url":"https:\/\/charleroi-pourlapalestine.be\/","logo":{"@type":"ImageObject","inLanguage":"fr-FR","@id":"https:\/\/charleroi-pourlapalestine.be\/#\/schema\/logo\/image\/","url":"https:\/\/charleroi-pourlapalestine.be\/wp-content\/uploads\/2020\/01\/logo-Copy.jpg","contentUrl":"https:\/\/charleroi-pourlapalestine.be\/wp-content\/uploads\/2020\/01\/logo-Copy.jpg","width":180,"height":180,"caption":"Plate-forme Charleroi-Palestine"},"image":{"@id":"https:\/\/charleroi-pourlapalestine.be\/#\/schema\/logo\/image\/"},"sameAs":["https:\/\/www.facebook.com\/PlateformeCharleroiPalestine\/","https:\/\/x.com\/LaCharleroi"]},{"@type":"Person","@id":"https:\/\/charleroi-pourlapalestine.be\/#\/schema\/person\/c19ff515112f1299d8c12671d8fe3faa","name":"admin1873","url":"https:\/\/charleroi-pourlapalestine.be\/index.php\/author\/admin1873\/"}]}},"_links":{"self":[{"href":"https:\/\/charleroi-pourlapalestine.be\/index.php\/wp-json\/wp\/v2\/posts\/9723","targetHints":{"allow":["GET"]}}],"collection":[{"href":"https:\/\/charleroi-pourlapalestine.be\/index.php\/wp-json\/wp\/v2\/posts"}],"about":[{"href":"https:\/\/charleroi-pourlapalestine.be\/index.php\/wp-json\/wp\/v2\/types\/post"}],"author":[{"embeddable":true,"href":"https:\/\/charleroi-pourlapalestine.be\/index.php\/wp-json\/wp\/v2\/users\/1"}],"replies":[{"embeddable":true,"href":"https:\/\/charleroi-pourlapalestine.be\/index.php\/wp-json\/wp\/v2\/comments?post=9723"}],"version-history":[{"count":0,"href":"https:\/\/charleroi-pourlapalestine.be\/index.php\/wp-json\/wp\/v2\/posts\/9723\/revisions"}],"wp:attachment":[{"href":"https:\/\/charleroi-pourlapalestine.be\/index.php\/wp-json\/wp\/v2\/media?parent=9723"}],"wp:term":[{"taxonomy":"category","embeddable":true,"href":"https:\/\/charleroi-pourlapalestine.be\/index.php\/wp-json\/wp\/v2\/categories?post=9723"},{"taxonomy":"post_tag","embeddable":true,"href":"https:\/\/charleroi-pourlapalestine.be\/index.php\/wp-json\/wp\/v2\/tags?post=9723"}],"curies":[{"name":"wp","href":"https:\/\/api.w.org\/{rel}","templated":true}]}}