{"id":9741,"date":"2020-03-25T08:11:01","date_gmt":"2020-03-25T07:11:01","guid":{"rendered":"https:\/\/charleroi-pourlapalestine.be\/?p=9741"},"modified":"2020-03-28T15:02:26","modified_gmt":"2020-03-28T14:02:26","slug":"comment-un-cordonnier-palestinien-a-lance-une-fabrique-de-masques","status":"publish","type":"post","link":"https:\/\/charleroi-pourlapalestine.be\/index.php\/2020\/03\/25\/comment-un-cordonnier-palestinien-a-lance-une-fabrique-de-masques\/","title":{"rendered":"Comment un cordonnier palestinien a lanc\u00e9 une fabrique de masques"},"content":{"rendered":"<p>Ce qui a d\u00e9but\u00e9 comme une exp\u00e9rience du cordonnier quelques jours apr\u00e8s l&rsquo;apparition du coronavirus en Cisjordanie s&rsquo;est mu\u00e9 aujourd&rsquo;hui en une entreprise produisant quotidiennement des milliers de masques.<\/p>\n<p>Par Suha Arraf, 23 mars 2020<\/p>\n<div id=\"attachment_9747\" style=\"width: 465px\" class=\"wp-caption aligncenter\"><img loading=\"lazy\" decoding=\"async\" aria-describedby=\"caption-attachment-9747\" class=\"wp-image-9747 size-full\" src=\"https:\/\/charleroi-pourlapalestine.be\/wp-content\/uploads\/2020\/03\/cordonnier-Copy.jpg\" alt=\"Amjad Zaghir, le seul fabricant de masques en Cisjordanie, dans son atelier de H\u00e9bron. (Photo : avec l'autorisation d'Amjad Zaghir)\" width=\"455\" height=\"304\"><p id=\"caption-attachment-9747\" class=\"wp-caption-text\">Amjad Zaghir, le seul fabricant de masques en Cisjordanie, dans son atelier de H\u00e9bron. (Photo : avec l&rsquo;autorisation d&rsquo;Amjad Zaghir)<\/p><\/div>\n<p>Deux jours apr\u00e8s l&rsquo;apparition du nouveau coronavirus \u00e0 Bethl\u00e9em, <strong>Amjad Zaghir<\/strong>,&nbsp; propri\u00e9taire d&rsquo;un atelier de fabrication de chaussures \u00e0 <strong>H\u00e9bron<\/strong>, en Palestine, a compris que la Cisjordanie n&rsquo;allait pas tarder \u00e0 \u00eatre \u00e0 court de masques faciaux.<\/p>\n<p>Moins de trois semaines plus tard, il est le seul fabricant de masques sur place.<\/p>\n<p>La fabrique de Zaghir, qu&rsquo;il a lanc\u00e9e du jour au lendemain, produit d\u00e9sormais des milliers de masques par jour et a fait de lui un h\u00e9ros national du fait qu&rsquo;il aide les Palestiniens \u00e0 se prot\u00e9ger du virus.<\/p>\n<p><strong>Zaghir<\/strong> s&rsquo;est mis au travail d\u00e8s qu&rsquo;a \u00e9clat\u00e9 la nouvelle des premiers cas diagnostiqu\u00e9s de COVID-19 \u00e0 Bethl\u00e9em. Il a achet\u00e9 un masque et s&rsquo;est mis \u00e0 l&rsquo;\u00e9tudier en l&rsquo;examinant sous toutes les coutures.<\/p>\n<p>Initialement, il pensait pouvoir le recr\u00e9er \u00e0 l&rsquo;aide de certains des mat\u00e9riaux qu&rsquo;il utilise en cordonnerie.<\/p>\n<blockquote><p>\u00ab&nbsp;J&rsquo;ai contact\u00e9 un ami pharmacien et lui ai demand\u00e9 quels \u00e9taient les mat\u00e9riaux utilis\u00e9s pour confectionner des masques&nbsp;\u00bb,<\/p><\/blockquote>\n<p>rappelle Zaghir.<\/p>\n<blockquote><p>\u00ab&nbsp;Mon ami m&rsquo;a expliqu\u00e9 que ce que nous utilisions en cordonnerie ne convenait pas et il m&rsquo;a orient\u00e9 dans la bonne direction.&nbsp;\u00bb<\/p><\/blockquote>\n<p>Zaghir s&rsquo;est alors mis en qu\u00eate du tissu ad\u00e9quat dans la r\u00e9gion de H\u00e9bron.<\/p>\n<p>Il est tomb\u00e9 sur un vendeur qui en avait achet\u00e9 en Turquie l&rsquo;ann\u00e9e pr\u00e9c\u00e9dente, mais ne l&rsquo;avait pas utilis\u00e9, parce que cela co\u00fbtait moins d&rsquo;importer des masques de Chine que de les produire soi-m\u00eame \u00e0 H\u00e9bron.<\/p>\n<p>Zaghir a achet\u00e9 le tissu, dont son ami le pharmacien a confirm\u00e9 que c&rsquo;\u00e9tait bien le mat\u00e9riel qu&rsquo;il fallait.<\/p>\n<blockquote><p>\u00ab&nbsp;J&rsquo;ai d&rsquo;abord essay\u00e9 de coudre les masques en utilisant la m\u00eame machine que pour les chaussures. Mais la tentative a \u00e9chou\u00e9 parce que le tissu pour les masques \u00e9tait trop fin et qu&rsquo;il se d\u00e9chirait facilement&nbsp;\u00bb,<\/p><\/blockquote>\n<p>explique Zaghir.<\/p>\n<blockquote><p>\u00ab&nbsp;J&rsquo;ai \u00e9galement essay\u00e9 de repasser le tissu pour cr\u00e9er les plis, mais j&rsquo;ai fini par le br\u00fbler.&nbsp;\u00bb<\/p><\/blockquote>\n<p>Zaghir a alors tent\u00e9 de le repasser en recourant au pressing.<\/p>\n<p><em>\u00ab&nbsp;\u00c7a n&rsquo;a pas march\u00e9 non plus&nbsp;\u00bb<\/em>, dit-il. <em>\u00ab&nbsp;Le tissu d\u00e9licat ne r\u00e9sistait pas \u00e0 la chaleur \u00e9lev\u00e9e.&nbsp;\u00bb<\/em><\/p>\n<p>Mais Zaghir n&rsquo;a pas renonc\u00e9 \u2013 surtout lorsqu&rsquo;il a appris que les masques commen\u00e7aient \u00e0 manquer, en Cisjordanie, et qu&rsquo;il pourrait d&rsquo;agir d&rsquo;une occasion en or.<\/p>\n<p>\u00c0 trente ans, en tant que descendant d&rsquo;une famille de marchands qui a h\u00e9rit\u00e9 cette affaire de chaussures remontant \u00e0 son arri\u00e8re-grand-p\u00e8re, Zaghir poss\u00e8de un excellent sens des affaires.<\/p>\n<p>Toutefois, ce n&rsquo;est pas simplement le profit qui l&rsquo;a motiv\u00e9.<\/p>\n<blockquote><p>\u00ab Il s&rsquo;agit d&rsquo;aider mon peuple et c&rsquo;est une fa\u00e7on de cr\u00e9er des opportunit\u00e9s d&#8217;emploi \u00bb,<\/p><\/blockquote>\n<p>dit-il.<\/p>\n<blockquote><p>\u00ab Il y a une crise, \u00e0 H\u00e9bron, et il y a beaucoup de ch\u00f4meurs. \u00bb<\/p><\/blockquote>\n<p>Zaghir a voyag\u00e9 \u00e0 travers la ville, demandant des conseils dans des ateliers de couture et aupr\u00e8s de pharmaciens.<\/p>\n<p>Finalement, il a d\u00e9couvert qu&rsquo;il existait en ville une machine capable de plier les masques sans avoir \u00e0 les repasser.<\/p>\n<p>Pour mod\u00e9rer les effets de la haute temp\u00e9rature (400 degr\u00e9s Celsius), il a alors enferm\u00e9 les masques en sandwich entre des couches de papier. Et l&rsquo;exp\u00e9rience a r\u00e9ussi.<\/p>\n<blockquote><p>\u00ab&nbsp;Le premier jour, je ne suis parvenu qu&rsquo;\u00e0 fabriquer 500 masques&nbsp;\u00bb,<\/p><\/blockquote>\n<p>dit-il.<\/p>\n<blockquote><p>\u00ab&nbsp;Le lendemain, j&rsquo;en ai fait 1&nbsp;000 de plus. J&rsquo;ai alors engag\u00e9 20 travailleurs pour augmenter la production.&nbsp;\u00bb<\/p><\/blockquote>\n<div id=\"attachment_9752\" style=\"width: 478px\" class=\"wp-caption aligncenter\"><img loading=\"lazy\" decoding=\"async\" aria-describedby=\"caption-attachment-9752\" class=\"wp-image-9752 size-full\" src=\"https:\/\/charleroi-pourlapalestine.be\/wp-content\/uploads\/2020\/03\/workers-Copy.jpg\" alt=\"\" width=\"468\" height=\"304\"><p id=\"caption-attachment-9752\" class=\"wp-caption-text\">15 mars 2020. Des travailleurs d\u00e9sinfectent un centre commercial \u00e0 H\u00e9bron, dans le cadre des mesures en vue d&#8217;emp\u00eacher la propagation du coronavirus. (Photo : Wisam Hashlamoun\/Flash90)<\/p><\/div>\n<p>Le nom de l&rsquo;entreprise est<strong> Zaghir<\/strong>, ce qui signifie <em>\u00ab&nbsp;petit&nbsp;\u00bb<\/em>, en arabe.<\/p>\n<p>Et, alors que l&rsquo;usine m\u00eame peut en effet \u00eatre petite, elle est devenue la premi\u00e8re et unique entreprise en son genre en Palestine, et elle manufacture entre 7&nbsp;000 et 9&nbsp;000 masques par jour.<\/p>\n<p>Zaghir n&rsquo;est pas satisfait des quantit\u00e9s, toutefois.<\/p>\n<p>D\u00e8s la semaine prochaine, il a pr\u00e9vu d&rsquo;acro\u00eetre un peu plus la production afin de pouvoir suivre la demande. Il a d\u00e9j\u00e0 trouv\u00e9 un atelier vide, dans lequel il va tr\u00e8s bient\u00f4t installer du personnel, ajoute-t-il.<\/p>\n<p>Les masques se sont vendus bien mieux que des petits pains, explique Zaghir.<\/p>\n<p>Il les vend aux employ\u00e9s du gouvernement, aux h\u00f4pitaux et m\u00eame \u00e0 la police palestinienne&nbsp;; ce seul samedi, il a fourni 5&nbsp;000 masques \u00e0 la police de Naplouse.<\/p>\n<p>Pour ces institutions officielles, il vend les masques \u00e0 un prix symbolique de 1,50 NIS (0,38 \u20ac) &#8211; un prix d\u00e9termin\u00e9 par le gouverneur de H\u00e9bron. Pour les pharmacies et les autres vendeurs, le prix est diff\u00e9rent.<\/p>\n<p><em>\u00ab&nbsp;J&rsquo;ai commenc\u00e9 par recevoir des demandes de Jordanie, du Kowe\u00eft, des pays du Golfe et du Canada&nbsp;\u00bb<\/em>, dit-il.<\/p>\n<blockquote><p>\u00ab&nbsp;M\u00eame des vendeurs isra\u00e9liens se sont adress\u00e9s \u00e0 moi pour acheter mes masques, mais je n&rsquo;ai pas assez d&rsquo;ouvriers. J&rsquo;esp\u00e8re pouvoir livrer \u00e0 tout le monde.&nbsp;\u00bb<\/p><\/blockquote>\n<p>Le mat\u00e9riau utilis\u00e9 par Zaghir va bient\u00f4t faire d\u00e9faut, cependant. Il en a d\u00e9j\u00e0 command\u00e9 davantage, mais les pays ont ferm\u00e9 leurs fronti\u00e8res afin d&rsquo;endiguer la propagation du coronavirus.<\/p>\n<p>La pand\u00e9mie a \u00e9galement touch\u00e9 la Turquie, d&rsquo;o\u00f9 le mat\u00e9riau doit \u00eatre export\u00e9.<\/p>\n<p>Mais il en faut plus pour perturber Zaghir.<\/p>\n<blockquote><p>\u00ab J&rsquo;ai confiance : Je parviendrai \u00e0 faire entrer les mat\u00e9riaux. J&rsquo;ai contact\u00e9 la Chambre palestinienne de commerce qui, \u00e0 son tour, a appel\u00e9 la Chambre isra\u00e9lienne de commerce, qui a alors contact\u00e9 les douanes et les autres autorit\u00e9s \u00e0 propos de cette question \u00bb,<\/p><\/blockquote>\n<p>dit-il.<\/p>\n<blockquote><p>\u00ab&nbsp;C&rsquo;est une crise de la sant\u00e9, une pand\u00e9mie mondiale, un \u00e9tat d&rsquo;urgence. Ce ne sont pas simplement les affaires, comme d&rsquo;habitude, et c&rsquo;est pourquoi j&rsquo;ai confiance&nbsp;: Ils me laisseront importer les marchandises.&nbsp;\u00bb<\/p><\/blockquote>\n<p>Zaghir croit que, dans une semaine, il sera \u00e0 m\u00eame de produire quelque 100&nbsp;000 masques par jour.<\/p>\n<blockquote><p>\u00ab&nbsp;Aujourd&rsquo;hui, j&rsquo;ai essay\u00e9 une nouvelle technique de couture qui s&rsquo;est av\u00e9r\u00e9e efficace, et nous avons fabriqu\u00e9 15&nbsp;000 masques. C&rsquo;est le plus gros chiffre depuis que nous avons d\u00e9but\u00e9 la production&nbsp;\u00bb,<\/p><\/blockquote>\n<p>dit-il.<\/p>\n<blockquote><p>\u00ab&nbsp;Mon masque est unique, il ne ressemble \u00e0 aucun autre masque dans le monde. Toute personne qui tombera sur ce masque saura imm\u00e9diatement qu&rsquo;il a \u00e9t\u00e9 fabriqu\u00e9 \u00e0 al-Khalil (H\u00e9bron)&nbsp;\u00bb,<\/p><\/blockquote>\n<p>ajoute-t-il.<\/p>\n<hr>\n<p>Publi\u00e9 le 23 mars 2020 sur <a href=\"https:\/\/www.972mag.com\/coronavirus-mask-factory-hebron\/?fbclid=IwAR321PLiJij0-yCnxQmuPwop14vcRZj6FxJzpDL4Cdyowmc8TYXpYDjjXXw\" target=\"_blank\" rel=\"noopener noreferrer\">+972magazine<\/a><br \/>\nTraduction : Jean-Marie Fl\u00e9mal<\/p>\n<div id=\"attachment_9743\" style=\"width: 160px\" class=\"wp-caption alignleft\"><img loading=\"lazy\" decoding=\"async\" aria-describedby=\"caption-attachment-9743\" class=\"wp-image-9743 size-thumbnail\" src=\"https:\/\/charleroi-pourlapalestine.be\/wp-content\/uploads\/2020\/03\/suha-arraf-150x150.png\" alt=\"\" width=\"150\" height=\"150\"><p id=\"caption-attachment-9743\" class=\"wp-caption-text\">Suha Arraf<\/p><\/div>\n<p><strong>Suha Arraf<\/strong> (1969) est directrice, sc\u00e9nariste et productrice. Elle \u00e9crit sur la soci\u00e9t\u00e9 arabe, la culture palestinienne et le f\u00e9minisme.<\/p>\n","protected":false},"excerpt":{"rendered":"<p>Ce qui a d\u00e9but\u00e9 comme une exp\u00e9rience du cordonnier en Cisjordanie s&rsquo;est mu\u00e9 en une entreprise produisant quotidiennement des milliers de masques.<\/p>\n","protected":false},"author":1,"featured_media":0,"comment_status":"closed","ping_status":"closed","sticky":false,"template":"","format":"standard","meta":{"ngg_post_thumbnail":0,"footnotes":""},"categories":[7,412,405],"tags":[],"class_list":["post-9741","post","type-post","status-publish","format-standard","hentry","category-cisjordanie","category-coronavirus","category-sante"],"yoast_head":"<!-- This site is optimized with the Yoast SEO plugin v27.3 - https:\/\/yoast.com\/product\/yoast-seo-wordpress\/ -->\n<title>Comment un cordonnier palestinien a lanc\u00e9 une fabrique de masques<\/title>\n<meta name=\"description\" content=\"Ce qui a d\u00e9but\u00e9 comme une exp\u00e9rience du cordonnier en Cisjordanie s&#039;est mu\u00e9 en une entreprise produisant quotidiennement des milliers de masques.\" \/>\n<meta name=\"robots\" content=\"index, follow, max-snippet:-1, max-image-preview:large, max-video-preview:-1\" \/>\n<link rel=\"canonical\" href=\"https:\/\/charleroi-pourlapalestine.be\/index.php\/2020\/03\/25\/comment-un-cordonnier-palestinien-a-lance-une-fabrique-de-masques\/\" \/>\n<script type=\"application\/ld+json\" class=\"yoast-schema-graph\">{\"@context\":\"https:\\\/\\\/schema.org\",\"@graph\":[{\"@type\":\"Article\",\"@id\":\"https:\\\/\\\/charleroi-pourlapalestine.be\\\/index.php\\\/2020\\\/03\\\/25\\\/comment-un-cordonnier-palestinien-a-lance-une-fabrique-de-masques\\\/#article\",\"isPartOf\":{\"@id\":\"https:\\\/\\\/charleroi-pourlapalestine.be\\\/index.php\\\/2020\\\/03\\\/25\\\/comment-un-cordonnier-palestinien-a-lance-une-fabrique-de-masques\\\/\"},\"author\":{\"name\":\"admin1873\",\"@id\":\"https:\\\/\\\/charleroi-pourlapalestine.be\\\/#\\\/schema\\\/person\\\/c19ff515112f1299d8c12671d8fe3faa\"},\"headline\":\"Comment un cordonnier palestinien a lanc\u00e9 une fabrique de masques\",\"datePublished\":\"2020-03-25T07:11:01+00:00\",\"dateModified\":\"2020-03-28T14:02:26+00:00\",\"mainEntityOfPage\":{\"@id\":\"https:\\\/\\\/charleroi-pourlapalestine.be\\\/index.php\\\/2020\\\/03\\\/25\\\/comment-un-cordonnier-palestinien-a-lance-une-fabrique-de-masques\\\/\"},\"wordCount\":1240,\"publisher\":{\"@id\":\"https:\\\/\\\/charleroi-pourlapalestine.be\\\/#organization\"},\"image\":{\"@id\":\"https:\\\/\\\/charleroi-pourlapalestine.be\\\/index.php\\\/2020\\\/03\\\/25\\\/comment-un-cordonnier-palestinien-a-lance-une-fabrique-de-masques\\\/#primaryimage\"},\"thumbnailUrl\":\"https:\\\/\\\/charleroi-pourlapalestine.be\\\/wp-content\\\/uploads\\\/2020\\\/03\\\/cordonnier-Copy.jpg\",\"articleSection\":[\"Cisjordanie\",\"Coronavirus\",\"sant\u00e9\"],\"inLanguage\":\"fr-FR\"},{\"@type\":\"WebPage\",\"@id\":\"https:\\\/\\\/charleroi-pourlapalestine.be\\\/index.php\\\/2020\\\/03\\\/25\\\/comment-un-cordonnier-palestinien-a-lance-une-fabrique-de-masques\\\/\",\"url\":\"https:\\\/\\\/charleroi-pourlapalestine.be\\\/index.php\\\/2020\\\/03\\\/25\\\/comment-un-cordonnier-palestinien-a-lance-une-fabrique-de-masques\\\/\",\"name\":\"Comment un cordonnier palestinien a lanc\u00e9 une fabrique de masques\",\"isPartOf\":{\"@id\":\"https:\\\/\\\/charleroi-pourlapalestine.be\\\/#website\"},\"primaryImageOfPage\":{\"@id\":\"https:\\\/\\\/charleroi-pourlapalestine.be\\\/index.php\\\/2020\\\/03\\\/25\\\/comment-un-cordonnier-palestinien-a-lance-une-fabrique-de-masques\\\/#primaryimage\"},\"image\":{\"@id\":\"https:\\\/\\\/charleroi-pourlapalestine.be\\\/index.php\\\/2020\\\/03\\\/25\\\/comment-un-cordonnier-palestinien-a-lance-une-fabrique-de-masques\\\/#primaryimage\"},\"thumbnailUrl\":\"https:\\\/\\\/charleroi-pourlapalestine.be\\\/wp-content\\\/uploads\\\/2020\\\/03\\\/cordonnier-Copy.jpg\",\"datePublished\":\"2020-03-25T07:11:01+00:00\",\"dateModified\":\"2020-03-28T14:02:26+00:00\",\"description\":\"Ce qui a d\u00e9but\u00e9 comme une exp\u00e9rience du cordonnier en Cisjordanie s'est mu\u00e9 en une entreprise produisant quotidiennement des milliers de masques.\",\"breadcrumb\":{\"@id\":\"https:\\\/\\\/charleroi-pourlapalestine.be\\\/index.php\\\/2020\\\/03\\\/25\\\/comment-un-cordonnier-palestinien-a-lance-une-fabrique-de-masques\\\/#breadcrumb\"},\"inLanguage\":\"fr-FR\",\"potentialAction\":[{\"@type\":\"ReadAction\",\"target\":[\"https:\\\/\\\/charleroi-pourlapalestine.be\\\/index.php\\\/2020\\\/03\\\/25\\\/comment-un-cordonnier-palestinien-a-lance-une-fabrique-de-masques\\\/\"]}]},{\"@type\":\"ImageObject\",\"inLanguage\":\"fr-FR\",\"@id\":\"https:\\\/\\\/charleroi-pourlapalestine.be\\\/index.php\\\/2020\\\/03\\\/25\\\/comment-un-cordonnier-palestinien-a-lance-une-fabrique-de-masques\\\/#primaryimage\",\"url\":\"https:\\\/\\\/charleroi-pourlapalestine.be\\\/wp-content\\\/uploads\\\/2020\\\/03\\\/cordonnier-Copy.jpg\",\"contentUrl\":\"https:\\\/\\\/charleroi-pourlapalestine.be\\\/wp-content\\\/uploads\\\/2020\\\/03\\\/cordonnier-Copy.jpg\"},{\"@type\":\"BreadcrumbList\",\"@id\":\"https:\\\/\\\/charleroi-pourlapalestine.be\\\/index.php\\\/2020\\\/03\\\/25\\\/comment-un-cordonnier-palestinien-a-lance-une-fabrique-de-masques\\\/#breadcrumb\",\"itemListElement\":[{\"@type\":\"ListItem\",\"position\":1,\"name\":\"Accueil\",\"item\":\"https:\\\/\\\/charleroi-pourlapalestine.be\\\/\"},{\"@type\":\"ListItem\",\"position\":2,\"name\":\"Comment un cordonnier palestinien a lanc\u00e9 une fabrique de masques\"}]},{\"@type\":\"WebSite\",\"@id\":\"https:\\\/\\\/charleroi-pourlapalestine.be\\\/#website\",\"url\":\"https:\\\/\\\/charleroi-pourlapalestine.be\\\/\",\"name\":\"Charleroi Pour la Palestine\",\"description\":\"\",\"publisher\":{\"@id\":\"https:\\\/\\\/charleroi-pourlapalestine.be\\\/#organization\"},\"potentialAction\":[{\"@type\":\"SearchAction\",\"target\":{\"@type\":\"EntryPoint\",\"urlTemplate\":\"https:\\\/\\\/charleroi-pourlapalestine.be\\\/?s={search_term_string}\"},\"query-input\":{\"@type\":\"PropertyValueSpecification\",\"valueRequired\":true,\"valueName\":\"search_term_string\"}}],\"inLanguage\":\"fr-FR\"},{\"@type\":\"Organization\",\"@id\":\"https:\\\/\\\/charleroi-pourlapalestine.be\\\/#organization\",\"name\":\"Plate-forme Charleroi-Palestine\",\"url\":\"https:\\\/\\\/charleroi-pourlapalestine.be\\\/\",\"logo\":{\"@type\":\"ImageObject\",\"inLanguage\":\"fr-FR\",\"@id\":\"https:\\\/\\\/charleroi-pourlapalestine.be\\\/#\\\/schema\\\/logo\\\/image\\\/\",\"url\":\"https:\\\/\\\/charleroi-pourlapalestine.be\\\/wp-content\\\/uploads\\\/2020\\\/01\\\/logo-Copy.jpg\",\"contentUrl\":\"https:\\\/\\\/charleroi-pourlapalestine.be\\\/wp-content\\\/uploads\\\/2020\\\/01\\\/logo-Copy.jpg\",\"width\":180,\"height\":180,\"caption\":\"Plate-forme Charleroi-Palestine\"},\"image\":{\"@id\":\"https:\\\/\\\/charleroi-pourlapalestine.be\\\/#\\\/schema\\\/logo\\\/image\\\/\"},\"sameAs\":[\"https:\\\/\\\/www.facebook.com\\\/PlateformeCharleroiPalestine\\\/\",\"https:\\\/\\\/x.com\\\/LaCharleroi\"]},{\"@type\":\"Person\",\"@id\":\"https:\\\/\\\/charleroi-pourlapalestine.be\\\/#\\\/schema\\\/person\\\/c19ff515112f1299d8c12671d8fe3faa\",\"name\":\"admin1873\",\"url\":\"https:\\\/\\\/charleroi-pourlapalestine.be\\\/index.php\\\/author\\\/admin1873\\\/\"}]}<\/script>\n<!-- \/ Yoast SEO plugin. -->","yoast_head_json":{"title":"Comment un cordonnier palestinien a lanc\u00e9 une fabrique de masques","description":"Ce qui a d\u00e9but\u00e9 comme une exp\u00e9rience du cordonnier en Cisjordanie s'est mu\u00e9 en une entreprise produisant quotidiennement des milliers de masques.","robots":{"index":"index","follow":"follow","max-snippet":"max-snippet:-1","max-image-preview":"max-image-preview:large","max-video-preview":"max-video-preview:-1"},"canonical":"https:\/\/charleroi-pourlapalestine.be\/index.php\/2020\/03\/25\/comment-un-cordonnier-palestinien-a-lance-une-fabrique-de-masques\/","schema":{"@context":"https:\/\/schema.org","@graph":[{"@type":"Article","@id":"https:\/\/charleroi-pourlapalestine.be\/index.php\/2020\/03\/25\/comment-un-cordonnier-palestinien-a-lance-une-fabrique-de-masques\/#article","isPartOf":{"@id":"https:\/\/charleroi-pourlapalestine.be\/index.php\/2020\/03\/25\/comment-un-cordonnier-palestinien-a-lance-une-fabrique-de-masques\/"},"author":{"name":"admin1873","@id":"https:\/\/charleroi-pourlapalestine.be\/#\/schema\/person\/c19ff515112f1299d8c12671d8fe3faa"},"headline":"Comment un cordonnier palestinien a lanc\u00e9 une fabrique de masques","datePublished":"2020-03-25T07:11:01+00:00","dateModified":"2020-03-28T14:02:26+00:00","mainEntityOfPage":{"@id":"https:\/\/charleroi-pourlapalestine.be\/index.php\/2020\/03\/25\/comment-un-cordonnier-palestinien-a-lance-une-fabrique-de-masques\/"},"wordCount":1240,"publisher":{"@id":"https:\/\/charleroi-pourlapalestine.be\/#organization"},"image":{"@id":"https:\/\/charleroi-pourlapalestine.be\/index.php\/2020\/03\/25\/comment-un-cordonnier-palestinien-a-lance-une-fabrique-de-masques\/#primaryimage"},"thumbnailUrl":"https:\/\/charleroi-pourlapalestine.be\/wp-content\/uploads\/2020\/03\/cordonnier-Copy.jpg","articleSection":["Cisjordanie","Coronavirus","sant\u00e9"],"inLanguage":"fr-FR"},{"@type":"WebPage","@id":"https:\/\/charleroi-pourlapalestine.be\/index.php\/2020\/03\/25\/comment-un-cordonnier-palestinien-a-lance-une-fabrique-de-masques\/","url":"https:\/\/charleroi-pourlapalestine.be\/index.php\/2020\/03\/25\/comment-un-cordonnier-palestinien-a-lance-une-fabrique-de-masques\/","name":"Comment un cordonnier palestinien a lanc\u00e9 une fabrique de masques","isPartOf":{"@id":"https:\/\/charleroi-pourlapalestine.be\/#website"},"primaryImageOfPage":{"@id":"https:\/\/charleroi-pourlapalestine.be\/index.php\/2020\/03\/25\/comment-un-cordonnier-palestinien-a-lance-une-fabrique-de-masques\/#primaryimage"},"image":{"@id":"https:\/\/charleroi-pourlapalestine.be\/index.php\/2020\/03\/25\/comment-un-cordonnier-palestinien-a-lance-une-fabrique-de-masques\/#primaryimage"},"thumbnailUrl":"https:\/\/charleroi-pourlapalestine.be\/wp-content\/uploads\/2020\/03\/cordonnier-Copy.jpg","datePublished":"2020-03-25T07:11:01+00:00","dateModified":"2020-03-28T14:02:26+00:00","description":"Ce qui a d\u00e9but\u00e9 comme une exp\u00e9rience du cordonnier en Cisjordanie s'est mu\u00e9 en une entreprise produisant quotidiennement des milliers de masques.","breadcrumb":{"@id":"https:\/\/charleroi-pourlapalestine.be\/index.php\/2020\/03\/25\/comment-un-cordonnier-palestinien-a-lance-une-fabrique-de-masques\/#breadcrumb"},"inLanguage":"fr-FR","potentialAction":[{"@type":"ReadAction","target":["https:\/\/charleroi-pourlapalestine.be\/index.php\/2020\/03\/25\/comment-un-cordonnier-palestinien-a-lance-une-fabrique-de-masques\/"]}]},{"@type":"ImageObject","inLanguage":"fr-FR","@id":"https:\/\/charleroi-pourlapalestine.be\/index.php\/2020\/03\/25\/comment-un-cordonnier-palestinien-a-lance-une-fabrique-de-masques\/#primaryimage","url":"https:\/\/charleroi-pourlapalestine.be\/wp-content\/uploads\/2020\/03\/cordonnier-Copy.jpg","contentUrl":"https:\/\/charleroi-pourlapalestine.be\/wp-content\/uploads\/2020\/03\/cordonnier-Copy.jpg"},{"@type":"BreadcrumbList","@id":"https:\/\/charleroi-pourlapalestine.be\/index.php\/2020\/03\/25\/comment-un-cordonnier-palestinien-a-lance-une-fabrique-de-masques\/#breadcrumb","itemListElement":[{"@type":"ListItem","position":1,"name":"Accueil","item":"https:\/\/charleroi-pourlapalestine.be\/"},{"@type":"ListItem","position":2,"name":"Comment un cordonnier palestinien a lanc\u00e9 une fabrique de masques"}]},{"@type":"WebSite","@id":"https:\/\/charleroi-pourlapalestine.be\/#website","url":"https:\/\/charleroi-pourlapalestine.be\/","name":"Charleroi Pour la Palestine","description":"","publisher":{"@id":"https:\/\/charleroi-pourlapalestine.be\/#organization"},"potentialAction":[{"@type":"SearchAction","target":{"@type":"EntryPoint","urlTemplate":"https:\/\/charleroi-pourlapalestine.be\/?s={search_term_string}"},"query-input":{"@type":"PropertyValueSpecification","valueRequired":true,"valueName":"search_term_string"}}],"inLanguage":"fr-FR"},{"@type":"Organization","@id":"https:\/\/charleroi-pourlapalestine.be\/#organization","name":"Plate-forme Charleroi-Palestine","url":"https:\/\/charleroi-pourlapalestine.be\/","logo":{"@type":"ImageObject","inLanguage":"fr-FR","@id":"https:\/\/charleroi-pourlapalestine.be\/#\/schema\/logo\/image\/","url":"https:\/\/charleroi-pourlapalestine.be\/wp-content\/uploads\/2020\/01\/logo-Copy.jpg","contentUrl":"https:\/\/charleroi-pourlapalestine.be\/wp-content\/uploads\/2020\/01\/logo-Copy.jpg","width":180,"height":180,"caption":"Plate-forme Charleroi-Palestine"},"image":{"@id":"https:\/\/charleroi-pourlapalestine.be\/#\/schema\/logo\/image\/"},"sameAs":["https:\/\/www.facebook.com\/PlateformeCharleroiPalestine\/","https:\/\/x.com\/LaCharleroi"]},{"@type":"Person","@id":"https:\/\/charleroi-pourlapalestine.be\/#\/schema\/person\/c19ff515112f1299d8c12671d8fe3faa","name":"admin1873","url":"https:\/\/charleroi-pourlapalestine.be\/index.php\/author\/admin1873\/"}]}},"_links":{"self":[{"href":"https:\/\/charleroi-pourlapalestine.be\/index.php\/wp-json\/wp\/v2\/posts\/9741","targetHints":{"allow":["GET"]}}],"collection":[{"href":"https:\/\/charleroi-pourlapalestine.be\/index.php\/wp-json\/wp\/v2\/posts"}],"about":[{"href":"https:\/\/charleroi-pourlapalestine.be\/index.php\/wp-json\/wp\/v2\/types\/post"}],"author":[{"embeddable":true,"href":"https:\/\/charleroi-pourlapalestine.be\/index.php\/wp-json\/wp\/v2\/users\/1"}],"replies":[{"embeddable":true,"href":"https:\/\/charleroi-pourlapalestine.be\/index.php\/wp-json\/wp\/v2\/comments?post=9741"}],"version-history":[{"count":0,"href":"https:\/\/charleroi-pourlapalestine.be\/index.php\/wp-json\/wp\/v2\/posts\/9741\/revisions"}],"wp:attachment":[{"href":"https:\/\/charleroi-pourlapalestine.be\/index.php\/wp-json\/wp\/v2\/media?parent=9741"}],"wp:term":[{"taxonomy":"category","embeddable":true,"href":"https:\/\/charleroi-pourlapalestine.be\/index.php\/wp-json\/wp\/v2\/categories?post=9741"},{"taxonomy":"post_tag","embeddable":true,"href":"https:\/\/charleroi-pourlapalestine.be\/index.php\/wp-json\/wp\/v2\/tags?post=9741"}],"curies":[{"name":"wp","href":"https:\/\/api.w.org\/{rel}","templated":true}]}}