{"id":9769,"date":"2020-03-26T11:03:01","date_gmt":"2020-03-26T10:03:01","guid":{"rendered":"https:\/\/charleroi-pourlapalestine.be\/?p=9769"},"modified":"2020-03-28T15:02:11","modified_gmt":"2020-03-28T14:02:11","slug":"les-forces-israeliennes-tuent-un-palestinien-en-cisjordanie","status":"publish","type":"post","link":"https:\/\/charleroi-pourlapalestine.be\/index.php\/2020\/03\/26\/les-forces-israeliennes-tuent-un-palestinien-en-cisjordanie\/","title":{"rendered":"Les forces isra\u00e9liennes tuent un Palestinien en Cisjordanie"},"content":{"rendered":"<p><br>Tamara Nassar, 23 mars 2020<\/p>\n<div id=\"attachment_9782\" style=\"width: 426px\" class=\"wp-caption aligncenter\"><img loading=\"lazy\" decoding=\"async\" aria-describedby=\"caption-attachment-9782\" class=\"wp-image-9782 size-full\" src=\"https:\/\/charleroi-pourlapalestine.be\/wp-content\/uploads\/2020\/03\/Israeli-Fire-678x455-Copy.jpg\" alt=\"Le corps sans vie de Sufian al-Khawaja, le Palestinien abattu par l'arm\u00e9e isra\u00e9lienne\" width=\"416\" height=\"279\"><p id=\"caption-attachment-9782\" class=\"wp-caption-text\">Sufian al-Khawaja (29) tu\u00e9 par l&rsquo;arm\u00e9e isra\u00e9lienne (photo via Twitter)<\/p><\/div>\n<p>Dimanche 22 mars, les forces isra\u00e9liennes ont abattu d&rsquo;une balle dans la t\u00eate un Palestinien \u00e0 l&rsquo;entr\u00e9e du village de<strong> Nilin<\/strong>, en Cisjordanie occup\u00e9e.<\/p>\n<p>M\u00eame au beau milieu d&rsquo;une pand\u00e9mie mondiale sans pr\u00e9c\u00e9dent, les forces isra\u00e9liennes d&rsquo;occupation continuent \u00e0 exercer leur violence contre les Palestiniens.<\/p>\n<p>L&rsquo;arm\u00e9e isra\u00e9lienne a pr\u00e9tendu que <strong>Sufian Khawaja<\/strong> jetait des pierres vers des v\u00e9hicules, au moment o\u00f9 il a \u00e9t\u00e9 abattu.<\/p>\n<p>Des photos de <strong>Khawaja<\/strong> et de sa famille ont \u00e9t\u00e9 publi\u00e9es par des m\u00e9dias palestiniens&nbsp;:<\/p>\n<p><blockquote class=\"twitter-tweet\" data-width=\"500\" data-dnt=\"true\"><p lang=\"ar\" dir=\"rtl\">\u0627\u0644\u0634\u0647\u064a\u0640\u0640\u062f \u0633\u0641\u064a\u0627\u0646 \u0627\u0644\u062e\u0648\u0627\u062c\u0627 \u0627\u0644\u062a\u064a \u0627\u0631\u062a\u0642\u0649 \u0628\u0631\u0635\u0627\u0635 \u0627\u0644\u0627\u062d\u062a\u0644\u0627\u0644 \u0639\u0644\u0649 \u0645\u062f\u062e\u0644 \u0628\u0644\u062f\u0629 \u0646\u0639\u0644\u064a\u0646 \u063a\u0631\u0628 \u0631\u0627\u0645 \u0627\u0644\u0644\u0647 \u0642\u0628\u0644 \u0642\u0644\u064a\u0644.<a href=\"https:\/\/twitter.com\/hashtag\/%D8%B1%D8%A7%D9%85_%D8%A7%D9%84%D9%84%D9%87?src=hash&amp;ref_src=twsrc%5Etfw\">#\u0631\u0627\u0645_\u0627\u0644\u0644\u0647<\/a> <a href=\"https:\/\/twitter.com\/hashtag\/%D9%81%D9%84%D8%B3%D8%B7%D9%8A%D9%86?src=hash&amp;ref_src=twsrc%5Etfw\">#\u0641\u0644\u0633\u0637\u064a\u0646<\/a> <a href=\"https:\/\/t.co\/Q3MmPyv2SF\">pic.twitter.com\/Q3MmPyv2SF<\/a><\/p>&mdash; \u0623\u062e\u0628\u0627\u0631 \u0641\u0644\u0633\u0637\u064a\u0646 (@QudsNN) <a href=\"https:\/\/twitter.com\/QudsNN\/status\/1241851285193797634?ref_src=twsrc%5Etfw\">March 22, 2020<\/a><\/blockquote><script async src=\"https:\/\/platform.twitter.com\/widgets.js\" charset=\"utf-8\"><\/script><\/p>\n<p>Un autre Palestinien, dont on a dit qu&rsquo;il \u00e9tait le cousin de Khawaja, aurait \u00e9t\u00e9 bless\u00e9 lors du m\u00eame incident, mais il s&rsquo;est \u00e9chapp\u00e9.<\/p>\n<p>Un v\u00e9hicule a \u00e9t\u00e9 endommag\u00e9, s&rsquo;il faut en croire <em>The Times of Israel<\/em>, mais aucun Isra\u00e9lien n&rsquo;a \u00e9t\u00e9 mentionn\u00e9 comme bless\u00e9, comme dans bien des cas ant\u00e9rieurs o\u00f9 de pr\u00e9tendus agresseurs palestiniens ont \u00e9t\u00e9 tu\u00e9s.<\/p>\n<p>Il a \u00e9t\u00e9 dit que les forces isra\u00e9liennes avaient emp\u00each\u00e9 une ambulance de rejoindre Khawaja afin de le soigner.<\/p>\n<p>Les forces d&rsquo;occupation ont l&rsquo;habitude de refuser les premiers soins aux Palestiniens qu&rsquo;elles abattent et pr\u00e9f\u00e8rent voir ces derniers se vider de leur sang jusqu&rsquo;\u00e0 ce que mort s&rsquo;ensuive.<\/p>\n<p>Le ministre des Affaires \u00e9trang\u00e8res de l&rsquo;Autorit\u00e9 palestinienne a condamn\u00e9 le meurtre de Khawaja, disant qu&rsquo;Isra\u00ebl avait transform\u00e9 ses soldats en <em>\u00ab&nbsp;machines \u00e0 tuer mobiles&nbsp;\u00bb<\/em>, et les civils palestiniens sans d\u00e9fense en <em>\u00ab&nbsp;cibles de tir et d&rsquo;entra\u00eenement&nbsp;\u00bb<\/em>.<\/p>\n<p>Le ministre a ajout\u00e9 qu&rsquo;il allait soumettre le meurtre de Khawaja et d&rsquo;autres crimes encore \u00e0 la <strong>Cour p\u00e9nale internationale<\/strong> et au <strong>Conseil des droits de l&rsquo;homme des Nations unies.<\/strong><\/p>\n<p><em>\u00ab&nbsp;L&rsquo;horreur de ce crime ressort au milieu de la pand\u00e9mie du coronavirus&nbsp;\u00bb<\/em>, a d\u00e9clar\u00e9 le ministre.<\/p>\n<p>En d\u00e9pit de telles condamnations, l&rsquo;<strong>Autorit\u00e9 palestinienne<\/strong> n&rsquo;a jamais manqu\u00e9, depuis sa fondation au d\u00e9but des ann\u00e9es 1990, de tout mettre en \u0153uvre pour maintenir une collaboration \u00e9troite avec l&rsquo;occupation isra\u00e9lienne, dans le cadre d&rsquo;une <em>\u00ab&nbsp;coordination s\u00e9curitaire&nbsp;\u00bb.<\/em><\/p>\n<p>Les deux principales factions politiques palestiniennes \u2013 le <strong>Fatah<\/strong>, qui domine l&rsquo;Autorit\u00e9 palestinienne, et le <strong>Hamas,<\/strong> l&rsquo;organisation de r\u00e9sistance au pouvoir dans la bande de Gaza et \u00e9tat de si\u00e8ge \u2013 ont condamn\u00e9 ce meurtre.<\/p>\n<p>Depuis, Isra\u00ebl retient le corps de <strong>Khawaja.<\/strong><\/p>\n<p>Isra\u00ebl a d&rsquo;ailleurs l&rsquo;habitude de retenir les d\u00e9pouilles des Palestiniens tu\u00e9s par les forces d&rsquo;occupation afin de s&rsquo;en servir comme d&rsquo;une monnaie d&rsquo;\u00e9change lors de futures n\u00e9gociations et comme punition collective.<\/p>\n<p>Dans le m\u00eame temps, ce lundi, \u00e0 proximit\u00e9 de la ville de <strong>Silat al-Dahr<\/strong>, dans le nord de la Cisjordanie, des colons isra\u00e9liens ont attaqu\u00e9 un v\u00e9hicule palestinien \u00e0 l&rsquo;aide de pierres, pulv\u00e9risant toutes ses vitres.<\/p>\n<p>Les colons b\u00e9n\u00e9ficient d&rsquo;une impunit\u00e9 quasi totale, dans leurs violences \u00e0 l&rsquo;encontre des Palestiniens et de leurs biens et propri\u00e9t\u00e9s.<\/p>\n<h3>Raids et arrestations<\/h3>\n<p>En attendant, Isra\u00ebl multiplie ses incursions dans le quartier d&rsquo;<a href=\"https:\/\/charleroi-pourlapalestine.be\/index.php\/2020\/03\/23\/pas-de-pause-dans-la-violence-policiere-a-al-esawiyah\/\"><strong>Issawiyeh<\/strong><\/a>, \u00e0 <strong>J\u00e9rusalem-Est<\/strong> <strong>occup\u00e9e<\/strong>, et ce, en d\u00e9pit de l&rsquo;actuelle crise mondiale de la sant\u00e9.<\/p>\n<p>L&rsquo;\u00e9t\u00e9 dernier, Isra\u00ebl a intensifi\u00e9 ses agressions contre les r\u00e9sidents d&rsquo;Issawiyeh, en effectuant des raids, en proc\u00e9dant \u00e0 des arrestations arbitraires, \u00e0 des d\u00e9molitions et \u00e0 de multiples formes de harc\u00e8lement des r\u00e9sidents du quartier.<\/p>\n<p>La police des fronti\u00e8res et les soldats de l&rsquo;arm\u00e9e font habituellement des raids pour arr\u00eater des enfants, les interroger ensuite dans la pr\u00e9sence de leurs proches ou de leurs avocats&nbsp;:<\/p>\n<p>https:\/\/twitter.com\/ShehabAgency\/status\/1242095254120980485?ref_src=twsrc%5Etfw%7Ctwcamp%5Etweetembed%7Ctwterm%5E1242095254120980485&#038;ref_url=https%3A%2F%2Felectronicintifada.net%2Fblogs%2Ftamara-nassar%2Fisraeli-forces-shoot-dead-palestinian-west-bank<\/p>\n<p>Il faut dire que les violences de la part de la police isra\u00e9lienne <em>\u00ab constituent une carct\u00e9ristique permanente de la vie dans le quartier \u00bb<\/em>, affirme l&rsquo;organisation isra\u00e9lienne des droits de l&rsquo;homme, <strong>B&rsquo;Tselem<\/strong>.<\/p>\n<p>Les raids r\u00e9cents repr\u00e9sentent un danger particulier pour la sant\u00e9 publique, au vu de la pand\u00e9mie de coronavirus qui r\u00e8gne.<\/p>\n<blockquote>\n<p>\u00ab&nbsp;En ces temps tr\u00e8s sensibles, une telle conduite expose les r\u00e9sidents \u00e0 des risques de sant\u00e9 consid\u00e9rables, totalement superflus, puisqu&rsquo;elle encourage les rassemblements et qu&rsquo;elle force les r\u00e9sidents arr\u00eat\u00e9s, dont de nombreux mineurs d&rsquo;\u00e2ge, \u00e0 sortir de chez eux et \u00e0 c\u00f4toyers des \u00e9trangers&nbsp;\u00bb&rsquo;,<\/p>\n<\/blockquote>\n<p>a ajout\u00e9 B&rsquo;Tselem.<\/p>\n<h3>Les d\u00e9molitions<\/h3>\n<p>Alors que le gouvernement isra\u00e9lien prend de nouvelles mesures afin de tenter d&rsquo;endiguer l&rsquo;\u00e9pid\u00e9mie de coronavirus, il a toujours l&rsquo;intention pendant ce temps d&rsquo;opprimer les Palestiniens et de recourir aux moyens d&rsquo;y parvenir.<\/p>\n<p><blockquote class=\"twitter-tweet\" data-width=\"500\" data-dnt=\"true\"><p lang=\"en\" dir=\"ltr\">In the fight against <a href=\"https:\/\/twitter.com\/hashtag\/coronavirus?src=hash&amp;ref_src=twsrc%5Etfw\">#coronavirus<\/a>, <a href=\"https:\/\/twitter.com\/Israel?ref_src=twsrc%5Etfw\">@Israel<\/a> is shutting down all but essential services. But it still finds time to&#8230; <a href=\"https:\/\/t.co\/uAkfmEjE8u\">pic.twitter.com\/uAkfmEjE8u<\/a><\/p>&mdash; Adalah (@AdalahEnglish) <a href=\"https:\/\/twitter.com\/AdalahEnglish\/status\/1240584041939775489?ref_src=twsrc%5Etfw\">March 19, 2020<\/a><\/blockquote><script async src=\"https:\/\/platform.twitter.com\/widgets.js\" charset=\"utf-8\"><\/script><\/p>\n<p>https:\/\/twitter.com\/sharona_weiss\/status\/1240369021545074691?ref_src=twsrc%5Etfw%7Ctwcamp%5Etweetembed%7Ctwterm%5E1240369021545074691&#038;ref_url=https%3A%2F%2Felectronicintifada.net%2Fblogs%2Ftamara-nassar%2Fisraeli-forces-shoot-dead-palestinian-west-bank<\/p>\n<p>Jeudi dernier, les forces isra\u00e9liennes d&rsquo;occupation ont d\u00e9moli une vieille structure en pierre ainsi qu&rsquo;une grange \u00e0 <strong>al-Sawahreh<\/strong>, dans le sud-ouest de <strong>J\u00e9rusalem occup\u00e9e.<\/strong><\/p>\n<p>Cette structure, d\u00e9molie sans avertissement pr\u00e9alable sous le pr\u00e9texte d&rsquo;effectuer des travaux de restauration, appartenait, para\u00eet-il, \u00e0 la famille du Palestinien <strong>Salim Zahaykeh<\/strong>.<\/p>\n<p>Les m\u00e9dias locaux ont fait circuler des photos montrant les forces isra\u00e9liennes d&rsquo;occupation en train de proc\u00e9der \u00e0 la d\u00e9molition.<\/p>\n<p>Dans l&rsquo;intervalle, la semaine derni\u00e8re, des douzaines d&rsquo;Isra\u00e9liens ont fait irruption sur le site de la <strong>mosqu\u00e9e al-Aqsa<\/strong>, dans la <strong>Vieille Ville de J\u00e9rusalem.<\/strong> Parmi eux, le d\u00e9put\u00e9 du<strong> Likoud, Yehuda Glick<\/strong>.<\/p>\n<p><strong>Glick<\/strong> est une figure en vue du mouvement extr\u00e9miste juif. Il est soutenu par d&rsquo;importants dirigeants isra\u00e9liens dans son intention de d\u00e9truire la mosqu\u00e9e d&rsquo;al-Aqsa et de la remplacer par un temple juif.<\/p>\n<p>Le <strong>Waqf<\/strong> (Fonds islamique) \u2013 l&rsquo;organe responsable des sites sacr\u00e9s musulmans \u00e0 J\u00e9rusalem \u2013 a invit\u00e9 ses fid\u00e8les \u00e0 adh\u00e9rer aux mesures pr\u00e9ventives contre le coronavirus, mais n&rsquo;a pas suspendu les pri\u00e8res avant que le Premier ministre de l&rsquo;Autorit\u00e9 palestinienne, Mohammad Shtayyeh, n&rsquo;ait annonc\u00e9 la confinement en Cisjordanie occup\u00e9e, dont J\u00e9rusalem-Est).<\/p>\n<p>https:\/\/twitter.com\/ShehabAgency\/status\/1242023252844838927?ref_src=twsrc%5Etfw%7Ctwcamp%5Etweetembed%7Ctwterm%5E1242023252844838927&#038;ref_url=https%3A%2F%2Felectronicintifada.net%2Fblogs%2Ftamara-nassar%2Fisraeli-forces-shoot-dead-palestinian-west-bank<\/p>\n<h3><br>Gaza \u00ab limite-limite \u00bb<\/h3>\n<p>Samedi, dans la bande de Gaza, deux personnes se sont r\u00e9v\u00e9l\u00e9es positives au Covid-19, la maladie caus\u00e9e par le nouveau coronavirus.<\/p>\n<p>C&rsquo;\u00e9taient les premiers cas confirm\u00e9s \u00e0 Gaza.<\/p>\n<p>Alors que ces deux personnes \u00e9taient d\u00e9j\u00e0 en quarantaine lors de leur diagnostic, 29 autres personnes avec lesquelles elles \u00e9taient entr\u00e9es en contact ont \u00e9t\u00e9 plac\u00e9es elles aussi en quarantaine obligatoire.<\/p>\n<p>Les craintes d&rsquo;une \u00e9pid\u00e9mie p\u00e8sent lourdement sur les deux millions de r\u00e9sidents de l&rsquo;enclave qui, soit dit en passant, est l&rsquo;une des zones les plus dens\u00e9ment peupl\u00e9es de la plan\u00e8te (*).<\/p>\n<p>Ceci vient s&rsquo;ajouter aux conditions invivables que l&rsquo;ONU avait d\u00e9j\u00e0 annonc\u00e9es en 2015, disant que Gaza serait inhabitable en 2020&nbsp;!<\/p>\n<p>Les infrastructures de l&rsquo;\u00e9conomie et de la sant\u00e9 \u00e0 Gaza ont \u00e9t\u00e9 pouss\u00e9es au bord de l&rsquo;effondrement par trois offensives militaires isra\u00e9liennes majeures d\u00e8s 2008, accompagn\u00e9es de 13 ann\u00e9es de blocus \u00e9conomique.<\/p>\n<p>Actuellement, il n&rsquo;y a que 70 lits d&rsquo;h\u00f4pitaux en soins intensifs, \u00e0 Gaza, et, selon un expert de l&rsquo;ONU, les livraisons de m\u00e9dicaments de premi\u00e8re n\u00e9cessit\u00e9 restent d\u00e9sesp\u00e9r\u00e9ment et <em>\u00ab&nbsp;chroniquement \u00e0 des niveaux tr\u00e8s bas&nbsp;\u00bb.<\/em><\/p>\n<hr>\n<p>Publi\u00e9 le 23 mars 2020 sur <a href=\"https:\/\/electronicintifada.net\/blogs\/tamara-nassar\/israeli-forces-shoot-dead-palestinian-west-bank\" target=\"_blank\" rel=\"noopener noreferrer\">The Electronic Intifada<\/a><br>Traduction : Jean-Marie Fl\u00e9mal<\/p>\n<p>(*) 2 millions d&rsquo;habitants sur 365 km2, soit environ 5500 habitants au km2, alors que le territoire ne consiste pas qu&rsquo;en une conurbation, mais comporte \u00e9galement des terres de culture, des plages et des zones obligatoirement d\u00e9sertes, comme le no man&rsquo;s land le long de la fronti\u00e8re avec Isra\u00ebl \u2013 NdT<\/p>\n\n\n<p><\/p>\n","protected":false},"excerpt":{"rendered":"<p>Meurtre d&rsquo;un Palestinien \u00e0 Nil&rsquo;in : m\u00eame en p\u00e9riode de pand\u00e9mie, les forces isra\u00e9liennes continuent \u00e0 exercer leur violence contre les Palestiniens.<\/p>\n","protected":false},"author":1,"featured_media":0,"comment_status":"closed","ping_status":"closed","sticky":false,"template":"","format":"standard","meta":{"ngg_post_thumbnail":0,"footnotes":""},"categories":[24,7,177,412,6,8,140,362],"tags":[],"class_list":["post-9769","post","type-post","status-publish","format-standard","hentry","category-lautorite-palestinienne","category-cisjordanie","category-collaboration","category-coronavirus","category-gaza","category-jerusalem","category-letat-colonial","category-repression-lautorite-palestinienne"],"yoast_head":"<!-- This site is optimized with the Yoast SEO plugin v27.3 - https:\/\/yoast.com\/product\/yoast-seo-wordpress\/ -->\n<title>Les forces isra\u00e9liennes tuent un Palestinien en Cisjordanie<\/title>\n<meta name=\"description\" content=\"Meurtre d&#039;un Palestinien \u00e0 Nil&#039;in : m\u00eame en p\u00e9riode de pand\u00e9mie, les forces isra\u00e9liennes continuent \u00e0 exercer leur violence contre les Palestiniens.\" \/>\n<meta name=\"robots\" content=\"index, follow, max-snippet:-1, max-image-preview:large, max-video-preview:-1\" \/>\n<link rel=\"canonical\" href=\"https:\/\/charleroi-pourlapalestine.be\/index.php\/2020\/03\/26\/les-forces-israeliennes-tuent-un-palestinien-en-cisjordanie\/\" \/>\n<script type=\"application\/ld+json\" class=\"yoast-schema-graph\">{\"@context\":\"https:\\\/\\\/schema.org\",\"@graph\":[{\"@type\":\"Article\",\"@id\":\"https:\\\/\\\/charleroi-pourlapalestine.be\\\/index.php\\\/2020\\\/03\\\/26\\\/les-forces-israeliennes-tuent-un-palestinien-en-cisjordanie\\\/#article\",\"isPartOf\":{\"@id\":\"https:\\\/\\\/charleroi-pourlapalestine.be\\\/index.php\\\/2020\\\/03\\\/26\\\/les-forces-israeliennes-tuent-un-palestinien-en-cisjordanie\\\/\"},\"author\":{\"name\":\"admin1873\",\"@id\":\"https:\\\/\\\/charleroi-pourlapalestine.be\\\/#\\\/schema\\\/person\\\/c19ff515112f1299d8c12671d8fe3faa\"},\"headline\":\"Les forces isra\u00e9liennes tuent un Palestinien en Cisjordanie\",\"datePublished\":\"2020-03-26T10:03:01+00:00\",\"dateModified\":\"2020-03-28T14:02:11+00:00\",\"mainEntityOfPage\":{\"@id\":\"https:\\\/\\\/charleroi-pourlapalestine.be\\\/index.php\\\/2020\\\/03\\\/26\\\/les-forces-israeliennes-tuent-un-palestinien-en-cisjordanie\\\/\"},\"wordCount\":1433,\"publisher\":{\"@id\":\"https:\\\/\\\/charleroi-pourlapalestine.be\\\/#organization\"},\"image\":{\"@id\":\"https:\\\/\\\/charleroi-pourlapalestine.be\\\/index.php\\\/2020\\\/03\\\/26\\\/les-forces-israeliennes-tuent-un-palestinien-en-cisjordanie\\\/#primaryimage\"},\"thumbnailUrl\":\"https:\\\/\\\/charleroi-pourlapalestine.be\\\/wp-content\\\/uploads\\\/2020\\\/03\\\/Israeli-Fire-678x455-Copy.jpg\",\"articleSection\":[\"Autorit\u00e9 palestinienne\",\"Cisjordanie\",\"Collaboration\",\"Coronavirus\",\"Gaza\",\"J\u00e9rusalem\",\"L'Etat colonial\",\"R\u00e9pression\"],\"inLanguage\":\"fr-FR\"},{\"@type\":\"WebPage\",\"@id\":\"https:\\\/\\\/charleroi-pourlapalestine.be\\\/index.php\\\/2020\\\/03\\\/26\\\/les-forces-israeliennes-tuent-un-palestinien-en-cisjordanie\\\/\",\"url\":\"https:\\\/\\\/charleroi-pourlapalestine.be\\\/index.php\\\/2020\\\/03\\\/26\\\/les-forces-israeliennes-tuent-un-palestinien-en-cisjordanie\\\/\",\"name\":\"Les forces isra\u00e9liennes tuent un Palestinien en Cisjordanie\",\"isPartOf\":{\"@id\":\"https:\\\/\\\/charleroi-pourlapalestine.be\\\/#website\"},\"primaryImageOfPage\":{\"@id\":\"https:\\\/\\\/charleroi-pourlapalestine.be\\\/index.php\\\/2020\\\/03\\\/26\\\/les-forces-israeliennes-tuent-un-palestinien-en-cisjordanie\\\/#primaryimage\"},\"image\":{\"@id\":\"https:\\\/\\\/charleroi-pourlapalestine.be\\\/index.php\\\/2020\\\/03\\\/26\\\/les-forces-israeliennes-tuent-un-palestinien-en-cisjordanie\\\/#primaryimage\"},\"thumbnailUrl\":\"https:\\\/\\\/charleroi-pourlapalestine.be\\\/wp-content\\\/uploads\\\/2020\\\/03\\\/Israeli-Fire-678x455-Copy.jpg\",\"datePublished\":\"2020-03-26T10:03:01+00:00\",\"dateModified\":\"2020-03-28T14:02:11+00:00\",\"description\":\"Meurtre d'un Palestinien \u00e0 Nil'in : m\u00eame en p\u00e9riode de pand\u00e9mie, les forces isra\u00e9liennes continuent \u00e0 exercer leur violence contre les Palestiniens.\",\"breadcrumb\":{\"@id\":\"https:\\\/\\\/charleroi-pourlapalestine.be\\\/index.php\\\/2020\\\/03\\\/26\\\/les-forces-israeliennes-tuent-un-palestinien-en-cisjordanie\\\/#breadcrumb\"},\"inLanguage\":\"fr-FR\",\"potentialAction\":[{\"@type\":\"ReadAction\",\"target\":[\"https:\\\/\\\/charleroi-pourlapalestine.be\\\/index.php\\\/2020\\\/03\\\/26\\\/les-forces-israeliennes-tuent-un-palestinien-en-cisjordanie\\\/\"]}]},{\"@type\":\"ImageObject\",\"inLanguage\":\"fr-FR\",\"@id\":\"https:\\\/\\\/charleroi-pourlapalestine.be\\\/index.php\\\/2020\\\/03\\\/26\\\/les-forces-israeliennes-tuent-un-palestinien-en-cisjordanie\\\/#primaryimage\",\"url\":\"\",\"contentUrl\":\"\"},{\"@type\":\"BreadcrumbList\",\"@id\":\"https:\\\/\\\/charleroi-pourlapalestine.be\\\/index.php\\\/2020\\\/03\\\/26\\\/les-forces-israeliennes-tuent-un-palestinien-en-cisjordanie\\\/#breadcrumb\",\"itemListElement\":[{\"@type\":\"ListItem\",\"position\":1,\"name\":\"Accueil\",\"item\":\"https:\\\/\\\/charleroi-pourlapalestine.be\\\/\"},{\"@type\":\"ListItem\",\"position\":2,\"name\":\"Les forces isra\u00e9liennes tuent un Palestinien en Cisjordanie\"}]},{\"@type\":\"WebSite\",\"@id\":\"https:\\\/\\\/charleroi-pourlapalestine.be\\\/#website\",\"url\":\"https:\\\/\\\/charleroi-pourlapalestine.be\\\/\",\"name\":\"Charleroi Pour la Palestine\",\"description\":\"\",\"publisher\":{\"@id\":\"https:\\\/\\\/charleroi-pourlapalestine.be\\\/#organization\"},\"potentialAction\":[{\"@type\":\"SearchAction\",\"target\":{\"@type\":\"EntryPoint\",\"urlTemplate\":\"https:\\\/\\\/charleroi-pourlapalestine.be\\\/?s={search_term_string}\"},\"query-input\":{\"@type\":\"PropertyValueSpecification\",\"valueRequired\":true,\"valueName\":\"search_term_string\"}}],\"inLanguage\":\"fr-FR\"},{\"@type\":\"Organization\",\"@id\":\"https:\\\/\\\/charleroi-pourlapalestine.be\\\/#organization\",\"name\":\"Plate-forme Charleroi-Palestine\",\"url\":\"https:\\\/\\\/charleroi-pourlapalestine.be\\\/\",\"logo\":{\"@type\":\"ImageObject\",\"inLanguage\":\"fr-FR\",\"@id\":\"https:\\\/\\\/charleroi-pourlapalestine.be\\\/#\\\/schema\\\/logo\\\/image\\\/\",\"url\":\"https:\\\/\\\/charleroi-pourlapalestine.be\\\/wp-content\\\/uploads\\\/2020\\\/01\\\/logo-Copy.jpg\",\"contentUrl\":\"https:\\\/\\\/charleroi-pourlapalestine.be\\\/wp-content\\\/uploads\\\/2020\\\/01\\\/logo-Copy.jpg\",\"width\":180,\"height\":180,\"caption\":\"Plate-forme Charleroi-Palestine\"},\"image\":{\"@id\":\"https:\\\/\\\/charleroi-pourlapalestine.be\\\/#\\\/schema\\\/logo\\\/image\\\/\"},\"sameAs\":[\"https:\\\/\\\/www.facebook.com\\\/PlateformeCharleroiPalestine\\\/\",\"https:\\\/\\\/x.com\\\/LaCharleroi\"]},{\"@type\":\"Person\",\"@id\":\"https:\\\/\\\/charleroi-pourlapalestine.be\\\/#\\\/schema\\\/person\\\/c19ff515112f1299d8c12671d8fe3faa\",\"name\":\"admin1873\",\"url\":\"https:\\\/\\\/charleroi-pourlapalestine.be\\\/index.php\\\/author\\\/admin1873\\\/\"}]}<\/script>\n<!-- \/ Yoast SEO plugin. -->","yoast_head_json":{"title":"Les forces isra\u00e9liennes tuent un Palestinien en Cisjordanie","description":"Meurtre d'un Palestinien \u00e0 Nil'in : m\u00eame en p\u00e9riode de pand\u00e9mie, les forces isra\u00e9liennes continuent \u00e0 exercer leur violence contre les Palestiniens.","robots":{"index":"index","follow":"follow","max-snippet":"max-snippet:-1","max-image-preview":"max-image-preview:large","max-video-preview":"max-video-preview:-1"},"canonical":"https:\/\/charleroi-pourlapalestine.be\/index.php\/2020\/03\/26\/les-forces-israeliennes-tuent-un-palestinien-en-cisjordanie\/","schema":{"@context":"https:\/\/schema.org","@graph":[{"@type":"Article","@id":"https:\/\/charleroi-pourlapalestine.be\/index.php\/2020\/03\/26\/les-forces-israeliennes-tuent-un-palestinien-en-cisjordanie\/#article","isPartOf":{"@id":"https:\/\/charleroi-pourlapalestine.be\/index.php\/2020\/03\/26\/les-forces-israeliennes-tuent-un-palestinien-en-cisjordanie\/"},"author":{"name":"admin1873","@id":"https:\/\/charleroi-pourlapalestine.be\/#\/schema\/person\/c19ff515112f1299d8c12671d8fe3faa"},"headline":"Les forces isra\u00e9liennes tuent un Palestinien en Cisjordanie","datePublished":"2020-03-26T10:03:01+00:00","dateModified":"2020-03-28T14:02:11+00:00","mainEntityOfPage":{"@id":"https:\/\/charleroi-pourlapalestine.be\/index.php\/2020\/03\/26\/les-forces-israeliennes-tuent-un-palestinien-en-cisjordanie\/"},"wordCount":1433,"publisher":{"@id":"https:\/\/charleroi-pourlapalestine.be\/#organization"},"image":{"@id":"https:\/\/charleroi-pourlapalestine.be\/index.php\/2020\/03\/26\/les-forces-israeliennes-tuent-un-palestinien-en-cisjordanie\/#primaryimage"},"thumbnailUrl":"https:\/\/charleroi-pourlapalestine.be\/wp-content\/uploads\/2020\/03\/Israeli-Fire-678x455-Copy.jpg","articleSection":["Autorit\u00e9 palestinienne","Cisjordanie","Collaboration","Coronavirus","Gaza","J\u00e9rusalem","L'Etat colonial","R\u00e9pression"],"inLanguage":"fr-FR"},{"@type":"WebPage","@id":"https:\/\/charleroi-pourlapalestine.be\/index.php\/2020\/03\/26\/les-forces-israeliennes-tuent-un-palestinien-en-cisjordanie\/","url":"https:\/\/charleroi-pourlapalestine.be\/index.php\/2020\/03\/26\/les-forces-israeliennes-tuent-un-palestinien-en-cisjordanie\/","name":"Les forces isra\u00e9liennes tuent un Palestinien en Cisjordanie","isPartOf":{"@id":"https:\/\/charleroi-pourlapalestine.be\/#website"},"primaryImageOfPage":{"@id":"https:\/\/charleroi-pourlapalestine.be\/index.php\/2020\/03\/26\/les-forces-israeliennes-tuent-un-palestinien-en-cisjordanie\/#primaryimage"},"image":{"@id":"https:\/\/charleroi-pourlapalestine.be\/index.php\/2020\/03\/26\/les-forces-israeliennes-tuent-un-palestinien-en-cisjordanie\/#primaryimage"},"thumbnailUrl":"https:\/\/charleroi-pourlapalestine.be\/wp-content\/uploads\/2020\/03\/Israeli-Fire-678x455-Copy.jpg","datePublished":"2020-03-26T10:03:01+00:00","dateModified":"2020-03-28T14:02:11+00:00","description":"Meurtre d'un Palestinien \u00e0 Nil'in : m\u00eame en p\u00e9riode de pand\u00e9mie, les forces isra\u00e9liennes continuent \u00e0 exercer leur violence contre les Palestiniens.","breadcrumb":{"@id":"https:\/\/charleroi-pourlapalestine.be\/index.php\/2020\/03\/26\/les-forces-israeliennes-tuent-un-palestinien-en-cisjordanie\/#breadcrumb"},"inLanguage":"fr-FR","potentialAction":[{"@type":"ReadAction","target":["https:\/\/charleroi-pourlapalestine.be\/index.php\/2020\/03\/26\/les-forces-israeliennes-tuent-un-palestinien-en-cisjordanie\/"]}]},{"@type":"ImageObject","inLanguage":"fr-FR","@id":"https:\/\/charleroi-pourlapalestine.be\/index.php\/2020\/03\/26\/les-forces-israeliennes-tuent-un-palestinien-en-cisjordanie\/#primaryimage","url":"","contentUrl":""},{"@type":"BreadcrumbList","@id":"https:\/\/charleroi-pourlapalestine.be\/index.php\/2020\/03\/26\/les-forces-israeliennes-tuent-un-palestinien-en-cisjordanie\/#breadcrumb","itemListElement":[{"@type":"ListItem","position":1,"name":"Accueil","item":"https:\/\/charleroi-pourlapalestine.be\/"},{"@type":"ListItem","position":2,"name":"Les forces isra\u00e9liennes tuent un Palestinien en Cisjordanie"}]},{"@type":"WebSite","@id":"https:\/\/charleroi-pourlapalestine.be\/#website","url":"https:\/\/charleroi-pourlapalestine.be\/","name":"Charleroi Pour la Palestine","description":"","publisher":{"@id":"https:\/\/charleroi-pourlapalestine.be\/#organization"},"potentialAction":[{"@type":"SearchAction","target":{"@type":"EntryPoint","urlTemplate":"https:\/\/charleroi-pourlapalestine.be\/?s={search_term_string}"},"query-input":{"@type":"PropertyValueSpecification","valueRequired":true,"valueName":"search_term_string"}}],"inLanguage":"fr-FR"},{"@type":"Organization","@id":"https:\/\/charleroi-pourlapalestine.be\/#organization","name":"Plate-forme Charleroi-Palestine","url":"https:\/\/charleroi-pourlapalestine.be\/","logo":{"@type":"ImageObject","inLanguage":"fr-FR","@id":"https:\/\/charleroi-pourlapalestine.be\/#\/schema\/logo\/image\/","url":"https:\/\/charleroi-pourlapalestine.be\/wp-content\/uploads\/2020\/01\/logo-Copy.jpg","contentUrl":"https:\/\/charleroi-pourlapalestine.be\/wp-content\/uploads\/2020\/01\/logo-Copy.jpg","width":180,"height":180,"caption":"Plate-forme Charleroi-Palestine"},"image":{"@id":"https:\/\/charleroi-pourlapalestine.be\/#\/schema\/logo\/image\/"},"sameAs":["https:\/\/www.facebook.com\/PlateformeCharleroiPalestine\/","https:\/\/x.com\/LaCharleroi"]},{"@type":"Person","@id":"https:\/\/charleroi-pourlapalestine.be\/#\/schema\/person\/c19ff515112f1299d8c12671d8fe3faa","name":"admin1873","url":"https:\/\/charleroi-pourlapalestine.be\/index.php\/author\/admin1873\/"}]}},"_links":{"self":[{"href":"https:\/\/charleroi-pourlapalestine.be\/index.php\/wp-json\/wp\/v2\/posts\/9769","targetHints":{"allow":["GET"]}}],"collection":[{"href":"https:\/\/charleroi-pourlapalestine.be\/index.php\/wp-json\/wp\/v2\/posts"}],"about":[{"href":"https:\/\/charleroi-pourlapalestine.be\/index.php\/wp-json\/wp\/v2\/types\/post"}],"author":[{"embeddable":true,"href":"https:\/\/charleroi-pourlapalestine.be\/index.php\/wp-json\/wp\/v2\/users\/1"}],"replies":[{"embeddable":true,"href":"https:\/\/charleroi-pourlapalestine.be\/index.php\/wp-json\/wp\/v2\/comments?post=9769"}],"version-history":[{"count":0,"href":"https:\/\/charleroi-pourlapalestine.be\/index.php\/wp-json\/wp\/v2\/posts\/9769\/revisions"}],"wp:attachment":[{"href":"https:\/\/charleroi-pourlapalestine.be\/index.php\/wp-json\/wp\/v2\/media?parent=9769"}],"wp:term":[{"taxonomy":"category","embeddable":true,"href":"https:\/\/charleroi-pourlapalestine.be\/index.php\/wp-json\/wp\/v2\/categories?post=9769"},{"taxonomy":"post_tag","embeddable":true,"href":"https:\/\/charleroi-pourlapalestine.be\/index.php\/wp-json\/wp\/v2\/tags?post=9769"}],"curies":[{"name":"wp","href":"https:\/\/api.w.org\/{rel}","templated":true}]}}